{"id":851,"date":"2022-03-23T16:58:52","date_gmt":"2022-03-23T15:58:52","guid":{"rendered":"http:\/\/szekacske.hu\/new\/?p=851"},"modified":"2022-03-26T10:40:00","modified_gmt":"2022-03-26T09:40:00","slug":"leany-u10-csapataink-tul-vannak-a-masodik-fordulon","status":"publish","type":"post","link":"https:\/\/szekacske.hu\/new\/2022\/03\/23\/leany-u10-csapataink-tul-vannak-a-masodik-fordulon\/","title":{"rendered":"Le\u00e1ny U10 &#8211; Csapataink t\u00fal vannak a m\u00e1sodik fordul\u00f3n"},"content":{"rendered":"<p><strong>A kisiskol\u00e1s bajnoks\u00e1gban k\u00e9t U10-es l\u00e1ny csapatunk k\u00e9pviseli egyes\u00fclet\u00fcnket. Az els\u0151 fordul\u00f3t 2022.02.26-\u00e1n Tiszaf\u00f6ldv\u00e1ron, a m\u00e1sodikat 2022.03.19-\u00e9n Kunhegyesen rendezt\u00e9k.<\/strong><\/p>\n<p><img loading=\"lazy\" decoding=\"async\" class=\"alignnone wp-image-857 size-full\" src=\"http:\/\/szekacske.hu\/new\/wp-content\/uploads\/2022\/03\/u10lany-gt.jpg\" alt=\"\" width=\"2048\" height=\"1352\" srcset=\"https:\/\/szekacske.hu\/new\/wp-content\/uploads\/2022\/03\/u10lany-gt.jpg 2048w, https:\/\/szekacske.hu\/new\/wp-content\/uploads\/2022\/03\/u10lany-gt-300x198.jpg 300w, https:\/\/szekacske.hu\/new\/wp-content\/uploads\/2022\/03\/u10lany-gt-1024x676.jpg 1024w, https:\/\/szekacske.hu\/new\/wp-content\/uploads\/2022\/03\/u10lany-gt-768x507.jpg 768w, https:\/\/szekacske.hu\/new\/wp-content\/uploads\/2022\/03\/u10lany-gt-1536x1014.jpg 1536w, https:\/\/szekacske.hu\/new\/wp-content\/uploads\/2022\/03\/u10lany-gt-128x85.jpg 128w, https:\/\/szekacske.hu\/new\/wp-content\/uploads\/2022\/03\/u10lany-gt-32x21.jpg 32w\" sizes=\"auto, (max-width: 2048px) 100vw, 2048px\" \/><\/p>\n<blockquote><p>G\u00f6bly\u00f6s Tibor edz\u0151: El\u00e9gedett vagyok a l\u00e1nyok k\u00e9t fordul\u00f3 ut\u00e1ni teljes\u00edtm\u00e9ny\u00e9vel. A bajnoks\u00e1gban a f\u0151 c\u00e9lunk a rutinszerz\u00e9s, mivel a csapat nagy r\u00e9sze az U9-es koroszt\u00e1lyban is j\u00e1tszik m\u00e9g. Az els\u0151 fordul\u00f3ban a l\u00e1nyok idegesen kezdtek, de ahogy j\u00e1tszuk a m\u00e9rk\u0151z\u00e9seket egyre jobban old\u00f3dnak \u00e9s egyre jobban teljes\u00edtenek. A v\u00e9dekez\u00e9sben sokat fejl\u0151dt\u00fcnk, a t\u00e1mad\u00e1sok \u00e9p\u00edt\u00e9s\u00e9ben m\u00e9g van egy kis hi\u00e1ny\u00e9rzetem, de dolgozunk rajta, hogy m\u00e9g hat\u00e9konyabb legyen. K\u00f6sz\u00f6n\u00f6m a sz\u00fcl\u0151k szurkol\u00e1s\u00e1t, b\u00edztat\u00e1s\u00e1t, ami nagyon sokat jelent a gyerekeknek.<\/p><\/blockquote>\n<p><img loading=\"lazy\" decoding=\"async\" class=\"alignnone wp-image-853 size-full\" src=\"http:\/\/szekacske.hu\/new\/wp-content\/uploads\/2022\/03\/Leany-U10-2-scaled.jpeg\" alt=\"\" width=\"2560\" height=\"1916\" srcset=\"https:\/\/szekacske.hu\/new\/wp-content\/uploads\/2022\/03\/Leany-U10-2-scaled.jpeg 2560w, https:\/\/szekacske.hu\/new\/wp-content\/uploads\/2022\/03\/Leany-U10-2-300x224.jpeg 300w, https:\/\/szekacske.hu\/new\/wp-content\/uploads\/2022\/03\/Leany-U10-2-1024x766.jpeg 1024w, https:\/\/szekacske.hu\/new\/wp-content\/uploads\/2022\/03\/Leany-U10-2-768x575.jpeg 768w, https:\/\/szekacske.hu\/new\/wp-content\/uploads\/2022\/03\/Leany-U10-2-1536x1149.jpeg 1536w, https:\/\/szekacske.hu\/new\/wp-content\/uploads\/2022\/03\/Leany-U10-2-2048x1532.jpeg 2048w, https:\/\/szekacske.hu\/new\/wp-content\/uploads\/2022\/03\/Leany-U10-2-128x96.jpeg 128w, https:\/\/szekacske.hu\/new\/wp-content\/uploads\/2022\/03\/Leany-U10-2-32x24.jpeg 32w\" sizes=\"auto, (max-width: 2560px) 100vw, 2560px\" \/><\/p>\n<blockquote><p>Kat\u00f3 Fruzsina \u00e9s Guba Attila edz\u0151k: Csapatunk k\u00e9t helysz\u00ednen edz, Kunhegyesen \u00e9s T\u00f6r\u00f6kszentmikl\u00f3son. A l\u00e1nyok legels\u0151 tal\u00e1lkoz\u00e1sa az els\u0151 fordul\u00f3n, febru\u00e1r v\u00e9g\u00e9n t\u00f6rt\u00e9nt. Kellemes meglepet\u00e9s volt, hogy milyen \u00fcgyesen j\u00e1tszanak egy\u00fctt. Ebben a koroszt\u00e1lyban nincs eredm\u00e9ny sz\u00e1mol\u00e1sa, de a gyerekek minden g\u00f3lnak nagyon tudnak \u00f6r\u00fclni. Tov\u00e1bb k\u00e9sz\u00fcl\u00fcnk a k\u00f6vetkez\u0151 k\u00e9t fordul\u00f3ra, pr\u00f3b\u00e1ljuk gyarap\u00edtani tud\u00e1sunkat.<\/p><\/blockquote>\n","protected":false},"excerpt":{"rendered":"<p>A kisiskol\u00e1s bajnoks\u00e1gban k\u00e9t U10-es l\u00e1ny csapatunk k\u00e9pviseli egyes\u00fclet\u00fcnket. Az els\u0151 fordul\u00f3t 2022.02.26-\u00e1n Tiszaf\u00f6ldv\u00e1ron, a m\u00e1sodikat 2022.03.19-\u00e9n Kunhegyesen rendezt\u00e9k. G\u00f6bly\u00f6s Tibor edz\u0151: El\u00e9gedett vagyok a l\u00e1nyok k\u00e9t fordul\u00f3 ut\u00e1ni teljes\u00edtm\u00e9ny\u00e9vel. A bajnoks\u00e1gban a f\u0151 c\u00e9lunk a rutinszerz\u00e9s, mivel a csapat nagy r\u00e9sze az U9-es koroszt\u00e1lyban is j\u00e1tszik m\u00e9g. Az els\u0151 fordul\u00f3ban a l\u00e1nyok idegesen kezdtek, [&hellip;]<\/p>\n","protected":false},"author":3,"featured_media":0,"comment_status":"open","ping_status":"open","sticky":false,"template":"","format":"standard","meta":{"footnotes":""},"categories":[24],"tags":[79,80,81,78,77],"class_list":["post-851","post","type-post","status-publish","format-standard","hentry","category-hirek","tag-goglyos-tibor","tag-guba-attila","tag-kato-fruzsina","tag-leany","tag-u10"],"yoast_head":"<!-- This site is optimized with the Yoast SEO plugin v27.5 - https:\/\/yoast.com\/product\/yoast-seo-wordpress\/ -->\n<title>Le\u00e1ny U10 - Csapataink t\u00fal vannak a m\u00e1sodik fordul\u00f3n - Sz\u00e9k\u00e1cs KE<\/title>\n<meta name=\"robots\" content=\"index, follow, max-snippet:-1, max-image-preview:large, max-video-preview:-1\" \/>\n<link rel=\"canonical\" href=\"https:\/\/szekacske.hu\/new\/2022\/03\/23\/leany-u10-csapataink-tul-vannak-a-masodik-fordulon\/\" \/>\n<meta property=\"og:locale\" content=\"hu_HU\" \/>\n<meta property=\"og:type\" content=\"article\" \/>\n<meta property=\"og:title\" content=\"Le\u00e1ny U10 - Csapataink t\u00fal vannak a m\u00e1sodik fordul\u00f3n - Sz\u00e9k\u00e1cs KE\" \/>\n<meta property=\"og:description\" content=\"A kisiskol\u00e1s bajnoks\u00e1gban k\u00e9t U10-es l\u00e1ny csapatunk k\u00e9pviseli egyes\u00fclet\u00fcnket. Az els\u0151 fordul\u00f3t 2022.02.26-\u00e1n Tiszaf\u00f6ldv\u00e1ron, a m\u00e1sodikat 2022.03.19-\u00e9n Kunhegyesen rendezt\u00e9k. G\u00f6bly\u00f6s Tibor edz\u0151: El\u00e9gedett vagyok a l\u00e1nyok k\u00e9t fordul\u00f3 ut\u00e1ni teljes\u00edtm\u00e9ny\u00e9vel. A bajnoks\u00e1gban a f\u0151 c\u00e9lunk a rutinszerz\u00e9s, mivel a csapat nagy r\u00e9sze az U9-es koroszt\u00e1lyban is j\u00e1tszik m\u00e9g. Az els\u0151 fordul\u00f3ban a l\u00e1nyok idegesen kezdtek, [&hellip;]\" \/>\n<meta property=\"og:url\" content=\"https:\/\/szekacske.hu\/new\/2022\/03\/23\/leany-u10-csapataink-tul-vannak-a-masodik-fordulon\/\" \/>\n<meta property=\"og:site_name\" content=\"Sz\u00e9k\u00e1cs KE\" \/>\n<meta property=\"article:published_time\" content=\"2022-03-23T15:58:52+00:00\" \/>\n<meta property=\"article:modified_time\" content=\"2022-03-26T09:40:00+00:00\" \/>\n<meta property=\"og:image\" content=\"http:\/\/szekacske.hu\/new\/wp-content\/uploads\/2022\/03\/u10lany-gt.jpg\" \/>\n<meta name=\"author\" content=\"Hudu Csaba\" \/>\n<meta name=\"twitter:card\" content=\"summary_large_image\" \/>\n<meta name=\"twitter:label1\" content=\"Szerz\u0151:\" \/>\n\t<meta name=\"twitter:data1\" content=\"Hudu Csaba\" \/>\n\t<meta name=\"twitter:label2\" content=\"Becs\u00fclt olvas\u00e1si id\u0151\" \/>\n\t<meta name=\"twitter:data2\" content=\"2 perc\" \/>\n<script type=\"application\/ld+json\" class=\"yoast-schema-graph\">{\"@context\":\"https:\\\/\\\/schema.org\",\"@graph\":[{\"@type\":\"Article\",\"@id\":\"https:\\\/\\\/szekacske.hu\\\/new\\\/2022\\\/03\\\/23\\\/leany-u10-csapataink-tul-vannak-a-masodik-fordulon\\\/#article\",\"isPartOf\":{\"@id\":\"https:\\\/\\\/szekacske.hu\\\/new\\\/2022\\\/03\\\/23\\\/leany-u10-csapataink-tul-vannak-a-masodik-fordulon\\\/\"},\"author\":{\"name\":\"Hudu Csaba\",\"@id\":\"https:\\\/\\\/szekacske.hu\\\/new\\\/#\\\/schema\\\/person\\\/1b98dcad88a429be1d6d889d1ceff05c\"},\"headline\":\"Le\u00e1ny U10 &#8211; Csapataink t\u00fal vannak a m\u00e1sodik fordul\u00f3n\",\"datePublished\":\"2022-03-23T15:58:52+00:00\",\"dateModified\":\"2022-03-26T09:40:00+00:00\",\"mainEntityOfPage\":{\"@id\":\"https:\\\/\\\/szekacske.hu\\\/new\\\/2022\\\/03\\\/23\\\/leany-u10-csapataink-tul-vannak-a-masodik-fordulon\\\/\"},\"wordCount\":263,\"commentCount\":0,\"image\":{\"@id\":\"https:\\\/\\\/szekacske.hu\\\/new\\\/2022\\\/03\\\/23\\\/leany-u10-csapataink-tul-vannak-a-masodik-fordulon\\\/#primaryimage\"},\"thumbnailUrl\":\"http:\\\/\\\/szekacske.hu\\\/new\\\/wp-content\\\/uploads\\\/2022\\\/03\\\/u10lany-gt.jpg\",\"keywords\":[\"G\u00f6gly\u00f6s Tibor\",\"Guba Attila\",\"Kat\u00f3 Fruzsina\",\"Le\u00e1ny\",\"U10\"],\"articleSection\":[\"H\u00edrek\"],\"inLanguage\":\"hu\",\"potentialAction\":[{\"@type\":\"CommentAction\",\"name\":\"Comment\",\"target\":[\"https:\\\/\\\/szekacske.hu\\\/new\\\/2022\\\/03\\\/23\\\/leany-u10-csapataink-tul-vannak-a-masodik-fordulon\\\/#respond\"]}]},{\"@type\":\"WebPage\",\"@id\":\"https:\\\/\\\/szekacske.hu\\\/new\\\/2022\\\/03\\\/23\\\/leany-u10-csapataink-tul-vannak-a-masodik-fordulon\\\/\",\"url\":\"https:\\\/\\\/szekacske.hu\\\/new\\\/2022\\\/03\\\/23\\\/leany-u10-csapataink-tul-vannak-a-masodik-fordulon\\\/\",\"name\":\"Le\u00e1ny U10 - Csapataink t\u00fal vannak a m\u00e1sodik fordul\u00f3n - Sz\u00e9k\u00e1cs KE\",\"isPartOf\":{\"@id\":\"https:\\\/\\\/szekacske.hu\\\/new\\\/#website\"},\"primaryImageOfPage\":{\"@id\":\"https:\\\/\\\/szekacske.hu\\\/new\\\/2022\\\/03\\\/23\\\/leany-u10-csapataink-tul-vannak-a-masodik-fordulon\\\/#primaryimage\"},\"image\":{\"@id\":\"https:\\\/\\\/szekacske.hu\\\/new\\\/2022\\\/03\\\/23\\\/leany-u10-csapataink-tul-vannak-a-masodik-fordulon\\\/#primaryimage\"},\"thumbnailUrl\":\"http:\\\/\\\/szekacske.hu\\\/new\\\/wp-content\\\/uploads\\\/2022\\\/03\\\/u10lany-gt.jpg\",\"datePublished\":\"2022-03-23T15:58:52+00:00\",\"dateModified\":\"2022-03-26T09:40:00+00:00\",\"author\":{\"@id\":\"https:\\\/\\\/szekacske.hu\\\/new\\\/#\\\/schema\\\/person\\\/1b98dcad88a429be1d6d889d1ceff05c\"},\"breadcrumb\":{\"@id\":\"https:\\\/\\\/szekacske.hu\\\/new\\\/2022\\\/03\\\/23\\\/leany-u10-csapataink-tul-vannak-a-masodik-fordulon\\\/#breadcrumb\"},\"inLanguage\":\"hu\",\"potentialAction\":[{\"@type\":\"ReadAction\",\"target\":[\"https:\\\/\\\/szekacske.hu\\\/new\\\/2022\\\/03\\\/23\\\/leany-u10-csapataink-tul-vannak-a-masodik-fordulon\\\/\"]}]},{\"@type\":\"ImageObject\",\"inLanguage\":\"hu\",\"@id\":\"https:\\\/\\\/szekacske.hu\\\/new\\\/2022\\\/03\\\/23\\\/leany-u10-csapataink-tul-vannak-a-masodik-fordulon\\\/#primaryimage\",\"url\":\"https:\\\/\\\/szekacske.hu\\\/new\\\/wp-content\\\/uploads\\\/2022\\\/03\\\/u10lany-gt.jpg\",\"contentUrl\":\"https:\\\/\\\/szekacske.hu\\\/new\\\/wp-content\\\/uploads\\\/2022\\\/03\\\/u10lany-gt.jpg\",\"width\":2048,\"height\":1352},{\"@type\":\"BreadcrumbList\",\"@id\":\"https:\\\/\\\/szekacske.hu\\\/new\\\/2022\\\/03\\\/23\\\/leany-u10-csapataink-tul-vannak-a-masodik-fordulon\\\/#breadcrumb\",\"itemListElement\":[{\"@type\":\"ListItem\",\"position\":1,\"name\":\"Kezd\u0151lap\",\"item\":\"https:\\\/\\\/szekacske.hu\\\/new\\\/\"},{\"@type\":\"ListItem\",\"position\":2,\"name\":\"Le\u00e1ny U10 &#8211; Csapataink t\u00fal vannak a m\u00e1sodik fordul\u00f3n\"}]},{\"@type\":\"WebSite\",\"@id\":\"https:\\\/\\\/szekacske.hu\\\/new\\\/#website\",\"url\":\"https:\\\/\\\/szekacske.hu\\\/new\\\/\",\"name\":\"Sz\u00e9k\u00e1cs KE\",\"description\":\"T\u00f6r\u00f6kszentmikl\u00f3si Sz\u00e9k\u00e1cs KE hivatalos honlapja\",\"potentialAction\":[{\"@type\":\"SearchAction\",\"target\":{\"@type\":\"EntryPoint\",\"urlTemplate\":\"https:\\\/\\\/szekacske.hu\\\/new\\\/?s={search_term_string}\"},\"query-input\":{\"@type\":\"PropertyValueSpecification\",\"valueRequired\":true,\"valueName\":\"search_term_string\"}}],\"inLanguage\":\"hu\"},{\"@type\":\"Person\",\"@id\":\"https:\\\/\\\/szekacske.hu\\\/new\\\/#\\\/schema\\\/person\\\/1b98dcad88a429be1d6d889d1ceff05c\",\"name\":\"Hudu Csaba\",\"image\":{\"@type\":\"ImageObject\",\"inLanguage\":\"hu\",\"@id\":\"https:\\\/\\\/secure.gravatar.com\\\/avatar\\\/eed0dafe15853c848fa7aa47475b14c1975c1fdb204811bb8c23c2cc7e066847?s=96&d=mm&r=g\",\"url\":\"https:\\\/\\\/secure.gravatar.com\\\/avatar\\\/eed0dafe15853c848fa7aa47475b14c1975c1fdb204811bb8c23c2cc7e066847?s=96&d=mm&r=g\",\"contentUrl\":\"https:\\\/\\\/secure.gravatar.com\\\/avatar\\\/eed0dafe15853c848fa7aa47475b14c1975c1fdb204811bb8c23c2cc7e066847?s=96&d=mm&r=g\",\"caption\":\"Hudu Csaba\"},\"url\":\"https:\\\/\\\/szekacske.hu\\\/new\\\/author\\\/hcsaba\\\/\"}]}<\/script>\n<!-- \/ Yoast SEO plugin. -->","yoast_head_json":{"title":"Le\u00e1ny U10 - Csapataink t\u00fal vannak a m\u00e1sodik fordul\u00f3n - Sz\u00e9k\u00e1cs KE","robots":{"index":"index","follow":"follow","max-snippet":"max-snippet:-1","max-image-preview":"max-image-preview:large","max-video-preview":"max-video-preview:-1"},"canonical":"https:\/\/szekacske.hu\/new\/2022\/03\/23\/leany-u10-csapataink-tul-vannak-a-masodik-fordulon\/","og_locale":"hu_HU","og_type":"article","og_title":"Le\u00e1ny U10 - Csapataink t\u00fal vannak a m\u00e1sodik fordul\u00f3n - Sz\u00e9k\u00e1cs KE","og_description":"A kisiskol\u00e1s bajnoks\u00e1gban k\u00e9t U10-es l\u00e1ny csapatunk k\u00e9pviseli egyes\u00fclet\u00fcnket. Az els\u0151 fordul\u00f3t 2022.02.26-\u00e1n Tiszaf\u00f6ldv\u00e1ron, a m\u00e1sodikat 2022.03.19-\u00e9n Kunhegyesen rendezt\u00e9k. G\u00f6bly\u00f6s Tibor edz\u0151: El\u00e9gedett vagyok a l\u00e1nyok k\u00e9t fordul\u00f3 ut\u00e1ni teljes\u00edtm\u00e9ny\u00e9vel. A bajnoks\u00e1gban a f\u0151 c\u00e9lunk a rutinszerz\u00e9s, mivel a csapat nagy r\u00e9sze az U9-es koroszt\u00e1lyban is j\u00e1tszik m\u00e9g. Az els\u0151 fordul\u00f3ban a l\u00e1nyok idegesen kezdtek, [&hellip;]","og_url":"https:\/\/szekacske.hu\/new\/2022\/03\/23\/leany-u10-csapataink-tul-vannak-a-masodik-fordulon\/","og_site_name":"Sz\u00e9k\u00e1cs KE","article_published_time":"2022-03-23T15:58:52+00:00","article_modified_time":"2022-03-26T09:40:00+00:00","og_image":[{"url":"http:\/\/szekacske.hu\/new\/wp-content\/uploads\/2022\/03\/u10lany-gt.jpg","type":"","width":"","height":""}],"author":"Hudu Csaba","twitter_card":"summary_large_image","twitter_misc":{"Szerz\u0151:":"Hudu Csaba","Becs\u00fclt olvas\u00e1si id\u0151":"2 perc"},"schema":{"@context":"https:\/\/schema.org","@graph":[{"@type":"Article","@id":"https:\/\/szekacske.hu\/new\/2022\/03\/23\/leany-u10-csapataink-tul-vannak-a-masodik-fordulon\/#article","isPartOf":{"@id":"https:\/\/szekacske.hu\/new\/2022\/03\/23\/leany-u10-csapataink-tul-vannak-a-masodik-fordulon\/"},"author":{"name":"Hudu Csaba","@id":"https:\/\/szekacske.hu\/new\/#\/schema\/person\/1b98dcad88a429be1d6d889d1ceff05c"},"headline":"Le\u00e1ny U10 &#8211; Csapataink t\u00fal vannak a m\u00e1sodik fordul\u00f3n","datePublished":"2022-03-23T15:58:52+00:00","dateModified":"2022-03-26T09:40:00+00:00","mainEntityOfPage":{"@id":"https:\/\/szekacske.hu\/new\/2022\/03\/23\/leany-u10-csapataink-tul-vannak-a-masodik-fordulon\/"},"wordCount":263,"commentCount":0,"image":{"@id":"https:\/\/szekacske.hu\/new\/2022\/03\/23\/leany-u10-csapataink-tul-vannak-a-masodik-fordulon\/#primaryimage"},"thumbnailUrl":"http:\/\/szekacske.hu\/new\/wp-content\/uploads\/2022\/03\/u10lany-gt.jpg","keywords":["G\u00f6gly\u00f6s Tibor","Guba Attila","Kat\u00f3 Fruzsina","Le\u00e1ny","U10"],"articleSection":["H\u00edrek"],"inLanguage":"hu","potentialAction":[{"@type":"CommentAction","name":"Comment","target":["https:\/\/szekacske.hu\/new\/2022\/03\/23\/leany-u10-csapataink-tul-vannak-a-masodik-fordulon\/#respond"]}]},{"@type":"WebPage","@id":"https:\/\/szekacske.hu\/new\/2022\/03\/23\/leany-u10-csapataink-tul-vannak-a-masodik-fordulon\/","url":"https:\/\/szekacske.hu\/new\/2022\/03\/23\/leany-u10-csapataink-tul-vannak-a-masodik-fordulon\/","name":"Le\u00e1ny U10 - Csapataink t\u00fal vannak a m\u00e1sodik fordul\u00f3n - Sz\u00e9k\u00e1cs KE","isPartOf":{"@id":"https:\/\/szekacske.hu\/new\/#website"},"primaryImageOfPage":{"@id":"https:\/\/szekacske.hu\/new\/2022\/03\/23\/leany-u10-csapataink-tul-vannak-a-masodik-fordulon\/#primaryimage"},"image":{"@id":"https:\/\/szekacske.hu\/new\/2022\/03\/23\/leany-u10-csapataink-tul-vannak-a-masodik-fordulon\/#primaryimage"},"thumbnailUrl":"http:\/\/szekacske.hu\/new\/wp-content\/uploads\/2022\/03\/u10lany-gt.jpg","datePublished":"2022-03-23T15:58:52+00:00","dateModified":"2022-03-26T09:40:00+00:00","author":{"@id":"https:\/\/szekacske.hu\/new\/#\/schema\/person\/1b98dcad88a429be1d6d889d1ceff05c"},"breadcrumb":{"@id":"https:\/\/szekacske.hu\/new\/2022\/03\/23\/leany-u10-csapataink-tul-vannak-a-masodik-fordulon\/#breadcrumb"},"inLanguage":"hu","potentialAction":[{"@type":"ReadAction","target":["https:\/\/szekacske.hu\/new\/2022\/03\/23\/leany-u10-csapataink-tul-vannak-a-masodik-fordulon\/"]}]},{"@type":"ImageObject","inLanguage":"hu","@id":"https:\/\/szekacske.hu\/new\/2022\/03\/23\/leany-u10-csapataink-tul-vannak-a-masodik-fordulon\/#primaryimage","url":"https:\/\/szekacske.hu\/new\/wp-content\/uploads\/2022\/03\/u10lany-gt.jpg","contentUrl":"https:\/\/szekacske.hu\/new\/wp-content\/uploads\/2022\/03\/u10lany-gt.jpg","width":2048,"height":1352},{"@type":"BreadcrumbList","@id":"https:\/\/szekacske.hu\/new\/2022\/03\/23\/leany-u10-csapataink-tul-vannak-a-masodik-fordulon\/#breadcrumb","itemListElement":[{"@type":"ListItem","position":1,"name":"Kezd\u0151lap","item":"https:\/\/szekacske.hu\/new\/"},{"@type":"ListItem","position":2,"name":"Le\u00e1ny U10 &#8211; Csapataink t\u00fal vannak a m\u00e1sodik fordul\u00f3n"}]},{"@type":"WebSite","@id":"https:\/\/szekacske.hu\/new\/#website","url":"https:\/\/szekacske.hu\/new\/","name":"Sz\u00e9k\u00e1cs KE","description":"T\u00f6r\u00f6kszentmikl\u00f3si Sz\u00e9k\u00e1cs KE hivatalos honlapja","potentialAction":[{"@type":"SearchAction","target":{"@type":"EntryPoint","urlTemplate":"https:\/\/szekacske.hu\/new\/?s={search_term_string}"},"query-input":{"@type":"PropertyValueSpecification","valueRequired":true,"valueName":"search_term_string"}}],"inLanguage":"hu"},{"@type":"Person","@id":"https:\/\/szekacske.hu\/new\/#\/schema\/person\/1b98dcad88a429be1d6d889d1ceff05c","name":"Hudu Csaba","image":{"@type":"ImageObject","inLanguage":"hu","@id":"https:\/\/secure.gravatar.com\/avatar\/eed0dafe15853c848fa7aa47475b14c1975c1fdb204811bb8c23c2cc7e066847?s=96&d=mm&r=g","url":"https:\/\/secure.gravatar.com\/avatar\/eed0dafe15853c848fa7aa47475b14c1975c1fdb204811bb8c23c2cc7e066847?s=96&d=mm&r=g","contentUrl":"https:\/\/secure.gravatar.com\/avatar\/eed0dafe15853c848fa7aa47475b14c1975c1fdb204811bb8c23c2cc7e066847?s=96&d=mm&r=g","caption":"Hudu Csaba"},"url":"https:\/\/szekacske.hu\/new\/author\/hcsaba\/"}]}},"_links":{"self":[{"href":"https:\/\/szekacske.hu\/new\/wp-json\/wp\/v2\/posts\/851","targetHints":{"allow":["GET"]}}],"collection":[{"href":"https:\/\/szekacske.hu\/new\/wp-json\/wp\/v2\/posts"}],"about":[{"href":"https:\/\/szekacske.hu\/new\/wp-json\/wp\/v2\/types\/post"}],"author":[{"embeddable":true,"href":"https:\/\/szekacske.hu\/new\/wp-json\/wp\/v2\/users\/3"}],"replies":[{"embeddable":true,"href":"https:\/\/szekacske.hu\/new\/wp-json\/wp\/v2\/comments?post=851"}],"version-history":[{"count":4,"href":"https:\/\/szekacske.hu\/new\/wp-json\/wp\/v2\/posts\/851\/revisions"}],"predecessor-version":[{"id":859,"href":"https:\/\/szekacske.hu\/new\/wp-json\/wp\/v2\/posts\/851\/revisions\/859"}],"wp:attachment":[{"href":"https:\/\/szekacske.hu\/new\/wp-json\/wp\/v2\/media?parent=851"}],"wp:term":[{"taxonomy":"category","embeddable":true,"href":"https:\/\/szekacske.hu\/new\/wp-json\/wp\/v2\/categories?post=851"},{"taxonomy":"post_tag","embeddable":true,"href":"https:\/\/szekacske.hu\/new\/wp-json\/wp\/v2\/tags?post=851"}],"curies":[{"name":"wp","href":"https:\/\/api.w.org\/{rel}","templated":true}]}}