{"id":831,"date":"2022-03-12T12:01:16","date_gmt":"2022-03-12T11:01:16","guid":{"rendered":"http:\/\/szekacske.hu\/new\/?p=831"},"modified":"2022-03-17T12:43:16","modified_gmt":"2022-03-17T11:43:16","slug":"831","status":"publish","type":"post","link":"https:\/\/szekacske.hu\/new\/2022\/03\/12\/831\/","title":{"rendered":"U9 fi\u00fa-l\u00e1ny &#8211; Elkezd\u0151d\u00f6tt a versenyszezon"},"content":{"rendered":"<p><strong>A T\u00f6r\u00f6kszentmikl\u00f3si Sz\u00e9k\u00e1cs KE U9 fi\u00fa \u00e9s l\u00e1ny szivacsk\u00e9zilabd\u00e1s koroszt\u00e1lyainak is elkezd\u0151d\u00f6tt a versenyszezon.<br \/>\n<\/strong><br \/>\n<a href=\"http:\/\/szekacske.hu\/new\/2022\/03\/12\/831\/kezi11\/\"><img loading=\"lazy\" decoding=\"async\" class=\"alignnone wp-image-832 size-full\" src=\"http:\/\/szekacske.hu\/new\/wp-content\/uploads\/2022\/03\/kezi11.jpg\" alt=\"\" width=\"2048\" height=\"1536\" srcset=\"https:\/\/szekacske.hu\/new\/wp-content\/uploads\/2022\/03\/kezi11.jpg 2048w, https:\/\/szekacske.hu\/new\/wp-content\/uploads\/2022\/03\/kezi11-300x225.jpg 300w, https:\/\/szekacske.hu\/new\/wp-content\/uploads\/2022\/03\/kezi11-1024x768.jpg 1024w, https:\/\/szekacske.hu\/new\/wp-content\/uploads\/2022\/03\/kezi11-768x576.jpg 768w, https:\/\/szekacske.hu\/new\/wp-content\/uploads\/2022\/03\/kezi11-1536x1152.jpg 1536w, https:\/\/szekacske.hu\/new\/wp-content\/uploads\/2022\/03\/kezi11-128x96.jpg 128w, https:\/\/szekacske.hu\/new\/wp-content\/uploads\/2022\/03\/kezi11-32x24.jpg 32w\" sizes=\"auto, (max-width: 2048px) 100vw, 2048px\" \/><\/a><\/p>\n<p><!--more-->2022.03.05-\u00e9n Tiszaf\u00f6ldv\u00e1ron ker\u00fclt megrendez\u00e9sre a Magyar K\u00e9zilabda Sz\u00f6vets\u00e9g \u00e1ltal szervezett &#8222;szivacsk\u00e9zilabd\u00e1s&#8221; kezd\u0151dob\u00e1s programja. D\u00e9lel\u0151tt a fi\u00fa csapatok d\u00e9lut\u00e1n a l\u00e1ny csapatok szivacsk\u00e9zilabda m\u00e9rk\u0151z\u00e9seken, valamint egy k\u00fcl\u00f6n kialak\u00edtott p\u00e1ly\u00e1n k\u00fcl\u00f6nb\u00f6z\u0151 labd\u00e1s \u00fcgyess\u00e9gi feladatok v\u00e9grehajt\u00e1s\u00e1n\u00e1l mutathatt\u00e1k meg tud\u00e1sukat.<\/p>\n<p><a href=\"http:\/\/szekacske.hu\/new\/wp-content\/uploads\/2022\/03\/kezi14.jpg\"><img loading=\"lazy\" decoding=\"async\" class=\"alignnone wp-image-833 size-full\" src=\"http:\/\/szekacske.hu\/new\/wp-content\/uploads\/2022\/03\/kezi14.jpg\" alt=\"\" width=\"2048\" height=\"1532\" srcset=\"https:\/\/szekacske.hu\/new\/wp-content\/uploads\/2022\/03\/kezi14.jpg 2048w, https:\/\/szekacske.hu\/new\/wp-content\/uploads\/2022\/03\/kezi14-300x224.jpg 300w, https:\/\/szekacske.hu\/new\/wp-content\/uploads\/2022\/03\/kezi14-1024x766.jpg 1024w, https:\/\/szekacske.hu\/new\/wp-content\/uploads\/2022\/03\/kezi14-768x575.jpg 768w, https:\/\/szekacske.hu\/new\/wp-content\/uploads\/2022\/03\/kezi14-1536x1149.jpg 1536w, https:\/\/szekacske.hu\/new\/wp-content\/uploads\/2022\/03\/kezi14-128x96.jpg 128w, https:\/\/szekacske.hu\/new\/wp-content\/uploads\/2022\/03\/kezi14-32x24.jpg 32w\" sizes=\"auto, (max-width: 2048px) 100vw, 2048px\" \/><\/a><\/p>\n<blockquote><p>G\u00f6bly\u00f6s Tibor edz\u0151: &#8222;A gyerekek izgatottan v\u00e1rt\u00e1k az els\u0151 megm\u00e9rettet\u00e9st \u00e9s azt kell mondanom, hogy jelesre vizsg\u00e1ztak a fi\u00fak \u00e9s a l\u00e1nyok egyar\u00e1nt. Sok sz\u00e9p g\u00f3lt, j\u00f3 v\u00e9dekez\u00e9seket, \u00fcgyes megold\u00e1sokat l\u00e1thattunk a nap folyam\u00e1n \u00e9s b\u00e1r a g\u00f3lokat nem sz\u00e1molj\u00e1k ezeken az esem\u00e9nyeken, minden m\u00e9rk\u0151z\u00e9sen siker\u00fclt az ellenfelek f\u00f6l\u00e9 kerekedn\u00fcnk, \u00edgy a p\u00e1ly\u00e1n a mi akaratunk \u00e9rv\u00e9nyes\u00fclt.&#8221;<\/p><\/blockquote>\n","protected":false},"excerpt":{"rendered":"<p>A T\u00f6r\u00f6kszentmikl\u00f3si Sz\u00e9k\u00e1cs KE U9 fi\u00fa \u00e9s l\u00e1ny szivacsk\u00e9zilabd\u00e1s koroszt\u00e1lyainak is elkezd\u0151d\u00f6tt a versenyszezon.<\/p>\n","protected":false},"author":3,"featured_media":0,"comment_status":"open","ping_status":"open","sticky":false,"template":"","format":"standard","meta":{"footnotes":""},"categories":[24],"tags":[73,76,75,74],"class_list":["post-831","post","type-post","status-publish","format-standard","hentry","category-hirek","tag-goblyos-tibor","tag-nyeso-peter","tag-szivacskezi","tag-u9"],"yoast_head":"<!-- This site is optimized with the Yoast SEO plugin v27.5 - https:\/\/yoast.com\/product\/yoast-seo-wordpress\/ -->\n<title>U9 fi\u00fa-l\u00e1ny - Elkezd\u0151d\u00f6tt a versenyszezon - Sz\u00e9k\u00e1cs KE<\/title>\n<meta name=\"robots\" content=\"index, follow, max-snippet:-1, max-image-preview:large, max-video-preview:-1\" \/>\n<link rel=\"canonical\" href=\"https:\/\/szekacske.hu\/new\/2022\/03\/12\/831\/\" \/>\n<meta property=\"og:locale\" content=\"hu_HU\" \/>\n<meta property=\"og:type\" content=\"article\" \/>\n<meta property=\"og:title\" content=\"U9 fi\u00fa-l\u00e1ny - Elkezd\u0151d\u00f6tt a versenyszezon - Sz\u00e9k\u00e1cs KE\" \/>\n<meta property=\"og:description\" content=\"A T\u00f6r\u00f6kszentmikl\u00f3si Sz\u00e9k\u00e1cs KE U9 fi\u00fa \u00e9s l\u00e1ny szivacsk\u00e9zilabd\u00e1s koroszt\u00e1lyainak is elkezd\u0151d\u00f6tt a versenyszezon.\" \/>\n<meta property=\"og:url\" content=\"https:\/\/szekacske.hu\/new\/2022\/03\/12\/831\/\" \/>\n<meta property=\"og:site_name\" content=\"Sz\u00e9k\u00e1cs KE\" \/>\n<meta property=\"article:published_time\" content=\"2022-03-12T11:01:16+00:00\" \/>\n<meta property=\"article:modified_time\" content=\"2022-03-17T11:43:16+00:00\" \/>\n<meta property=\"og:image\" content=\"http:\/\/szekacske.hu\/new\/wp-content\/uploads\/2022\/03\/kezi11.jpg\" \/>\n<meta name=\"author\" content=\"Hudu Csaba\" \/>\n<meta name=\"twitter:card\" content=\"summary_large_image\" \/>\n<meta name=\"twitter:label1\" content=\"Szerz\u0151:\" \/>\n\t<meta name=\"twitter:data1\" content=\"Hudu Csaba\" \/>\n\t<meta name=\"twitter:label2\" content=\"Becs\u00fclt olvas\u00e1si id\u0151\" \/>\n\t<meta name=\"twitter:data2\" content=\"1 perc\" \/>\n<script type=\"application\/ld+json\" class=\"yoast-schema-graph\">{\"@context\":\"https:\\\/\\\/schema.org\",\"@graph\":[{\"@type\":\"Article\",\"@id\":\"https:\\\/\\\/szekacske.hu\\\/new\\\/2022\\\/03\\\/12\\\/831\\\/#article\",\"isPartOf\":{\"@id\":\"https:\\\/\\\/szekacske.hu\\\/new\\\/2022\\\/03\\\/12\\\/831\\\/\"},\"author\":{\"name\":\"Hudu Csaba\",\"@id\":\"https:\\\/\\\/szekacske.hu\\\/new\\\/#\\\/schema\\\/person\\\/1b98dcad88a429be1d6d889d1ceff05c\"},\"headline\":\"U9 fi\u00fa-l\u00e1ny &#8211; Elkezd\u0151d\u00f6tt a versenyszezon\",\"datePublished\":\"2022-03-12T11:01:16+00:00\",\"dateModified\":\"2022-03-17T11:43:16+00:00\",\"mainEntityOfPage\":{\"@id\":\"https:\\\/\\\/szekacske.hu\\\/new\\\/2022\\\/03\\\/12\\\/831\\\/\"},\"wordCount\":197,\"commentCount\":0,\"image\":{\"@id\":\"https:\\\/\\\/szekacske.hu\\\/new\\\/2022\\\/03\\\/12\\\/831\\\/#primaryimage\"},\"thumbnailUrl\":\"http:\\\/\\\/szekacske.hu\\\/new\\\/wp-content\\\/uploads\\\/2022\\\/03\\\/kezi11.jpg\",\"keywords\":[\"G\u00f6bly\u00f6s Tibor\",\"Nyes\u0151 P\u00e9ter\",\"szivacsk\u00e9zi\",\"U9\"],\"articleSection\":[\"H\u00edrek\"],\"inLanguage\":\"hu\",\"potentialAction\":[{\"@type\":\"CommentAction\",\"name\":\"Comment\",\"target\":[\"https:\\\/\\\/szekacske.hu\\\/new\\\/2022\\\/03\\\/12\\\/831\\\/#respond\"]}]},{\"@type\":\"WebPage\",\"@id\":\"https:\\\/\\\/szekacske.hu\\\/new\\\/2022\\\/03\\\/12\\\/831\\\/\",\"url\":\"https:\\\/\\\/szekacske.hu\\\/new\\\/2022\\\/03\\\/12\\\/831\\\/\",\"name\":\"U9 fi\u00fa-l\u00e1ny - Elkezd\u0151d\u00f6tt a versenyszezon - Sz\u00e9k\u00e1cs KE\",\"isPartOf\":{\"@id\":\"https:\\\/\\\/szekacske.hu\\\/new\\\/#website\"},\"primaryImageOfPage\":{\"@id\":\"https:\\\/\\\/szekacske.hu\\\/new\\\/2022\\\/03\\\/12\\\/831\\\/#primaryimage\"},\"image\":{\"@id\":\"https:\\\/\\\/szekacske.hu\\\/new\\\/2022\\\/03\\\/12\\\/831\\\/#primaryimage\"},\"thumbnailUrl\":\"http:\\\/\\\/szekacske.hu\\\/new\\\/wp-content\\\/uploads\\\/2022\\\/03\\\/kezi11.jpg\",\"datePublished\":\"2022-03-12T11:01:16+00:00\",\"dateModified\":\"2022-03-17T11:43:16+00:00\",\"author\":{\"@id\":\"https:\\\/\\\/szekacske.hu\\\/new\\\/#\\\/schema\\\/person\\\/1b98dcad88a429be1d6d889d1ceff05c\"},\"breadcrumb\":{\"@id\":\"https:\\\/\\\/szekacske.hu\\\/new\\\/2022\\\/03\\\/12\\\/831\\\/#breadcrumb\"},\"inLanguage\":\"hu\",\"potentialAction\":[{\"@type\":\"ReadAction\",\"target\":[\"https:\\\/\\\/szekacske.hu\\\/new\\\/2022\\\/03\\\/12\\\/831\\\/\"]}]},{\"@type\":\"ImageObject\",\"inLanguage\":\"hu\",\"@id\":\"https:\\\/\\\/szekacske.hu\\\/new\\\/2022\\\/03\\\/12\\\/831\\\/#primaryimage\",\"url\":\"https:\\\/\\\/szekacske.hu\\\/new\\\/wp-content\\\/uploads\\\/2022\\\/03\\\/kezi11.jpg\",\"contentUrl\":\"https:\\\/\\\/szekacske.hu\\\/new\\\/wp-content\\\/uploads\\\/2022\\\/03\\\/kezi11.jpg\",\"width\":2048,\"height\":1536},{\"@type\":\"BreadcrumbList\",\"@id\":\"https:\\\/\\\/szekacske.hu\\\/new\\\/2022\\\/03\\\/12\\\/831\\\/#breadcrumb\",\"itemListElement\":[{\"@type\":\"ListItem\",\"position\":1,\"name\":\"Kezd\u0151lap\",\"item\":\"https:\\\/\\\/szekacske.hu\\\/new\\\/\"},{\"@type\":\"ListItem\",\"position\":2,\"name\":\"U9 fi\u00fa-l\u00e1ny &#8211; Elkezd\u0151d\u00f6tt a versenyszezon\"}]},{\"@type\":\"WebSite\",\"@id\":\"https:\\\/\\\/szekacske.hu\\\/new\\\/#website\",\"url\":\"https:\\\/\\\/szekacske.hu\\\/new\\\/\",\"name\":\"Sz\u00e9k\u00e1cs KE\",\"description\":\"T\u00f6r\u00f6kszentmikl\u00f3si Sz\u00e9k\u00e1cs KE hivatalos honlapja\",\"potentialAction\":[{\"@type\":\"SearchAction\",\"target\":{\"@type\":\"EntryPoint\",\"urlTemplate\":\"https:\\\/\\\/szekacske.hu\\\/new\\\/?s={search_term_string}\"},\"query-input\":{\"@type\":\"PropertyValueSpecification\",\"valueRequired\":true,\"valueName\":\"search_term_string\"}}],\"inLanguage\":\"hu\"},{\"@type\":\"Person\",\"@id\":\"https:\\\/\\\/szekacske.hu\\\/new\\\/#\\\/schema\\\/person\\\/1b98dcad88a429be1d6d889d1ceff05c\",\"name\":\"Hudu Csaba\",\"image\":{\"@type\":\"ImageObject\",\"inLanguage\":\"hu\",\"@id\":\"https:\\\/\\\/secure.gravatar.com\\\/avatar\\\/eed0dafe15853c848fa7aa47475b14c1975c1fdb204811bb8c23c2cc7e066847?s=96&d=mm&r=g\",\"url\":\"https:\\\/\\\/secure.gravatar.com\\\/avatar\\\/eed0dafe15853c848fa7aa47475b14c1975c1fdb204811bb8c23c2cc7e066847?s=96&d=mm&r=g\",\"contentUrl\":\"https:\\\/\\\/secure.gravatar.com\\\/avatar\\\/eed0dafe15853c848fa7aa47475b14c1975c1fdb204811bb8c23c2cc7e066847?s=96&d=mm&r=g\",\"caption\":\"Hudu Csaba\"},\"url\":\"https:\\\/\\\/szekacske.hu\\\/new\\\/author\\\/hcsaba\\\/\"}]}<\/script>\n<!-- \/ Yoast SEO plugin. -->","yoast_head_json":{"title":"U9 fi\u00fa-l\u00e1ny - Elkezd\u0151d\u00f6tt a versenyszezon - Sz\u00e9k\u00e1cs KE","robots":{"index":"index","follow":"follow","max-snippet":"max-snippet:-1","max-image-preview":"max-image-preview:large","max-video-preview":"max-video-preview:-1"},"canonical":"https:\/\/szekacske.hu\/new\/2022\/03\/12\/831\/","og_locale":"hu_HU","og_type":"article","og_title":"U9 fi\u00fa-l\u00e1ny - Elkezd\u0151d\u00f6tt a versenyszezon - Sz\u00e9k\u00e1cs KE","og_description":"A T\u00f6r\u00f6kszentmikl\u00f3si Sz\u00e9k\u00e1cs KE U9 fi\u00fa \u00e9s l\u00e1ny szivacsk\u00e9zilabd\u00e1s koroszt\u00e1lyainak is elkezd\u0151d\u00f6tt a versenyszezon.","og_url":"https:\/\/szekacske.hu\/new\/2022\/03\/12\/831\/","og_site_name":"Sz\u00e9k\u00e1cs KE","article_published_time":"2022-03-12T11:01:16+00:00","article_modified_time":"2022-03-17T11:43:16+00:00","og_image":[{"url":"http:\/\/szekacske.hu\/new\/wp-content\/uploads\/2022\/03\/kezi11.jpg","type":"","width":"","height":""}],"author":"Hudu Csaba","twitter_card":"summary_large_image","twitter_misc":{"Szerz\u0151:":"Hudu Csaba","Becs\u00fclt olvas\u00e1si id\u0151":"1 perc"},"schema":{"@context":"https:\/\/schema.org","@graph":[{"@type":"Article","@id":"https:\/\/szekacske.hu\/new\/2022\/03\/12\/831\/#article","isPartOf":{"@id":"https:\/\/szekacske.hu\/new\/2022\/03\/12\/831\/"},"author":{"name":"Hudu Csaba","@id":"https:\/\/szekacske.hu\/new\/#\/schema\/person\/1b98dcad88a429be1d6d889d1ceff05c"},"headline":"U9 fi\u00fa-l\u00e1ny &#8211; Elkezd\u0151d\u00f6tt a versenyszezon","datePublished":"2022-03-12T11:01:16+00:00","dateModified":"2022-03-17T11:43:16+00:00","mainEntityOfPage":{"@id":"https:\/\/szekacske.hu\/new\/2022\/03\/12\/831\/"},"wordCount":197,"commentCount":0,"image":{"@id":"https:\/\/szekacske.hu\/new\/2022\/03\/12\/831\/#primaryimage"},"thumbnailUrl":"http:\/\/szekacske.hu\/new\/wp-content\/uploads\/2022\/03\/kezi11.jpg","keywords":["G\u00f6bly\u00f6s Tibor","Nyes\u0151 P\u00e9ter","szivacsk\u00e9zi","U9"],"articleSection":["H\u00edrek"],"inLanguage":"hu","potentialAction":[{"@type":"CommentAction","name":"Comment","target":["https:\/\/szekacske.hu\/new\/2022\/03\/12\/831\/#respond"]}]},{"@type":"WebPage","@id":"https:\/\/szekacske.hu\/new\/2022\/03\/12\/831\/","url":"https:\/\/szekacske.hu\/new\/2022\/03\/12\/831\/","name":"U9 fi\u00fa-l\u00e1ny - Elkezd\u0151d\u00f6tt a versenyszezon - Sz\u00e9k\u00e1cs KE","isPartOf":{"@id":"https:\/\/szekacske.hu\/new\/#website"},"primaryImageOfPage":{"@id":"https:\/\/szekacske.hu\/new\/2022\/03\/12\/831\/#primaryimage"},"image":{"@id":"https:\/\/szekacske.hu\/new\/2022\/03\/12\/831\/#primaryimage"},"thumbnailUrl":"http:\/\/szekacske.hu\/new\/wp-content\/uploads\/2022\/03\/kezi11.jpg","datePublished":"2022-03-12T11:01:16+00:00","dateModified":"2022-03-17T11:43:16+00:00","author":{"@id":"https:\/\/szekacske.hu\/new\/#\/schema\/person\/1b98dcad88a429be1d6d889d1ceff05c"},"breadcrumb":{"@id":"https:\/\/szekacske.hu\/new\/2022\/03\/12\/831\/#breadcrumb"},"inLanguage":"hu","potentialAction":[{"@type":"ReadAction","target":["https:\/\/szekacske.hu\/new\/2022\/03\/12\/831\/"]}]},{"@type":"ImageObject","inLanguage":"hu","@id":"https:\/\/szekacske.hu\/new\/2022\/03\/12\/831\/#primaryimage","url":"https:\/\/szekacske.hu\/new\/wp-content\/uploads\/2022\/03\/kezi11.jpg","contentUrl":"https:\/\/szekacske.hu\/new\/wp-content\/uploads\/2022\/03\/kezi11.jpg","width":2048,"height":1536},{"@type":"BreadcrumbList","@id":"https:\/\/szekacske.hu\/new\/2022\/03\/12\/831\/#breadcrumb","itemListElement":[{"@type":"ListItem","position":1,"name":"Kezd\u0151lap","item":"https:\/\/szekacske.hu\/new\/"},{"@type":"ListItem","position":2,"name":"U9 fi\u00fa-l\u00e1ny &#8211; Elkezd\u0151d\u00f6tt a versenyszezon"}]},{"@type":"WebSite","@id":"https:\/\/szekacske.hu\/new\/#website","url":"https:\/\/szekacske.hu\/new\/","name":"Sz\u00e9k\u00e1cs KE","description":"T\u00f6r\u00f6kszentmikl\u00f3si Sz\u00e9k\u00e1cs KE hivatalos honlapja","potentialAction":[{"@type":"SearchAction","target":{"@type":"EntryPoint","urlTemplate":"https:\/\/szekacske.hu\/new\/?s={search_term_string}"},"query-input":{"@type":"PropertyValueSpecification","valueRequired":true,"valueName":"search_term_string"}}],"inLanguage":"hu"},{"@type":"Person","@id":"https:\/\/szekacske.hu\/new\/#\/schema\/person\/1b98dcad88a429be1d6d889d1ceff05c","name":"Hudu Csaba","image":{"@type":"ImageObject","inLanguage":"hu","@id":"https:\/\/secure.gravatar.com\/avatar\/eed0dafe15853c848fa7aa47475b14c1975c1fdb204811bb8c23c2cc7e066847?s=96&d=mm&r=g","url":"https:\/\/secure.gravatar.com\/avatar\/eed0dafe15853c848fa7aa47475b14c1975c1fdb204811bb8c23c2cc7e066847?s=96&d=mm&r=g","contentUrl":"https:\/\/secure.gravatar.com\/avatar\/eed0dafe15853c848fa7aa47475b14c1975c1fdb204811bb8c23c2cc7e066847?s=96&d=mm&r=g","caption":"Hudu Csaba"},"url":"https:\/\/szekacske.hu\/new\/author\/hcsaba\/"}]}},"_links":{"self":[{"href":"https:\/\/szekacske.hu\/new\/wp-json\/wp\/v2\/posts\/831","targetHints":{"allow":["GET"]}}],"collection":[{"href":"https:\/\/szekacske.hu\/new\/wp-json\/wp\/v2\/posts"}],"about":[{"href":"https:\/\/szekacske.hu\/new\/wp-json\/wp\/v2\/types\/post"}],"author":[{"embeddable":true,"href":"https:\/\/szekacske.hu\/new\/wp-json\/wp\/v2\/users\/3"}],"replies":[{"embeddable":true,"href":"https:\/\/szekacske.hu\/new\/wp-json\/wp\/v2\/comments?post=831"}],"version-history":[{"count":4,"href":"https:\/\/szekacske.hu\/new\/wp-json\/wp\/v2\/posts\/831\/revisions"}],"predecessor-version":[{"id":840,"href":"https:\/\/szekacske.hu\/new\/wp-json\/wp\/v2\/posts\/831\/revisions\/840"}],"wp:attachment":[{"href":"https:\/\/szekacske.hu\/new\/wp-json\/wp\/v2\/media?parent=831"}],"wp:term":[{"taxonomy":"category","embeddable":true,"href":"https:\/\/szekacske.hu\/new\/wp-json\/wp\/v2\/categories?post=831"},{"taxonomy":"post_tag","embeddable":true,"href":"https:\/\/szekacske.hu\/new\/wp-json\/wp\/v2\/tags?post=831"}],"curies":[{"name":"wp","href":"https:\/\/api.w.org\/{rel}","templated":true}]}}