{"id":3441,"date":"2025-05-15T17:11:03","date_gmt":"2025-05-15T15:11:03","guid":{"rendered":"https:\/\/szekacske.hu\/new\/?p=3441"},"modified":"2025-05-15T17:12:41","modified_gmt":"2025-05-15T15:12:41","slug":"leany-u12-szaszberken-es-jaszberenyben-folytattuk","status":"publish","type":"post","link":"https:\/\/szekacske.hu\/new\/2025\/05\/15\/leany-u12-szaszberken-es-jaszberenyben-folytattuk\/","title":{"rendered":"Le\u00e1ny U12 &#8211; Sz\u00e1szberken \u00e9s J\u00e1szber\u00e9nyben folytattuk"},"content":{"rendered":"<p><strong>A Sz\u00e9k\u00e1cs KE I. csapata 2025.05.10-\u00e9n Sz\u00e1szberken, a Sz\u00e9k\u00e1cs KE II. csapata J\u00e1szber\u00e9nyben folytatta gyermekbajnoks\u00e1got.<\/strong><\/p>\n<p><a href=\"http:\/\/szekacske.hu\/new\/wp-content\/uploads\/2025\/05\/image0-4.jpeg\"><img loading=\"lazy\" decoding=\"async\" class=\"alignnone wp-image-3443\" src=\"http:\/\/szekacske.hu\/new\/wp-content\/uploads\/2025\/05\/image0-4-300x225.jpeg\" alt=\"\" width=\"1024\" height=\"768\" srcset=\"https:\/\/szekacske.hu\/new\/wp-content\/uploads\/2025\/05\/image0-4-300x225.jpeg 300w, https:\/\/szekacske.hu\/new\/wp-content\/uploads\/2025\/05\/image0-4-1024x768.jpeg 1024w, https:\/\/szekacske.hu\/new\/wp-content\/uploads\/2025\/05\/image0-4-150x113.jpeg 150w, https:\/\/szekacske.hu\/new\/wp-content\/uploads\/2025\/05\/image0-4-768x576.jpeg 768w, https:\/\/szekacske.hu\/new\/wp-content\/uploads\/2025\/05\/image0-4-1536x1152.jpeg 1536w, https:\/\/szekacske.hu\/new\/wp-content\/uploads\/2025\/05\/image0-4-128x96.jpeg 128w, https:\/\/szekacske.hu\/new\/wp-content\/uploads\/2025\/05\/image0-4-32x24.jpeg 32w, https:\/\/szekacske.hu\/new\/wp-content\/uploads\/2025\/05\/image0-4.jpeg 2048w\" sizes=\"auto, (max-width: 1024px) 100vw, 1024px\" \/><\/a><\/p>\n<p>Eredm\u00e9nyek:<\/p>\n<p><strong>ENUSE &#8211; Sz\u00e9k\u00e1cs KE I. 10:16<\/strong><br \/>\n<strong>Sz\u00e9k\u00e1cs KE I.- Gyomaendr\u0151di NKSE 31:10<\/strong><\/p>\n<blockquote><p>G\u00f6bly\u00f6s Tibor edz\u0151 (Sz\u00e9k\u00e1cs KE I.):<br \/>\nHa a csoport eredm\u00e9nyeit n\u00e9zz\u00fck akkor a k\u00e9t legjobb ellenf\u00e9llel m\u00e9rhett\u00fck \u00f6ssze a tud\u00e1sunkat a j\u00e1t\u00e9knapon. A fordul\u00f3 het\u00e9ben a l\u00e1nyok nagy r\u00e9sze folyamatosan sportversenyeken vettek r\u00e9szt, \u00edgy nem a legfrissebben \u00e9rkezt\u00fcnk a helysz\u00ednre, ennek ellen\u00e9re v\u00e9gig koncentr\u00e1lva, egym\u00e1st seg\u00edtve fegyelmezetten j\u00e1tszottak.<br \/>\nA kiv\u00e1l\u00f3 v\u00e9dekez\u00e9snek k\u00f6sz\u00f6nhet\u0151en siker\u00fclt az ellenfeleket elbizonytalan\u00edtani \u00e9s hib\u00e1kra k\u00e9sztetni, \u00edgy mindk\u00e9t meccs v\u00e9g\u00e9n gy\u0151ztesen j\u00f6tt le a csapat a p\u00e1ly\u00e1r\u00f3l. Nagyon b\u00fcszke voltam a l\u00e1nyokra, kiv\u00e1l\u00f3an k\u00fczd\u00f6ttek, mindenki a sz\u00edv\u00e9t-lelk\u00e9t beleadta, hogy sikerrel vegy\u00fck, ezt a k\u00e9t m\u00e9rk\u0151z\u00e9st.<\/p><\/blockquote>\n<hr \/>\n<p><a href=\"http:\/\/szekacske.hu\/new\/wp-content\/uploads\/2025\/05\/image1-4.jpeg\"><img loading=\"lazy\" decoding=\"async\" class=\"alignnone wp-image-3442\" src=\"http:\/\/szekacske.hu\/new\/wp-content\/uploads\/2025\/05\/image1-4-300x237.jpeg\" alt=\"\" width=\"1024\" height=\"810\" srcset=\"https:\/\/szekacske.hu\/new\/wp-content\/uploads\/2025\/05\/image1-4-300x237.jpeg 300w, https:\/\/szekacske.hu\/new\/wp-content\/uploads\/2025\/05\/image1-4-1024x810.jpeg 1024w, https:\/\/szekacske.hu\/new\/wp-content\/uploads\/2025\/05\/image1-4-150x119.jpeg 150w, https:\/\/szekacske.hu\/new\/wp-content\/uploads\/2025\/05\/image1-4-768x608.jpeg 768w, https:\/\/szekacske.hu\/new\/wp-content\/uploads\/2025\/05\/image1-4-128x101.jpeg 128w, https:\/\/szekacske.hu\/new\/wp-content\/uploads\/2025\/05\/image1-4-32x25.jpeg 32w, https:\/\/szekacske.hu\/new\/wp-content\/uploads\/2025\/05\/image1-4.jpeg 1536w\" sizes=\"auto, (max-width: 1024px) 100vw, 1024px\" \/><\/a><\/p>\n<p><strong>Aranyszarvas SE &#8211; Sz\u00e9k\u00e1cs KE II. 26:10<\/strong><br \/>\n<strong>Sz\u00e9k\u00e1cs KE II.- T\u00farkevei VSE 13:8<\/strong><\/p>\n<blockquote><p>Kat\u00f3 Fruzsina edz\u0151 (Sz\u00e9k\u00e1cs KE II.): Az els\u0151 m\u00e9rk\u0151z\u00e9sen az Aranyszarvas csapata ellen j\u00e1tszottunk, ahol az els\u0151 f\u00e9lid\u0151t nagyon visszafogottan kezdt\u00fck, kev\u00e9s g\u00f3lt tudtunk l\u0151ni. A m\u00e1sodik f\u00e9lid\u0151ben nagyon sz\u00e9p mozzanatokb\u00f3l tudtunk g\u00f3lt l\u0151ni. Illetve a v\u00e9dekez\u00e9sben is hat\u00e1rozottabbak voltunk, de sajnos ezt a m\u00e9rk\u0151z\u00e9st elvesztett\u00fck.<br \/>\nA m\u00e1sodik meccset a T\u00farkeve ellen j\u00e1tszottuk. Az els\u0151 f\u00e9lid\u0151 elej\u00e9n beragadtak a g\u00f3lok, f\u00e1radtan kezdt\u00fcnk. Majd visszar\u00e1z\u00f3dtunk a m\u00e9rk\u0151z\u00e9sbe \u00e9s siker\u00fclt ford\u00edtanunk \u00e9s egyre t\u00f6bb g\u00f3lt l\u0151n\u00fcnk. V\u00e9dekez\u00e9sben hat\u00e1rozottak voltunk, sok labd\u00e1t szerezt\u00fcnk. Ziccer helyzeteket olykor kihagytak, de a v\u00e9g\u00e9n 5 g\u00f3llal tudtunk nyerni. Az el\u0151z\u0151 m\u00e9rk\u0151z\u00e9sen a kapusunk fejl\u00f6v\u00e9st szenvedett, ez\u00e9rt az egyik mez\u0151nyj\u00e1t\u00e9kos \u00e1llt be a kapuba, aki szuper\u00fcl v\u00e9dett. Minden j\u00e1t\u00e9kosnak volt t\u00f6bb j\u00f3 megmozdul\u00e1sa, ez a gy\u0151zelem csapatmunka volt. Gratul\u00e1lok a l\u00e1nyoknak!<\/p><\/blockquote>\n","protected":false},"excerpt":{"rendered":"<p>A Sz\u00e9k\u00e1cs KE I. csapata 2025.05.10-\u00e9n Sz\u00e1szberken, a Sz\u00e9k\u00e1cs KE II. csapata J\u00e1szber\u00e9nyben folytatta gyermekbajnoks\u00e1got. Eredm\u00e9nyek: ENUSE &#8211; Sz\u00e9k\u00e1cs KE I. 10:16 Sz\u00e9k\u00e1cs KE I.- Gyomaendr\u0151di NKSE 31:10 G\u00f6bly\u00f6s Tibor edz\u0151 (Sz\u00e9k\u00e1cs KE I.): Ha a csoport eredm\u00e9nyeit n\u00e9zz\u00fck akkor a k\u00e9t legjobb ellenf\u00e9llel m\u00e9rhett\u00fck \u00f6ssze a tud\u00e1sunkat a j\u00e1t\u00e9knapon. A fordul\u00f3 het\u00e9ben a l\u00e1nyok [&hellip;]<\/p>\n","protected":false},"author":3,"featured_media":0,"comment_status":"open","ping_status":"open","sticky":false,"template":"","format":"standard","meta":{"footnotes":""},"categories":[24],"tags":[118],"class_list":["post-3441","post","type-post","status-publish","format-standard","hentry","category-hirek","tag-lu12"],"yoast_head":"<!-- This site is optimized with the Yoast SEO plugin v27.5 - https:\/\/yoast.com\/product\/yoast-seo-wordpress\/ -->\n<title>Le\u00e1ny U12 - Sz\u00e1szberken \u00e9s J\u00e1szber\u00e9nyben folytattuk - Sz\u00e9k\u00e1cs KE<\/title>\n<meta name=\"robots\" content=\"index, follow, max-snippet:-1, max-image-preview:large, max-video-preview:-1\" \/>\n<link rel=\"canonical\" href=\"https:\/\/szekacske.hu\/new\/2025\/05\/15\/leany-u12-szaszberken-es-jaszberenyben-folytattuk\/\" \/>\n<meta property=\"og:locale\" content=\"hu_HU\" \/>\n<meta property=\"og:type\" content=\"article\" \/>\n<meta property=\"og:title\" content=\"Le\u00e1ny U12 - Sz\u00e1szberken \u00e9s J\u00e1szber\u00e9nyben folytattuk - Sz\u00e9k\u00e1cs KE\" \/>\n<meta property=\"og:description\" content=\"A Sz\u00e9k\u00e1cs KE I. csapata 2025.05.10-\u00e9n Sz\u00e1szberken, a Sz\u00e9k\u00e1cs KE II. csapata J\u00e1szber\u00e9nyben folytatta gyermekbajnoks\u00e1got. Eredm\u00e9nyek: ENUSE &#8211; Sz\u00e9k\u00e1cs KE I. 10:16 Sz\u00e9k\u00e1cs KE I.- Gyomaendr\u0151di NKSE 31:10 G\u00f6bly\u00f6s Tibor edz\u0151 (Sz\u00e9k\u00e1cs KE I.): Ha a csoport eredm\u00e9nyeit n\u00e9zz\u00fck akkor a k\u00e9t legjobb ellenf\u00e9llel m\u00e9rhett\u00fck \u00f6ssze a tud\u00e1sunkat a j\u00e1t\u00e9knapon. A fordul\u00f3 het\u00e9ben a l\u00e1nyok [&hellip;]\" \/>\n<meta property=\"og:url\" content=\"https:\/\/szekacske.hu\/new\/2025\/05\/15\/leany-u12-szaszberken-es-jaszberenyben-folytattuk\/\" \/>\n<meta property=\"og:site_name\" content=\"Sz\u00e9k\u00e1cs KE\" \/>\n<meta property=\"article:published_time\" content=\"2025-05-15T15:11:03+00:00\" \/>\n<meta property=\"article:modified_time\" content=\"2025-05-15T15:12:41+00:00\" \/>\n<meta property=\"og:image\" content=\"https:\/\/szekacske.hu\/new\/wp-content\/uploads\/2025\/05\/image0-4.jpeg\" \/>\n\t<meta property=\"og:image:width\" content=\"2048\" \/>\n\t<meta property=\"og:image:height\" content=\"1536\" \/>\n\t<meta property=\"og:image:type\" content=\"image\/jpeg\" \/>\n<meta name=\"author\" content=\"Hudu Csaba\" \/>\n<meta name=\"twitter:card\" content=\"summary_large_image\" \/>\n<meta name=\"twitter:label1\" content=\"Szerz\u0151:\" \/>\n\t<meta name=\"twitter:data1\" content=\"Hudu Csaba\" \/>\n\t<meta name=\"twitter:label2\" content=\"Becs\u00fclt olvas\u00e1si id\u0151\" \/>\n\t<meta name=\"twitter:data2\" content=\"1 perc\" \/>\n<script type=\"application\/ld+json\" class=\"yoast-schema-graph\">{\"@context\":\"https:\\\/\\\/schema.org\",\"@graph\":[{\"@type\":\"Article\",\"@id\":\"https:\\\/\\\/szekacske.hu\\\/new\\\/2025\\\/05\\\/15\\\/leany-u12-szaszberken-es-jaszberenyben-folytattuk\\\/#article\",\"isPartOf\":{\"@id\":\"https:\\\/\\\/szekacske.hu\\\/new\\\/2025\\\/05\\\/15\\\/leany-u12-szaszberken-es-jaszberenyben-folytattuk\\\/\"},\"author\":{\"name\":\"Hudu Csaba\",\"@id\":\"https:\\\/\\\/szekacske.hu\\\/new\\\/#\\\/schema\\\/person\\\/1b98dcad88a429be1d6d889d1ceff05c\"},\"headline\":\"Le\u00e1ny U12 &#8211; Sz\u00e1szberken \u00e9s J\u00e1szber\u00e9nyben folytattuk\",\"datePublished\":\"2025-05-15T15:11:03+00:00\",\"dateModified\":\"2025-05-15T15:12:41+00:00\",\"mainEntityOfPage\":{\"@id\":\"https:\\\/\\\/szekacske.hu\\\/new\\\/2025\\\/05\\\/15\\\/leany-u12-szaszberken-es-jaszberenyben-folytattuk\\\/\"},\"wordCount\":410,\"commentCount\":0,\"image\":{\"@id\":\"https:\\\/\\\/szekacske.hu\\\/new\\\/2025\\\/05\\\/15\\\/leany-u12-szaszberken-es-jaszberenyben-folytattuk\\\/#primaryimage\"},\"thumbnailUrl\":\"http:\\\/\\\/szekacske.hu\\\/new\\\/wp-content\\\/uploads\\\/2025\\\/05\\\/image0-4-300x225.jpeg\",\"keywords\":[\"LU12\"],\"articleSection\":[\"H\u00edrek\"],\"inLanguage\":\"hu\",\"potentialAction\":[{\"@type\":\"CommentAction\",\"name\":\"Comment\",\"target\":[\"https:\\\/\\\/szekacske.hu\\\/new\\\/2025\\\/05\\\/15\\\/leany-u12-szaszberken-es-jaszberenyben-folytattuk\\\/#respond\"]}]},{\"@type\":\"WebPage\",\"@id\":\"https:\\\/\\\/szekacske.hu\\\/new\\\/2025\\\/05\\\/15\\\/leany-u12-szaszberken-es-jaszberenyben-folytattuk\\\/\",\"url\":\"https:\\\/\\\/szekacske.hu\\\/new\\\/2025\\\/05\\\/15\\\/leany-u12-szaszberken-es-jaszberenyben-folytattuk\\\/\",\"name\":\"Le\u00e1ny U12 - Sz\u00e1szberken \u00e9s J\u00e1szber\u00e9nyben folytattuk - Sz\u00e9k\u00e1cs KE\",\"isPartOf\":{\"@id\":\"https:\\\/\\\/szekacske.hu\\\/new\\\/#website\"},\"primaryImageOfPage\":{\"@id\":\"https:\\\/\\\/szekacske.hu\\\/new\\\/2025\\\/05\\\/15\\\/leany-u12-szaszberken-es-jaszberenyben-folytattuk\\\/#primaryimage\"},\"image\":{\"@id\":\"https:\\\/\\\/szekacske.hu\\\/new\\\/2025\\\/05\\\/15\\\/leany-u12-szaszberken-es-jaszberenyben-folytattuk\\\/#primaryimage\"},\"thumbnailUrl\":\"http:\\\/\\\/szekacske.hu\\\/new\\\/wp-content\\\/uploads\\\/2025\\\/05\\\/image0-4-300x225.jpeg\",\"datePublished\":\"2025-05-15T15:11:03+00:00\",\"dateModified\":\"2025-05-15T15:12:41+00:00\",\"author\":{\"@id\":\"https:\\\/\\\/szekacske.hu\\\/new\\\/#\\\/schema\\\/person\\\/1b98dcad88a429be1d6d889d1ceff05c\"},\"breadcrumb\":{\"@id\":\"https:\\\/\\\/szekacske.hu\\\/new\\\/2025\\\/05\\\/15\\\/leany-u12-szaszberken-es-jaszberenyben-folytattuk\\\/#breadcrumb\"},\"inLanguage\":\"hu\",\"potentialAction\":[{\"@type\":\"ReadAction\",\"target\":[\"https:\\\/\\\/szekacske.hu\\\/new\\\/2025\\\/05\\\/15\\\/leany-u12-szaszberken-es-jaszberenyben-folytattuk\\\/\"]}]},{\"@type\":\"ImageObject\",\"inLanguage\":\"hu\",\"@id\":\"https:\\\/\\\/szekacske.hu\\\/new\\\/2025\\\/05\\\/15\\\/leany-u12-szaszberken-es-jaszberenyben-folytattuk\\\/#primaryimage\",\"url\":\"http:\\\/\\\/szekacske.hu\\\/new\\\/wp-content\\\/uploads\\\/2025\\\/05\\\/image0-4-300x225.jpeg\",\"contentUrl\":\"http:\\\/\\\/szekacske.hu\\\/new\\\/wp-content\\\/uploads\\\/2025\\\/05\\\/image0-4-300x225.jpeg\"},{\"@type\":\"BreadcrumbList\",\"@id\":\"https:\\\/\\\/szekacske.hu\\\/new\\\/2025\\\/05\\\/15\\\/leany-u12-szaszberken-es-jaszberenyben-folytattuk\\\/#breadcrumb\",\"itemListElement\":[{\"@type\":\"ListItem\",\"position\":1,\"name\":\"Kezd\u0151lap\",\"item\":\"https:\\\/\\\/szekacske.hu\\\/new\\\/\"},{\"@type\":\"ListItem\",\"position\":2,\"name\":\"Le\u00e1ny U12 &#8211; Sz\u00e1szberken \u00e9s J\u00e1szber\u00e9nyben folytattuk\"}]},{\"@type\":\"WebSite\",\"@id\":\"https:\\\/\\\/szekacske.hu\\\/new\\\/#website\",\"url\":\"https:\\\/\\\/szekacske.hu\\\/new\\\/\",\"name\":\"Sz\u00e9k\u00e1cs KE\",\"description\":\"T\u00f6r\u00f6kszentmikl\u00f3si Sz\u00e9k\u00e1cs KE hivatalos honlapja\",\"potentialAction\":[{\"@type\":\"SearchAction\",\"target\":{\"@type\":\"EntryPoint\",\"urlTemplate\":\"https:\\\/\\\/szekacske.hu\\\/new\\\/?s={search_term_string}\"},\"query-input\":{\"@type\":\"PropertyValueSpecification\",\"valueRequired\":true,\"valueName\":\"search_term_string\"}}],\"inLanguage\":\"hu\"},{\"@type\":\"Person\",\"@id\":\"https:\\\/\\\/szekacske.hu\\\/new\\\/#\\\/schema\\\/person\\\/1b98dcad88a429be1d6d889d1ceff05c\",\"name\":\"Hudu Csaba\",\"image\":{\"@type\":\"ImageObject\",\"inLanguage\":\"hu\",\"@id\":\"https:\\\/\\\/secure.gravatar.com\\\/avatar\\\/eed0dafe15853c848fa7aa47475b14c1975c1fdb204811bb8c23c2cc7e066847?s=96&d=mm&r=g\",\"url\":\"https:\\\/\\\/secure.gravatar.com\\\/avatar\\\/eed0dafe15853c848fa7aa47475b14c1975c1fdb204811bb8c23c2cc7e066847?s=96&d=mm&r=g\",\"contentUrl\":\"https:\\\/\\\/secure.gravatar.com\\\/avatar\\\/eed0dafe15853c848fa7aa47475b14c1975c1fdb204811bb8c23c2cc7e066847?s=96&d=mm&r=g\",\"caption\":\"Hudu Csaba\"},\"url\":\"https:\\\/\\\/szekacske.hu\\\/new\\\/author\\\/hcsaba\\\/\"}]}<\/script>\n<!-- \/ Yoast SEO plugin. -->","yoast_head_json":{"title":"Le\u00e1ny U12 - Sz\u00e1szberken \u00e9s J\u00e1szber\u00e9nyben folytattuk - Sz\u00e9k\u00e1cs KE","robots":{"index":"index","follow":"follow","max-snippet":"max-snippet:-1","max-image-preview":"max-image-preview:large","max-video-preview":"max-video-preview:-1"},"canonical":"https:\/\/szekacske.hu\/new\/2025\/05\/15\/leany-u12-szaszberken-es-jaszberenyben-folytattuk\/","og_locale":"hu_HU","og_type":"article","og_title":"Le\u00e1ny U12 - Sz\u00e1szberken \u00e9s J\u00e1szber\u00e9nyben folytattuk - Sz\u00e9k\u00e1cs KE","og_description":"A Sz\u00e9k\u00e1cs KE I. csapata 2025.05.10-\u00e9n Sz\u00e1szberken, a Sz\u00e9k\u00e1cs KE II. csapata J\u00e1szber\u00e9nyben folytatta gyermekbajnoks\u00e1got. Eredm\u00e9nyek: ENUSE &#8211; Sz\u00e9k\u00e1cs KE I. 10:16 Sz\u00e9k\u00e1cs KE I.- Gyomaendr\u0151di NKSE 31:10 G\u00f6bly\u00f6s Tibor edz\u0151 (Sz\u00e9k\u00e1cs KE I.): Ha a csoport eredm\u00e9nyeit n\u00e9zz\u00fck akkor a k\u00e9t legjobb ellenf\u00e9llel m\u00e9rhett\u00fck \u00f6ssze a tud\u00e1sunkat a j\u00e1t\u00e9knapon. A fordul\u00f3 het\u00e9ben a l\u00e1nyok [&hellip;]","og_url":"https:\/\/szekacske.hu\/new\/2025\/05\/15\/leany-u12-szaszberken-es-jaszberenyben-folytattuk\/","og_site_name":"Sz\u00e9k\u00e1cs KE","article_published_time":"2025-05-15T15:11:03+00:00","article_modified_time":"2025-05-15T15:12:41+00:00","og_image":[{"width":2048,"height":1536,"url":"https:\/\/szekacske.hu\/new\/wp-content\/uploads\/2025\/05\/image0-4.jpeg","type":"image\/jpeg"}],"author":"Hudu Csaba","twitter_card":"summary_large_image","twitter_misc":{"Szerz\u0151:":"Hudu Csaba","Becs\u00fclt olvas\u00e1si id\u0151":"1 perc"},"schema":{"@context":"https:\/\/schema.org","@graph":[{"@type":"Article","@id":"https:\/\/szekacske.hu\/new\/2025\/05\/15\/leany-u12-szaszberken-es-jaszberenyben-folytattuk\/#article","isPartOf":{"@id":"https:\/\/szekacske.hu\/new\/2025\/05\/15\/leany-u12-szaszberken-es-jaszberenyben-folytattuk\/"},"author":{"name":"Hudu Csaba","@id":"https:\/\/szekacske.hu\/new\/#\/schema\/person\/1b98dcad88a429be1d6d889d1ceff05c"},"headline":"Le\u00e1ny U12 &#8211; Sz\u00e1szberken \u00e9s J\u00e1szber\u00e9nyben folytattuk","datePublished":"2025-05-15T15:11:03+00:00","dateModified":"2025-05-15T15:12:41+00:00","mainEntityOfPage":{"@id":"https:\/\/szekacske.hu\/new\/2025\/05\/15\/leany-u12-szaszberken-es-jaszberenyben-folytattuk\/"},"wordCount":410,"commentCount":0,"image":{"@id":"https:\/\/szekacske.hu\/new\/2025\/05\/15\/leany-u12-szaszberken-es-jaszberenyben-folytattuk\/#primaryimage"},"thumbnailUrl":"http:\/\/szekacske.hu\/new\/wp-content\/uploads\/2025\/05\/image0-4-300x225.jpeg","keywords":["LU12"],"articleSection":["H\u00edrek"],"inLanguage":"hu","potentialAction":[{"@type":"CommentAction","name":"Comment","target":["https:\/\/szekacske.hu\/new\/2025\/05\/15\/leany-u12-szaszberken-es-jaszberenyben-folytattuk\/#respond"]}]},{"@type":"WebPage","@id":"https:\/\/szekacske.hu\/new\/2025\/05\/15\/leany-u12-szaszberken-es-jaszberenyben-folytattuk\/","url":"https:\/\/szekacske.hu\/new\/2025\/05\/15\/leany-u12-szaszberken-es-jaszberenyben-folytattuk\/","name":"Le\u00e1ny U12 - Sz\u00e1szberken \u00e9s J\u00e1szber\u00e9nyben folytattuk - Sz\u00e9k\u00e1cs KE","isPartOf":{"@id":"https:\/\/szekacske.hu\/new\/#website"},"primaryImageOfPage":{"@id":"https:\/\/szekacske.hu\/new\/2025\/05\/15\/leany-u12-szaszberken-es-jaszberenyben-folytattuk\/#primaryimage"},"image":{"@id":"https:\/\/szekacske.hu\/new\/2025\/05\/15\/leany-u12-szaszberken-es-jaszberenyben-folytattuk\/#primaryimage"},"thumbnailUrl":"http:\/\/szekacske.hu\/new\/wp-content\/uploads\/2025\/05\/image0-4-300x225.jpeg","datePublished":"2025-05-15T15:11:03+00:00","dateModified":"2025-05-15T15:12:41+00:00","author":{"@id":"https:\/\/szekacske.hu\/new\/#\/schema\/person\/1b98dcad88a429be1d6d889d1ceff05c"},"breadcrumb":{"@id":"https:\/\/szekacske.hu\/new\/2025\/05\/15\/leany-u12-szaszberken-es-jaszberenyben-folytattuk\/#breadcrumb"},"inLanguage":"hu","potentialAction":[{"@type":"ReadAction","target":["https:\/\/szekacske.hu\/new\/2025\/05\/15\/leany-u12-szaszberken-es-jaszberenyben-folytattuk\/"]}]},{"@type":"ImageObject","inLanguage":"hu","@id":"https:\/\/szekacske.hu\/new\/2025\/05\/15\/leany-u12-szaszberken-es-jaszberenyben-folytattuk\/#primaryimage","url":"http:\/\/szekacske.hu\/new\/wp-content\/uploads\/2025\/05\/image0-4-300x225.jpeg","contentUrl":"http:\/\/szekacske.hu\/new\/wp-content\/uploads\/2025\/05\/image0-4-300x225.jpeg"},{"@type":"BreadcrumbList","@id":"https:\/\/szekacske.hu\/new\/2025\/05\/15\/leany-u12-szaszberken-es-jaszberenyben-folytattuk\/#breadcrumb","itemListElement":[{"@type":"ListItem","position":1,"name":"Kezd\u0151lap","item":"https:\/\/szekacske.hu\/new\/"},{"@type":"ListItem","position":2,"name":"Le\u00e1ny U12 &#8211; Sz\u00e1szberken \u00e9s J\u00e1szber\u00e9nyben folytattuk"}]},{"@type":"WebSite","@id":"https:\/\/szekacske.hu\/new\/#website","url":"https:\/\/szekacske.hu\/new\/","name":"Sz\u00e9k\u00e1cs KE","description":"T\u00f6r\u00f6kszentmikl\u00f3si Sz\u00e9k\u00e1cs KE hivatalos honlapja","potentialAction":[{"@type":"SearchAction","target":{"@type":"EntryPoint","urlTemplate":"https:\/\/szekacske.hu\/new\/?s={search_term_string}"},"query-input":{"@type":"PropertyValueSpecification","valueRequired":true,"valueName":"search_term_string"}}],"inLanguage":"hu"},{"@type":"Person","@id":"https:\/\/szekacske.hu\/new\/#\/schema\/person\/1b98dcad88a429be1d6d889d1ceff05c","name":"Hudu Csaba","image":{"@type":"ImageObject","inLanguage":"hu","@id":"https:\/\/secure.gravatar.com\/avatar\/eed0dafe15853c848fa7aa47475b14c1975c1fdb204811bb8c23c2cc7e066847?s=96&d=mm&r=g","url":"https:\/\/secure.gravatar.com\/avatar\/eed0dafe15853c848fa7aa47475b14c1975c1fdb204811bb8c23c2cc7e066847?s=96&d=mm&r=g","contentUrl":"https:\/\/secure.gravatar.com\/avatar\/eed0dafe15853c848fa7aa47475b14c1975c1fdb204811bb8c23c2cc7e066847?s=96&d=mm&r=g","caption":"Hudu Csaba"},"url":"https:\/\/szekacske.hu\/new\/author\/hcsaba\/"}]}},"_links":{"self":[{"href":"https:\/\/szekacske.hu\/new\/wp-json\/wp\/v2\/posts\/3441","targetHints":{"allow":["GET"]}}],"collection":[{"href":"https:\/\/szekacske.hu\/new\/wp-json\/wp\/v2\/posts"}],"about":[{"href":"https:\/\/szekacske.hu\/new\/wp-json\/wp\/v2\/types\/post"}],"author":[{"embeddable":true,"href":"https:\/\/szekacske.hu\/new\/wp-json\/wp\/v2\/users\/3"}],"replies":[{"embeddable":true,"href":"https:\/\/szekacske.hu\/new\/wp-json\/wp\/v2\/comments?post=3441"}],"version-history":[{"count":4,"href":"https:\/\/szekacske.hu\/new\/wp-json\/wp\/v2\/posts\/3441\/revisions"}],"predecessor-version":[{"id":3447,"href":"https:\/\/szekacske.hu\/new\/wp-json\/wp\/v2\/posts\/3441\/revisions\/3447"}],"wp:attachment":[{"href":"https:\/\/szekacske.hu\/new\/wp-json\/wp\/v2\/media?parent=3441"}],"wp:term":[{"taxonomy":"category","embeddable":true,"href":"https:\/\/szekacske.hu\/new\/wp-json\/wp\/v2\/categories?post=3441"},{"taxonomy":"post_tag","embeddable":true,"href":"https:\/\/szekacske.hu\/new\/wp-json\/wp\/v2\/tags?post=3441"}],"curies":[{"name":"wp","href":"https:\/\/api.w.org\/{rel}","templated":true}]}}