{"id":3100,"date":"2024-11-28T16:47:50","date_gmt":"2024-11-28T15:47:50","guid":{"rendered":"https:\/\/szekacske.hu\/new\/?p=3100"},"modified":"2024-11-28T16:47:50","modified_gmt":"2024-11-28T15:47:50","slug":"fiu-u12-tiszakecsken-szerepeltunk","status":"publish","type":"post","link":"https:\/\/szekacske.hu\/new\/2024\/11\/28\/fiu-u12-tiszakecsken-szerepeltunk\/","title":{"rendered":"Fi\u00fa U12 &#8211; Tiszak\u00e9csk\u00e9n szerepelt\u00fcnk"},"content":{"rendered":"<p><strong>Az U12-es csapatunk a soron k\u00f6vetkez\u0151 fordul\u00f3ban Tiszak\u00e9csk\u00e9re l\u00e1togatott, ahol a S\u00fct\u0151 K\u00e9zisuli, valamint a Zeng\u0151 Alf\u00f6ld Orosh\u00e1zi Club Egyes\u00fclet ellen l\u00e9ptek p\u00e1ly\u00e1ra.<\/strong><\/p>\n<p><a href=\"http:\/\/szekacske.hu\/new\/wp-content\/uploads\/2024\/11\/IMG_8592-scaled.jpeg\"><img loading=\"lazy\" decoding=\"async\" class=\"alignnone wp-image-3101\" src=\"http:\/\/szekacske.hu\/new\/wp-content\/uploads\/2024\/11\/IMG_8592-300x225.jpeg\" alt=\"\" width=\"1024\" height=\"768\" srcset=\"https:\/\/szekacske.hu\/new\/wp-content\/uploads\/2024\/11\/IMG_8592-300x225.jpeg 300w, https:\/\/szekacske.hu\/new\/wp-content\/uploads\/2024\/11\/IMG_8592-1024x768.jpeg 1024w, https:\/\/szekacske.hu\/new\/wp-content\/uploads\/2024\/11\/IMG_8592-150x113.jpeg 150w, https:\/\/szekacske.hu\/new\/wp-content\/uploads\/2024\/11\/IMG_8592-768x576.jpeg 768w, https:\/\/szekacske.hu\/new\/wp-content\/uploads\/2024\/11\/IMG_8592-1536x1152.jpeg 1536w, https:\/\/szekacske.hu\/new\/wp-content\/uploads\/2024\/11\/IMG_8592-2048x1536.jpeg 2048w, https:\/\/szekacske.hu\/new\/wp-content\/uploads\/2024\/11\/IMG_8592-128x96.jpeg 128w, https:\/\/szekacske.hu\/new\/wp-content\/uploads\/2024\/11\/IMG_8592-32x24.jpeg 32w\" sizes=\"auto, (max-width: 1024px) 100vw, 1024px\" \/><\/a><\/p>\n<p>A S\u00fct\u0151 K\u00e9zisuli ellen a gyerekek az els\u0151 j\u00e1t\u00e9kr\u00e9szben j\u00f3l tartott\u00e1k magukat, majd a m\u00e1sodik j\u00e1t\u00e9kr\u00e9szben t\u00f6bb technikai hib\u00e1t v\u00e9tettek, amelyet az ellenf\u00e9l kihaszn\u00e1lt \u00e9s a hib\u00e1kat g\u00f3lokkal b\u00fcntett\u00e9k. A m\u00e1sodik m\u00e9rk\u0151z\u00e9sen kapkod\u00f3san, sok hib\u00e1val kezdtek a gyerekek, de v\u00e9g\u00e9n \u00f6ssze\u00e1llt a v\u00e9dekez\u00e9s, illetve a t\u00e1mad\u00f3j\u00e1t\u00e9k \u00e9s magabiztos gy\u0151zelmet arattak a Sz\u00e9k\u00e1csos fi\u00fak.<\/p>\n<blockquote><p>Nyes\u0151 P\u00e9ter : Az els\u0151 m\u00e9rk\u0151z\u00e9sen l\u00e1tottakkal r\u00e9szben voltam el\u00e9gedett, kaptunk 20 g\u00f3lt, amely 40 perc alatt azt gondolom rendben van, viszont a l\u0151tt 12 g\u00f3llal m\u00e1r nem vagyok el\u00e9gedett. Tov\u00e1bbra is az a c\u00e9lom, hogy mindenki megfelel\u0151 j\u00e1t\u00e9kid\u0151t kapjon, illetve teljes sor cser\u00e9t hajtsak v\u00e9gre, mivel a gyerekek ez\u00e9rt dolgoznak h\u00e9tr\u0151l-h\u00e9tre, hogy ott lehessenek a csapattal, ebb\u0151l kifoly\u00f3lag mindenkit\u0151l azt v\u00e1rom el, amelyre igaz\u00e1b\u00f3l k\u00e9pes, azonban az els\u0151 m\u00e9rk\u0151z\u00e9sen t\u00f6bben elmaradtak a tud\u00e1suk jav\u00e1t\u00f3l. Sokkal b\u00e1trabbnak kell lenni \u00e9s fel kell v\u00e1llalni a helyzeteket, \u00e9s azt magabiztosan kell g\u00f3lra v\u00e1ltani. Nagyon b\u00edzom a csapatban, amely azt gondolom sokra hivatott a j\u00f6v\u0151ben, dolgozunk tov\u00e1bb \u00e9s meglesz mindennek az eredm\u00e9nye !<\/p><\/blockquote>\n","protected":false},"excerpt":{"rendered":"<p>Az U12-es csapatunk a soron k\u00f6vetkez\u0151 fordul\u00f3ban Tiszak\u00e9csk\u00e9re l\u00e1togatott, ahol a S\u00fct\u0151 K\u00e9zisuli, valamint a Zeng\u0151 Alf\u00f6ld Orosh\u00e1zi Club Egyes\u00fclet ellen l\u00e9ptek p\u00e1ly\u00e1ra. A S\u00fct\u0151 K\u00e9zisuli ellen a gyerekek az els\u0151 j\u00e1t\u00e9kr\u00e9szben j\u00f3l tartott\u00e1k magukat, majd a m\u00e1sodik j\u00e1t\u00e9kr\u00e9szben t\u00f6bb technikai hib\u00e1t v\u00e9tettek, amelyet az ellenf\u00e9l kihaszn\u00e1lt \u00e9s a hib\u00e1kat g\u00f3lokkal b\u00fcntett\u00e9k. A m\u00e1sodik m\u00e9rk\u0151z\u00e9sen [&hellip;]<\/p>\n","protected":false},"author":3,"featured_media":0,"comment_status":"open","ping_status":"open","sticky":false,"template":"","format":"standard","meta":{"footnotes":""},"categories":[24],"tags":[119],"class_list":["post-3100","post","type-post","status-publish","format-standard","hentry","category-hirek","tag-fu12"],"yoast_head":"<!-- This site is optimized with the Yoast SEO plugin v27.5 - https:\/\/yoast.com\/product\/yoast-seo-wordpress\/ -->\n<title>Fi\u00fa U12 - Tiszak\u00e9csk\u00e9n szerepelt\u00fcnk - Sz\u00e9k\u00e1cs KE<\/title>\n<meta name=\"robots\" content=\"index, follow, max-snippet:-1, max-image-preview:large, max-video-preview:-1\" \/>\n<link rel=\"canonical\" href=\"https:\/\/szekacske.hu\/new\/2024\/11\/28\/fiu-u12-tiszakecsken-szerepeltunk\/\" \/>\n<meta property=\"og:locale\" content=\"hu_HU\" \/>\n<meta property=\"og:type\" content=\"article\" \/>\n<meta property=\"og:title\" content=\"Fi\u00fa U12 - Tiszak\u00e9csk\u00e9n szerepelt\u00fcnk - Sz\u00e9k\u00e1cs KE\" \/>\n<meta property=\"og:description\" content=\"Az U12-es csapatunk a soron k\u00f6vetkez\u0151 fordul\u00f3ban Tiszak\u00e9csk\u00e9re l\u00e1togatott, ahol a S\u00fct\u0151 K\u00e9zisuli, valamint a Zeng\u0151 Alf\u00f6ld Orosh\u00e1zi Club Egyes\u00fclet ellen l\u00e9ptek p\u00e1ly\u00e1ra. A S\u00fct\u0151 K\u00e9zisuli ellen a gyerekek az els\u0151 j\u00e1t\u00e9kr\u00e9szben j\u00f3l tartott\u00e1k magukat, majd a m\u00e1sodik j\u00e1t\u00e9kr\u00e9szben t\u00f6bb technikai hib\u00e1t v\u00e9tettek, amelyet az ellenf\u00e9l kihaszn\u00e1lt \u00e9s a hib\u00e1kat g\u00f3lokkal b\u00fcntett\u00e9k. A m\u00e1sodik m\u00e9rk\u0151z\u00e9sen [&hellip;]\" \/>\n<meta property=\"og:url\" content=\"https:\/\/szekacske.hu\/new\/2024\/11\/28\/fiu-u12-tiszakecsken-szerepeltunk\/\" \/>\n<meta property=\"og:site_name\" content=\"Sz\u00e9k\u00e1cs KE\" \/>\n<meta property=\"article:published_time\" content=\"2024-11-28T15:47:50+00:00\" \/>\n<meta property=\"og:image\" content=\"https:\/\/szekacske.hu\/new\/wp-content\/uploads\/2024\/11\/IMG_8592-scaled.jpeg\" \/>\n\t<meta property=\"og:image:width\" content=\"2560\" \/>\n\t<meta property=\"og:image:height\" content=\"1920\" \/>\n\t<meta property=\"og:image:type\" content=\"image\/jpeg\" \/>\n<meta name=\"author\" content=\"Hudu Csaba\" \/>\n<meta name=\"twitter:card\" content=\"summary_large_image\" \/>\n<meta name=\"twitter:label1\" content=\"Szerz\u0151:\" \/>\n\t<meta name=\"twitter:data1\" content=\"Hudu Csaba\" \/>\n\t<meta name=\"twitter:label2\" content=\"Becs\u00fclt olvas\u00e1si id\u0151\" \/>\n\t<meta name=\"twitter:data2\" content=\"1 perc\" \/>\n<script type=\"application\/ld+json\" class=\"yoast-schema-graph\">{\"@context\":\"https:\\\/\\\/schema.org\",\"@graph\":[{\"@type\":\"Article\",\"@id\":\"https:\\\/\\\/szekacske.hu\\\/new\\\/2024\\\/11\\\/28\\\/fiu-u12-tiszakecsken-szerepeltunk\\\/#article\",\"isPartOf\":{\"@id\":\"https:\\\/\\\/szekacske.hu\\\/new\\\/2024\\\/11\\\/28\\\/fiu-u12-tiszakecsken-szerepeltunk\\\/\"},\"author\":{\"name\":\"Hudu Csaba\",\"@id\":\"https:\\\/\\\/szekacske.hu\\\/new\\\/#\\\/schema\\\/person\\\/1b98dcad88a429be1d6d889d1ceff05c\"},\"headline\":\"Fi\u00fa U12 &#8211; Tiszak\u00e9csk\u00e9n szerepelt\u00fcnk\",\"datePublished\":\"2024-11-28T15:47:50+00:00\",\"mainEntityOfPage\":{\"@id\":\"https:\\\/\\\/szekacske.hu\\\/new\\\/2024\\\/11\\\/28\\\/fiu-u12-tiszakecsken-szerepeltunk\\\/\"},\"wordCount\":288,\"commentCount\":0,\"image\":{\"@id\":\"https:\\\/\\\/szekacske.hu\\\/new\\\/2024\\\/11\\\/28\\\/fiu-u12-tiszakecsken-szerepeltunk\\\/#primaryimage\"},\"thumbnailUrl\":\"http:\\\/\\\/szekacske.hu\\\/new\\\/wp-content\\\/uploads\\\/2024\\\/11\\\/IMG_8592-300x225.jpeg\",\"keywords\":[\"FU12\"],\"articleSection\":[\"H\u00edrek\"],\"inLanguage\":\"hu\",\"potentialAction\":[{\"@type\":\"CommentAction\",\"name\":\"Comment\",\"target\":[\"https:\\\/\\\/szekacske.hu\\\/new\\\/2024\\\/11\\\/28\\\/fiu-u12-tiszakecsken-szerepeltunk\\\/#respond\"]}]},{\"@type\":\"WebPage\",\"@id\":\"https:\\\/\\\/szekacske.hu\\\/new\\\/2024\\\/11\\\/28\\\/fiu-u12-tiszakecsken-szerepeltunk\\\/\",\"url\":\"https:\\\/\\\/szekacske.hu\\\/new\\\/2024\\\/11\\\/28\\\/fiu-u12-tiszakecsken-szerepeltunk\\\/\",\"name\":\"Fi\u00fa U12 - Tiszak\u00e9csk\u00e9n szerepelt\u00fcnk - Sz\u00e9k\u00e1cs KE\",\"isPartOf\":{\"@id\":\"https:\\\/\\\/szekacske.hu\\\/new\\\/#website\"},\"primaryImageOfPage\":{\"@id\":\"https:\\\/\\\/szekacske.hu\\\/new\\\/2024\\\/11\\\/28\\\/fiu-u12-tiszakecsken-szerepeltunk\\\/#primaryimage\"},\"image\":{\"@id\":\"https:\\\/\\\/szekacske.hu\\\/new\\\/2024\\\/11\\\/28\\\/fiu-u12-tiszakecsken-szerepeltunk\\\/#primaryimage\"},\"thumbnailUrl\":\"http:\\\/\\\/szekacske.hu\\\/new\\\/wp-content\\\/uploads\\\/2024\\\/11\\\/IMG_8592-300x225.jpeg\",\"datePublished\":\"2024-11-28T15:47:50+00:00\",\"author\":{\"@id\":\"https:\\\/\\\/szekacske.hu\\\/new\\\/#\\\/schema\\\/person\\\/1b98dcad88a429be1d6d889d1ceff05c\"},\"breadcrumb\":{\"@id\":\"https:\\\/\\\/szekacske.hu\\\/new\\\/2024\\\/11\\\/28\\\/fiu-u12-tiszakecsken-szerepeltunk\\\/#breadcrumb\"},\"inLanguage\":\"hu\",\"potentialAction\":[{\"@type\":\"ReadAction\",\"target\":[\"https:\\\/\\\/szekacske.hu\\\/new\\\/2024\\\/11\\\/28\\\/fiu-u12-tiszakecsken-szerepeltunk\\\/\"]}]},{\"@type\":\"ImageObject\",\"inLanguage\":\"hu\",\"@id\":\"https:\\\/\\\/szekacske.hu\\\/new\\\/2024\\\/11\\\/28\\\/fiu-u12-tiszakecsken-szerepeltunk\\\/#primaryimage\",\"url\":\"http:\\\/\\\/szekacske.hu\\\/new\\\/wp-content\\\/uploads\\\/2024\\\/11\\\/IMG_8592-300x225.jpeg\",\"contentUrl\":\"http:\\\/\\\/szekacske.hu\\\/new\\\/wp-content\\\/uploads\\\/2024\\\/11\\\/IMG_8592-300x225.jpeg\"},{\"@type\":\"BreadcrumbList\",\"@id\":\"https:\\\/\\\/szekacske.hu\\\/new\\\/2024\\\/11\\\/28\\\/fiu-u12-tiszakecsken-szerepeltunk\\\/#breadcrumb\",\"itemListElement\":[{\"@type\":\"ListItem\",\"position\":1,\"name\":\"Kezd\u0151lap\",\"item\":\"https:\\\/\\\/szekacske.hu\\\/new\\\/\"},{\"@type\":\"ListItem\",\"position\":2,\"name\":\"Fi\u00fa U12 &#8211; Tiszak\u00e9csk\u00e9n szerepelt\u00fcnk\"}]},{\"@type\":\"WebSite\",\"@id\":\"https:\\\/\\\/szekacske.hu\\\/new\\\/#website\",\"url\":\"https:\\\/\\\/szekacske.hu\\\/new\\\/\",\"name\":\"Sz\u00e9k\u00e1cs KE\",\"description\":\"T\u00f6r\u00f6kszentmikl\u00f3si Sz\u00e9k\u00e1cs KE hivatalos honlapja\",\"potentialAction\":[{\"@type\":\"SearchAction\",\"target\":{\"@type\":\"EntryPoint\",\"urlTemplate\":\"https:\\\/\\\/szekacske.hu\\\/new\\\/?s={search_term_string}\"},\"query-input\":{\"@type\":\"PropertyValueSpecification\",\"valueRequired\":true,\"valueName\":\"search_term_string\"}}],\"inLanguage\":\"hu\"},{\"@type\":\"Person\",\"@id\":\"https:\\\/\\\/szekacske.hu\\\/new\\\/#\\\/schema\\\/person\\\/1b98dcad88a429be1d6d889d1ceff05c\",\"name\":\"Hudu Csaba\",\"image\":{\"@type\":\"ImageObject\",\"inLanguage\":\"hu\",\"@id\":\"https:\\\/\\\/secure.gravatar.com\\\/avatar\\\/eed0dafe15853c848fa7aa47475b14c1975c1fdb204811bb8c23c2cc7e066847?s=96&d=mm&r=g\",\"url\":\"https:\\\/\\\/secure.gravatar.com\\\/avatar\\\/eed0dafe15853c848fa7aa47475b14c1975c1fdb204811bb8c23c2cc7e066847?s=96&d=mm&r=g\",\"contentUrl\":\"https:\\\/\\\/secure.gravatar.com\\\/avatar\\\/eed0dafe15853c848fa7aa47475b14c1975c1fdb204811bb8c23c2cc7e066847?s=96&d=mm&r=g\",\"caption\":\"Hudu Csaba\"},\"url\":\"https:\\\/\\\/szekacske.hu\\\/new\\\/author\\\/hcsaba\\\/\"}]}<\/script>\n<!-- \/ Yoast SEO plugin. -->","yoast_head_json":{"title":"Fi\u00fa U12 - Tiszak\u00e9csk\u00e9n szerepelt\u00fcnk - Sz\u00e9k\u00e1cs KE","robots":{"index":"index","follow":"follow","max-snippet":"max-snippet:-1","max-image-preview":"max-image-preview:large","max-video-preview":"max-video-preview:-1"},"canonical":"https:\/\/szekacske.hu\/new\/2024\/11\/28\/fiu-u12-tiszakecsken-szerepeltunk\/","og_locale":"hu_HU","og_type":"article","og_title":"Fi\u00fa U12 - Tiszak\u00e9csk\u00e9n szerepelt\u00fcnk - Sz\u00e9k\u00e1cs KE","og_description":"Az U12-es csapatunk a soron k\u00f6vetkez\u0151 fordul\u00f3ban Tiszak\u00e9csk\u00e9re l\u00e1togatott, ahol a S\u00fct\u0151 K\u00e9zisuli, valamint a Zeng\u0151 Alf\u00f6ld Orosh\u00e1zi Club Egyes\u00fclet ellen l\u00e9ptek p\u00e1ly\u00e1ra. A S\u00fct\u0151 K\u00e9zisuli ellen a gyerekek az els\u0151 j\u00e1t\u00e9kr\u00e9szben j\u00f3l tartott\u00e1k magukat, majd a m\u00e1sodik j\u00e1t\u00e9kr\u00e9szben t\u00f6bb technikai hib\u00e1t v\u00e9tettek, amelyet az ellenf\u00e9l kihaszn\u00e1lt \u00e9s a hib\u00e1kat g\u00f3lokkal b\u00fcntett\u00e9k. A m\u00e1sodik m\u00e9rk\u0151z\u00e9sen [&hellip;]","og_url":"https:\/\/szekacske.hu\/new\/2024\/11\/28\/fiu-u12-tiszakecsken-szerepeltunk\/","og_site_name":"Sz\u00e9k\u00e1cs KE","article_published_time":"2024-11-28T15:47:50+00:00","og_image":[{"width":2560,"height":1920,"url":"https:\/\/szekacske.hu\/new\/wp-content\/uploads\/2024\/11\/IMG_8592-scaled.jpeg","type":"image\/jpeg"}],"author":"Hudu Csaba","twitter_card":"summary_large_image","twitter_misc":{"Szerz\u0151:":"Hudu Csaba","Becs\u00fclt olvas\u00e1si id\u0151":"1 perc"},"schema":{"@context":"https:\/\/schema.org","@graph":[{"@type":"Article","@id":"https:\/\/szekacske.hu\/new\/2024\/11\/28\/fiu-u12-tiszakecsken-szerepeltunk\/#article","isPartOf":{"@id":"https:\/\/szekacske.hu\/new\/2024\/11\/28\/fiu-u12-tiszakecsken-szerepeltunk\/"},"author":{"name":"Hudu Csaba","@id":"https:\/\/szekacske.hu\/new\/#\/schema\/person\/1b98dcad88a429be1d6d889d1ceff05c"},"headline":"Fi\u00fa U12 &#8211; Tiszak\u00e9csk\u00e9n szerepelt\u00fcnk","datePublished":"2024-11-28T15:47:50+00:00","mainEntityOfPage":{"@id":"https:\/\/szekacske.hu\/new\/2024\/11\/28\/fiu-u12-tiszakecsken-szerepeltunk\/"},"wordCount":288,"commentCount":0,"image":{"@id":"https:\/\/szekacske.hu\/new\/2024\/11\/28\/fiu-u12-tiszakecsken-szerepeltunk\/#primaryimage"},"thumbnailUrl":"http:\/\/szekacske.hu\/new\/wp-content\/uploads\/2024\/11\/IMG_8592-300x225.jpeg","keywords":["FU12"],"articleSection":["H\u00edrek"],"inLanguage":"hu","potentialAction":[{"@type":"CommentAction","name":"Comment","target":["https:\/\/szekacske.hu\/new\/2024\/11\/28\/fiu-u12-tiszakecsken-szerepeltunk\/#respond"]}]},{"@type":"WebPage","@id":"https:\/\/szekacske.hu\/new\/2024\/11\/28\/fiu-u12-tiszakecsken-szerepeltunk\/","url":"https:\/\/szekacske.hu\/new\/2024\/11\/28\/fiu-u12-tiszakecsken-szerepeltunk\/","name":"Fi\u00fa U12 - Tiszak\u00e9csk\u00e9n szerepelt\u00fcnk - Sz\u00e9k\u00e1cs KE","isPartOf":{"@id":"https:\/\/szekacske.hu\/new\/#website"},"primaryImageOfPage":{"@id":"https:\/\/szekacske.hu\/new\/2024\/11\/28\/fiu-u12-tiszakecsken-szerepeltunk\/#primaryimage"},"image":{"@id":"https:\/\/szekacske.hu\/new\/2024\/11\/28\/fiu-u12-tiszakecsken-szerepeltunk\/#primaryimage"},"thumbnailUrl":"http:\/\/szekacske.hu\/new\/wp-content\/uploads\/2024\/11\/IMG_8592-300x225.jpeg","datePublished":"2024-11-28T15:47:50+00:00","author":{"@id":"https:\/\/szekacske.hu\/new\/#\/schema\/person\/1b98dcad88a429be1d6d889d1ceff05c"},"breadcrumb":{"@id":"https:\/\/szekacske.hu\/new\/2024\/11\/28\/fiu-u12-tiszakecsken-szerepeltunk\/#breadcrumb"},"inLanguage":"hu","potentialAction":[{"@type":"ReadAction","target":["https:\/\/szekacske.hu\/new\/2024\/11\/28\/fiu-u12-tiszakecsken-szerepeltunk\/"]}]},{"@type":"ImageObject","inLanguage":"hu","@id":"https:\/\/szekacske.hu\/new\/2024\/11\/28\/fiu-u12-tiszakecsken-szerepeltunk\/#primaryimage","url":"http:\/\/szekacske.hu\/new\/wp-content\/uploads\/2024\/11\/IMG_8592-300x225.jpeg","contentUrl":"http:\/\/szekacske.hu\/new\/wp-content\/uploads\/2024\/11\/IMG_8592-300x225.jpeg"},{"@type":"BreadcrumbList","@id":"https:\/\/szekacske.hu\/new\/2024\/11\/28\/fiu-u12-tiszakecsken-szerepeltunk\/#breadcrumb","itemListElement":[{"@type":"ListItem","position":1,"name":"Kezd\u0151lap","item":"https:\/\/szekacske.hu\/new\/"},{"@type":"ListItem","position":2,"name":"Fi\u00fa U12 &#8211; Tiszak\u00e9csk\u00e9n szerepelt\u00fcnk"}]},{"@type":"WebSite","@id":"https:\/\/szekacske.hu\/new\/#website","url":"https:\/\/szekacske.hu\/new\/","name":"Sz\u00e9k\u00e1cs KE","description":"T\u00f6r\u00f6kszentmikl\u00f3si Sz\u00e9k\u00e1cs KE hivatalos honlapja","potentialAction":[{"@type":"SearchAction","target":{"@type":"EntryPoint","urlTemplate":"https:\/\/szekacske.hu\/new\/?s={search_term_string}"},"query-input":{"@type":"PropertyValueSpecification","valueRequired":true,"valueName":"search_term_string"}}],"inLanguage":"hu"},{"@type":"Person","@id":"https:\/\/szekacske.hu\/new\/#\/schema\/person\/1b98dcad88a429be1d6d889d1ceff05c","name":"Hudu Csaba","image":{"@type":"ImageObject","inLanguage":"hu","@id":"https:\/\/secure.gravatar.com\/avatar\/eed0dafe15853c848fa7aa47475b14c1975c1fdb204811bb8c23c2cc7e066847?s=96&d=mm&r=g","url":"https:\/\/secure.gravatar.com\/avatar\/eed0dafe15853c848fa7aa47475b14c1975c1fdb204811bb8c23c2cc7e066847?s=96&d=mm&r=g","contentUrl":"https:\/\/secure.gravatar.com\/avatar\/eed0dafe15853c848fa7aa47475b14c1975c1fdb204811bb8c23c2cc7e066847?s=96&d=mm&r=g","caption":"Hudu Csaba"},"url":"https:\/\/szekacske.hu\/new\/author\/hcsaba\/"}]}},"_links":{"self":[{"href":"https:\/\/szekacske.hu\/new\/wp-json\/wp\/v2\/posts\/3100","targetHints":{"allow":["GET"]}}],"collection":[{"href":"https:\/\/szekacske.hu\/new\/wp-json\/wp\/v2\/posts"}],"about":[{"href":"https:\/\/szekacske.hu\/new\/wp-json\/wp\/v2\/types\/post"}],"author":[{"embeddable":true,"href":"https:\/\/szekacske.hu\/new\/wp-json\/wp\/v2\/users\/3"}],"replies":[{"embeddable":true,"href":"https:\/\/szekacske.hu\/new\/wp-json\/wp\/v2\/comments?post=3100"}],"version-history":[{"count":1,"href":"https:\/\/szekacske.hu\/new\/wp-json\/wp\/v2\/posts\/3100\/revisions"}],"predecessor-version":[{"id":3102,"href":"https:\/\/szekacske.hu\/new\/wp-json\/wp\/v2\/posts\/3100\/revisions\/3102"}],"wp:attachment":[{"href":"https:\/\/szekacske.hu\/new\/wp-json\/wp\/v2\/media?parent=3100"}],"wp:term":[{"taxonomy":"category","embeddable":true,"href":"https:\/\/szekacske.hu\/new\/wp-json\/wp\/v2\/categories?post=3100"},{"taxonomy":"post_tag","embeddable":true,"href":"https:\/\/szekacske.hu\/new\/wp-json\/wp\/v2\/tags?post=3100"}],"curies":[{"name":"wp","href":"https:\/\/api.w.org\/{rel}","templated":true}]}}