{"id":3094,"date":"2024-11-18T11:38:47","date_gmt":"2024-11-18T10:38:47","guid":{"rendered":"https:\/\/szekacske.hu\/new\/?p=3094"},"modified":"2024-11-28T11:39:47","modified_gmt":"2024-11-28T10:39:47","slug":"leany-u12-ujabb-fordulo-a-gyermekbajnoksagban","status":"publish","type":"post","link":"https:\/\/szekacske.hu\/new\/2024\/11\/18\/leany-u12-ujabb-fordulo-a-gyermekbajnoksagban\/","title":{"rendered":"Le\u00e1ny U12 &#8211; \u00dajabb fordul\u00f3 a gyermekbajnoks\u00e1gban!"},"content":{"rendered":"<p><strong>2024.11.16-\u00e1n a Sz\u00e9k\u00e1cs KE II. csapata Tiszaf\u00f6ldv\u00e1rra, a Sz\u00e9k\u00e1cs KE I. csapata T\u00e1pi\u00f3szentm\u00e1rtonra utazott a gyermekbajnoks\u00e1g k\u00f6vetkez\u0151 fordul\u00f3j\u00e1ra.<\/strong><\/p>\n<p><a href=\"http:\/\/szekacske.hu\/new\/wp-content\/uploads\/2024\/11\/image0-2.jpeg\"><img loading=\"lazy\" decoding=\"async\" class=\"alignnone wp-image-3095\" src=\"http:\/\/szekacske.hu\/new\/wp-content\/uploads\/2024\/11\/image0-2-300x216.jpeg\" alt=\"\" width=\"1024\" height=\"739\" \/><\/a><\/p>\n<p>ENUSE &#8211; Sz\u00e9k\u00e1cs KE I. 9 &#8211; 21<br \/>\nSz\u00e9k\u00e1cs KE I. &#8211; Aranyszarvas SE 30 &#8211; 11<\/p>\n<p>&nbsp;<\/p>\n<blockquote><p>G\u00f6bly\u00f6s Tibor (Sz\u00e9k\u00e1cs KE I.): Az els\u0151 meccsen a csoport egyik legjobb csapat\u00e1val m\u00e9rk\u0151zt\u00fcnk meg. Az els\u0151 pillanatt\u00f3l kezdve v\u00e9gig koncentr\u00e1ltan \u00e9s fegyelmezetten j\u00e1tszottak a l\u00e1nyok az ENUSE ellen \u00e9s a gyors j\u00e1t\u00e9kunknak, valamint a hat\u00e9kony v\u00e9dekez\u00e9s\u00fcnknek k\u00f6sz\u00f6nhet\u0151en siker\u00fclt a gy\u0151zelmet megszerezni. A m\u00e1sodik meccsen a hazai Aranyszarvas SE ellen l\u00e9pt\u00fcnk p\u00e1ly\u00e1ra. Az els\u0151 f\u00e9lid\u0151ben az ellenf\u00e9l hossz\u00fa t\u00e1mad\u00e1sokat vezetett \u00e9s nem voltunk el\u00e9g t\u00fcrelmesek, de a m\u00e1sodik j\u00e1t\u00e9kr\u00e9szben m\u00e1r minden kedvez\u0151en alakult, \u00edgy nagy ar\u00e1ny\u00fa gy\u0151zelem lett a v\u00e9ge. El\u00e9gedett voltam a csapat teljes\u00edtm\u00e9ny\u00e9vel!<\/p><\/blockquote>\n<hr \/>\n<p><a href=\"http:\/\/szekacske.hu\/new\/wp-content\/uploads\/2024\/11\/image1-2-e1732790267894.jpeg\"><img loading=\"lazy\" decoding=\"async\" class=\"alignnone wp-image-3096\" src=\"http:\/\/szekacske.hu\/new\/wp-content\/uploads\/2024\/11\/image1-2-e1732790267894-300x181.jpeg\" alt=\"\" width=\"1024\" height=\"619\" srcset=\"https:\/\/szekacske.hu\/new\/wp-content\/uploads\/2024\/11\/image1-2-e1732790267894-300x181.jpeg 300w, https:\/\/szekacske.hu\/new\/wp-content\/uploads\/2024\/11\/image1-2-e1732790267894-1024x619.jpeg 1024w, https:\/\/szekacske.hu\/new\/wp-content\/uploads\/2024\/11\/image1-2-e1732790267894-150x91.jpeg 150w, https:\/\/szekacske.hu\/new\/wp-content\/uploads\/2024\/11\/image1-2-e1732790267894-768x464.jpeg 768w, https:\/\/szekacske.hu\/new\/wp-content\/uploads\/2024\/11\/image1-2-e1732790267894-1536x929.jpeg 1536w, https:\/\/szekacske.hu\/new\/wp-content\/uploads\/2024\/11\/image1-2-e1732790267894-128x77.jpeg 128w, https:\/\/szekacske.hu\/new\/wp-content\/uploads\/2024\/11\/image1-2-e1732790267894-32x19.jpeg 32w, https:\/\/szekacske.hu\/new\/wp-content\/uploads\/2024\/11\/image1-2-e1732790267894.jpeg 1563w\" sizes=\"auto, (max-width: 1024px) 100vw, 1024px\" \/><\/a><\/p>\n<p>Tiszaf\u00f6ldv\u00e1r Sportegyes\u00fclet &#8211; Sz\u00e9k\u00e1cs KE II. 27 &#8211; 9<br \/>\nT\u00farkevei VSE- Sz\u00e9k\u00e1cs KE II. 13 &#8211; 11<\/p>\n<blockquote><p>Kat\u00f3 Fruzsina edz\u0151 (Sz\u00e9k\u00e1cs KE II.): Az els\u0151 m\u00e9rk\u0151z\u00e9sen a Tiszaf\u00f6ldv\u00e1r ellen \u00e1lmosan \u00e9s megillet\u0151d\u00f6tten j\u00e1tszott a csapat. Sajnos nem tudtunk mit kezdeni az ellenf\u00e9l agressz\u00edv let\u00e1mad\u00f3 v\u00e9dekez\u00e9s\u00e9vel, sok volt az eladott labd\u00e1nk, \u00edgy az ellenf\u00e9l sok k\u00f6nny\u0171 g\u00f3lt szerzett. A m\u00e1sodik meccsen m\u00e1r \u00f6sszeszedettebben kezdett a csapat 4 g\u00f3los vezet\u00e9ssel fordultunk a f\u00e9lid\u0151ben, de ezt k\u00f6vet\u0151en fejben elf\u00e1radtak a l\u00e1nyok, kapura l\u00f6v\u00e9seink nem tal\u00e1ltak c\u00e9lba, sok volt a technikai hib\u00e1nk, \u00edgy az ellenfel\u00fcnk hib\u00e1inkat kihaszn\u00e1lva felz\u00e1rk\u00f3zott, majd a v\u00e9g\u00e9re \u00e1t is vette a vezet\u00e9st. A j\u00f3l megoldott szitu\u00e1ci\u00f3kb\u00f3l, egy\u00e9ni megold\u00e1sokb\u00f3l, mert hogy az\u00e9rt az is volt, tov\u00e1bb \u00e9p\u00edtkez\u00fcnk az edz\u00e9seken \u00e9s a k\u00f6vetkez\u0151 m\u00e9rk\u0151z\u00e9seken.<\/p><\/blockquote>\n","protected":false},"excerpt":{"rendered":"<p>2024.11.16-\u00e1n a Sz\u00e9k\u00e1cs KE II. csapata Tiszaf\u00f6ldv\u00e1rra, a Sz\u00e9k\u00e1cs KE I. csapata T\u00e1pi\u00f3szentm\u00e1rtonra utazott a gyermekbajnoks\u00e1g k\u00f6vetkez\u0151 fordul\u00f3j\u00e1ra. ENUSE &#8211; Sz\u00e9k\u00e1cs KE I. 9 &#8211; 21 Sz\u00e9k\u00e1cs KE I. &#8211; Aranyszarvas SE 30 &#8211; 11 &nbsp; G\u00f6bly\u00f6s Tibor (Sz\u00e9k\u00e1cs KE I.): Az els\u0151 meccsen a csoport egyik legjobb csapat\u00e1val m\u00e9rk\u0151zt\u00fcnk meg. Az els\u0151 pillanatt\u00f3l kezdve [&hellip;]<\/p>\n","protected":false},"author":3,"featured_media":0,"comment_status":"open","ping_status":"open","sticky":false,"template":"","format":"standard","meta":{"footnotes":""},"categories":[24],"tags":[118],"class_list":["post-3094","post","type-post","status-publish","format-standard","hentry","category-hirek","tag-lu12"],"yoast_head":"<!-- This site is optimized with the Yoast SEO plugin v27.5 - https:\/\/yoast.com\/product\/yoast-seo-wordpress\/ -->\n<title>Le\u00e1ny U12 - \u00dajabb fordul\u00f3 a gyermekbajnoks\u00e1gban! - Sz\u00e9k\u00e1cs KE<\/title>\n<meta name=\"robots\" content=\"index, follow, max-snippet:-1, max-image-preview:large, max-video-preview:-1\" \/>\n<link rel=\"canonical\" href=\"https:\/\/szekacske.hu\/new\/2024\/11\/18\/leany-u12-ujabb-fordulo-a-gyermekbajnoksagban\/\" \/>\n<meta property=\"og:locale\" content=\"hu_HU\" \/>\n<meta property=\"og:type\" content=\"article\" \/>\n<meta property=\"og:title\" content=\"Le\u00e1ny U12 - \u00dajabb fordul\u00f3 a gyermekbajnoks\u00e1gban! - Sz\u00e9k\u00e1cs KE\" \/>\n<meta property=\"og:description\" content=\"2024.11.16-\u00e1n a Sz\u00e9k\u00e1cs KE II. csapata Tiszaf\u00f6ldv\u00e1rra, a Sz\u00e9k\u00e1cs KE I. csapata T\u00e1pi\u00f3szentm\u00e1rtonra utazott a gyermekbajnoks\u00e1g k\u00f6vetkez\u0151 fordul\u00f3j\u00e1ra. ENUSE &#8211; Sz\u00e9k\u00e1cs KE I. 9 &#8211; 21 Sz\u00e9k\u00e1cs KE I. &#8211; Aranyszarvas SE 30 &#8211; 11 &nbsp; G\u00f6bly\u00f6s Tibor (Sz\u00e9k\u00e1cs KE I.): Az els\u0151 meccsen a csoport egyik legjobb csapat\u00e1val m\u00e9rk\u0151zt\u00fcnk meg. Az els\u0151 pillanatt\u00f3l kezdve [&hellip;]\" \/>\n<meta property=\"og:url\" content=\"https:\/\/szekacske.hu\/new\/2024\/11\/18\/leany-u12-ujabb-fordulo-a-gyermekbajnoksagban\/\" \/>\n<meta property=\"og:site_name\" content=\"Sz\u00e9k\u00e1cs KE\" \/>\n<meta property=\"article:published_time\" content=\"2024-11-18T10:38:47+00:00\" \/>\n<meta property=\"article:modified_time\" content=\"2024-11-28T10:39:47+00:00\" \/>\n<meta property=\"og:image\" content=\"https:\/\/szekacske.hu\/new\/wp-content\/uploads\/2024\/11\/image0-2-e1732790212568.jpeg\" \/>\n\t<meta property=\"og:image:width\" content=\"2005\" \/>\n\t<meta property=\"og:image:height\" content=\"1236\" \/>\n\t<meta property=\"og:image:type\" content=\"image\/jpeg\" \/>\n<meta name=\"author\" content=\"Hudu Csaba\" \/>\n<meta name=\"twitter:card\" content=\"summary_large_image\" \/>\n<meta name=\"twitter:label1\" content=\"Szerz\u0151:\" \/>\n\t<meta name=\"twitter:data1\" content=\"Hudu Csaba\" \/>\n\t<meta name=\"twitter:label2\" content=\"Becs\u00fclt olvas\u00e1si id\u0151\" \/>\n\t<meta name=\"twitter:data2\" content=\"1 perc\" \/>\n<script type=\"application\/ld+json\" class=\"yoast-schema-graph\">{\"@context\":\"https:\\\/\\\/schema.org\",\"@graph\":[{\"@type\":\"Article\",\"@id\":\"https:\\\/\\\/szekacske.hu\\\/new\\\/2024\\\/11\\\/18\\\/leany-u12-ujabb-fordulo-a-gyermekbajnoksagban\\\/#article\",\"isPartOf\":{\"@id\":\"https:\\\/\\\/szekacske.hu\\\/new\\\/2024\\\/11\\\/18\\\/leany-u12-ujabb-fordulo-a-gyermekbajnoksagban\\\/\"},\"author\":{\"name\":\"Hudu Csaba\",\"@id\":\"https:\\\/\\\/szekacske.hu\\\/new\\\/#\\\/schema\\\/person\\\/1b98dcad88a429be1d6d889d1ceff05c\"},\"headline\":\"Le\u00e1ny U12 &#8211; \u00dajabb fordul\u00f3 a gyermekbajnoks\u00e1gban!\",\"datePublished\":\"2024-11-18T10:38:47+00:00\",\"dateModified\":\"2024-11-28T10:39:47+00:00\",\"mainEntityOfPage\":{\"@id\":\"https:\\\/\\\/szekacske.hu\\\/new\\\/2024\\\/11\\\/18\\\/leany-u12-ujabb-fordulo-a-gyermekbajnoksagban\\\/\"},\"wordCount\":377,\"commentCount\":0,\"image\":{\"@id\":\"https:\\\/\\\/szekacske.hu\\\/new\\\/2024\\\/11\\\/18\\\/leany-u12-ujabb-fordulo-a-gyermekbajnoksagban\\\/#primaryimage\"},\"thumbnailUrl\":\"http:\\\/\\\/szekacske.hu\\\/new\\\/wp-content\\\/uploads\\\/2024\\\/11\\\/image0-2-300x216.jpeg\",\"keywords\":[\"LU12\"],\"articleSection\":[\"H\u00edrek\"],\"inLanguage\":\"hu\",\"potentialAction\":[{\"@type\":\"CommentAction\",\"name\":\"Comment\",\"target\":[\"https:\\\/\\\/szekacske.hu\\\/new\\\/2024\\\/11\\\/18\\\/leany-u12-ujabb-fordulo-a-gyermekbajnoksagban\\\/#respond\"]}]},{\"@type\":\"WebPage\",\"@id\":\"https:\\\/\\\/szekacske.hu\\\/new\\\/2024\\\/11\\\/18\\\/leany-u12-ujabb-fordulo-a-gyermekbajnoksagban\\\/\",\"url\":\"https:\\\/\\\/szekacske.hu\\\/new\\\/2024\\\/11\\\/18\\\/leany-u12-ujabb-fordulo-a-gyermekbajnoksagban\\\/\",\"name\":\"Le\u00e1ny U12 - \u00dajabb fordul\u00f3 a gyermekbajnoks\u00e1gban! - Sz\u00e9k\u00e1cs KE\",\"isPartOf\":{\"@id\":\"https:\\\/\\\/szekacske.hu\\\/new\\\/#website\"},\"primaryImageOfPage\":{\"@id\":\"https:\\\/\\\/szekacske.hu\\\/new\\\/2024\\\/11\\\/18\\\/leany-u12-ujabb-fordulo-a-gyermekbajnoksagban\\\/#primaryimage\"},\"image\":{\"@id\":\"https:\\\/\\\/szekacske.hu\\\/new\\\/2024\\\/11\\\/18\\\/leany-u12-ujabb-fordulo-a-gyermekbajnoksagban\\\/#primaryimage\"},\"thumbnailUrl\":\"http:\\\/\\\/szekacske.hu\\\/new\\\/wp-content\\\/uploads\\\/2024\\\/11\\\/image0-2-300x216.jpeg\",\"datePublished\":\"2024-11-18T10:38:47+00:00\",\"dateModified\":\"2024-11-28T10:39:47+00:00\",\"author\":{\"@id\":\"https:\\\/\\\/szekacske.hu\\\/new\\\/#\\\/schema\\\/person\\\/1b98dcad88a429be1d6d889d1ceff05c\"},\"breadcrumb\":{\"@id\":\"https:\\\/\\\/szekacske.hu\\\/new\\\/2024\\\/11\\\/18\\\/leany-u12-ujabb-fordulo-a-gyermekbajnoksagban\\\/#breadcrumb\"},\"inLanguage\":\"hu\",\"potentialAction\":[{\"@type\":\"ReadAction\",\"target\":[\"https:\\\/\\\/szekacske.hu\\\/new\\\/2024\\\/11\\\/18\\\/leany-u12-ujabb-fordulo-a-gyermekbajnoksagban\\\/\"]}]},{\"@type\":\"ImageObject\",\"inLanguage\":\"hu\",\"@id\":\"https:\\\/\\\/szekacske.hu\\\/new\\\/2024\\\/11\\\/18\\\/leany-u12-ujabb-fordulo-a-gyermekbajnoksagban\\\/#primaryimage\",\"url\":\"http:\\\/\\\/szekacske.hu\\\/new\\\/wp-content\\\/uploads\\\/2024\\\/11\\\/image0-2-300x216.jpeg\",\"contentUrl\":\"http:\\\/\\\/szekacske.hu\\\/new\\\/wp-content\\\/uploads\\\/2024\\\/11\\\/image0-2-300x216.jpeg\"},{\"@type\":\"BreadcrumbList\",\"@id\":\"https:\\\/\\\/szekacske.hu\\\/new\\\/2024\\\/11\\\/18\\\/leany-u12-ujabb-fordulo-a-gyermekbajnoksagban\\\/#breadcrumb\",\"itemListElement\":[{\"@type\":\"ListItem\",\"position\":1,\"name\":\"Kezd\u0151lap\",\"item\":\"https:\\\/\\\/szekacske.hu\\\/new\\\/\"},{\"@type\":\"ListItem\",\"position\":2,\"name\":\"Le\u00e1ny U12 &#8211; \u00dajabb fordul\u00f3 a gyermekbajnoks\u00e1gban!\"}]},{\"@type\":\"WebSite\",\"@id\":\"https:\\\/\\\/szekacske.hu\\\/new\\\/#website\",\"url\":\"https:\\\/\\\/szekacske.hu\\\/new\\\/\",\"name\":\"Sz\u00e9k\u00e1cs KE\",\"description\":\"T\u00f6r\u00f6kszentmikl\u00f3si Sz\u00e9k\u00e1cs KE hivatalos honlapja\",\"potentialAction\":[{\"@type\":\"SearchAction\",\"target\":{\"@type\":\"EntryPoint\",\"urlTemplate\":\"https:\\\/\\\/szekacske.hu\\\/new\\\/?s={search_term_string}\"},\"query-input\":{\"@type\":\"PropertyValueSpecification\",\"valueRequired\":true,\"valueName\":\"search_term_string\"}}],\"inLanguage\":\"hu\"},{\"@type\":\"Person\",\"@id\":\"https:\\\/\\\/szekacske.hu\\\/new\\\/#\\\/schema\\\/person\\\/1b98dcad88a429be1d6d889d1ceff05c\",\"name\":\"Hudu Csaba\",\"image\":{\"@type\":\"ImageObject\",\"inLanguage\":\"hu\",\"@id\":\"https:\\\/\\\/secure.gravatar.com\\\/avatar\\\/eed0dafe15853c848fa7aa47475b14c1975c1fdb204811bb8c23c2cc7e066847?s=96&d=mm&r=g\",\"url\":\"https:\\\/\\\/secure.gravatar.com\\\/avatar\\\/eed0dafe15853c848fa7aa47475b14c1975c1fdb204811bb8c23c2cc7e066847?s=96&d=mm&r=g\",\"contentUrl\":\"https:\\\/\\\/secure.gravatar.com\\\/avatar\\\/eed0dafe15853c848fa7aa47475b14c1975c1fdb204811bb8c23c2cc7e066847?s=96&d=mm&r=g\",\"caption\":\"Hudu Csaba\"},\"url\":\"https:\\\/\\\/szekacske.hu\\\/new\\\/author\\\/hcsaba\\\/\"}]}<\/script>\n<!-- \/ Yoast SEO plugin. -->","yoast_head_json":{"title":"Le\u00e1ny U12 - \u00dajabb fordul\u00f3 a gyermekbajnoks\u00e1gban! - Sz\u00e9k\u00e1cs KE","robots":{"index":"index","follow":"follow","max-snippet":"max-snippet:-1","max-image-preview":"max-image-preview:large","max-video-preview":"max-video-preview:-1"},"canonical":"https:\/\/szekacske.hu\/new\/2024\/11\/18\/leany-u12-ujabb-fordulo-a-gyermekbajnoksagban\/","og_locale":"hu_HU","og_type":"article","og_title":"Le\u00e1ny U12 - \u00dajabb fordul\u00f3 a gyermekbajnoks\u00e1gban! - Sz\u00e9k\u00e1cs KE","og_description":"2024.11.16-\u00e1n a Sz\u00e9k\u00e1cs KE II. csapata Tiszaf\u00f6ldv\u00e1rra, a Sz\u00e9k\u00e1cs KE I. csapata T\u00e1pi\u00f3szentm\u00e1rtonra utazott a gyermekbajnoks\u00e1g k\u00f6vetkez\u0151 fordul\u00f3j\u00e1ra. ENUSE &#8211; Sz\u00e9k\u00e1cs KE I. 9 &#8211; 21 Sz\u00e9k\u00e1cs KE I. &#8211; Aranyszarvas SE 30 &#8211; 11 &nbsp; G\u00f6bly\u00f6s Tibor (Sz\u00e9k\u00e1cs KE I.): Az els\u0151 meccsen a csoport egyik legjobb csapat\u00e1val m\u00e9rk\u0151zt\u00fcnk meg. Az els\u0151 pillanatt\u00f3l kezdve [&hellip;]","og_url":"https:\/\/szekacske.hu\/new\/2024\/11\/18\/leany-u12-ujabb-fordulo-a-gyermekbajnoksagban\/","og_site_name":"Sz\u00e9k\u00e1cs KE","article_published_time":"2024-11-18T10:38:47+00:00","article_modified_time":"2024-11-28T10:39:47+00:00","og_image":[{"width":2005,"height":1236,"url":"https:\/\/szekacske.hu\/new\/wp-content\/uploads\/2024\/11\/image0-2-e1732790212568.jpeg","type":"image\/jpeg"}],"author":"Hudu Csaba","twitter_card":"summary_large_image","twitter_misc":{"Szerz\u0151:":"Hudu Csaba","Becs\u00fclt olvas\u00e1si id\u0151":"1 perc"},"schema":{"@context":"https:\/\/schema.org","@graph":[{"@type":"Article","@id":"https:\/\/szekacske.hu\/new\/2024\/11\/18\/leany-u12-ujabb-fordulo-a-gyermekbajnoksagban\/#article","isPartOf":{"@id":"https:\/\/szekacske.hu\/new\/2024\/11\/18\/leany-u12-ujabb-fordulo-a-gyermekbajnoksagban\/"},"author":{"name":"Hudu Csaba","@id":"https:\/\/szekacske.hu\/new\/#\/schema\/person\/1b98dcad88a429be1d6d889d1ceff05c"},"headline":"Le\u00e1ny U12 &#8211; \u00dajabb fordul\u00f3 a gyermekbajnoks\u00e1gban!","datePublished":"2024-11-18T10:38:47+00:00","dateModified":"2024-11-28T10:39:47+00:00","mainEntityOfPage":{"@id":"https:\/\/szekacske.hu\/new\/2024\/11\/18\/leany-u12-ujabb-fordulo-a-gyermekbajnoksagban\/"},"wordCount":377,"commentCount":0,"image":{"@id":"https:\/\/szekacske.hu\/new\/2024\/11\/18\/leany-u12-ujabb-fordulo-a-gyermekbajnoksagban\/#primaryimage"},"thumbnailUrl":"http:\/\/szekacske.hu\/new\/wp-content\/uploads\/2024\/11\/image0-2-300x216.jpeg","keywords":["LU12"],"articleSection":["H\u00edrek"],"inLanguage":"hu","potentialAction":[{"@type":"CommentAction","name":"Comment","target":["https:\/\/szekacske.hu\/new\/2024\/11\/18\/leany-u12-ujabb-fordulo-a-gyermekbajnoksagban\/#respond"]}]},{"@type":"WebPage","@id":"https:\/\/szekacske.hu\/new\/2024\/11\/18\/leany-u12-ujabb-fordulo-a-gyermekbajnoksagban\/","url":"https:\/\/szekacske.hu\/new\/2024\/11\/18\/leany-u12-ujabb-fordulo-a-gyermekbajnoksagban\/","name":"Le\u00e1ny U12 - \u00dajabb fordul\u00f3 a gyermekbajnoks\u00e1gban! - Sz\u00e9k\u00e1cs KE","isPartOf":{"@id":"https:\/\/szekacske.hu\/new\/#website"},"primaryImageOfPage":{"@id":"https:\/\/szekacske.hu\/new\/2024\/11\/18\/leany-u12-ujabb-fordulo-a-gyermekbajnoksagban\/#primaryimage"},"image":{"@id":"https:\/\/szekacske.hu\/new\/2024\/11\/18\/leany-u12-ujabb-fordulo-a-gyermekbajnoksagban\/#primaryimage"},"thumbnailUrl":"http:\/\/szekacske.hu\/new\/wp-content\/uploads\/2024\/11\/image0-2-300x216.jpeg","datePublished":"2024-11-18T10:38:47+00:00","dateModified":"2024-11-28T10:39:47+00:00","author":{"@id":"https:\/\/szekacske.hu\/new\/#\/schema\/person\/1b98dcad88a429be1d6d889d1ceff05c"},"breadcrumb":{"@id":"https:\/\/szekacske.hu\/new\/2024\/11\/18\/leany-u12-ujabb-fordulo-a-gyermekbajnoksagban\/#breadcrumb"},"inLanguage":"hu","potentialAction":[{"@type":"ReadAction","target":["https:\/\/szekacske.hu\/new\/2024\/11\/18\/leany-u12-ujabb-fordulo-a-gyermekbajnoksagban\/"]}]},{"@type":"ImageObject","inLanguage":"hu","@id":"https:\/\/szekacske.hu\/new\/2024\/11\/18\/leany-u12-ujabb-fordulo-a-gyermekbajnoksagban\/#primaryimage","url":"http:\/\/szekacske.hu\/new\/wp-content\/uploads\/2024\/11\/image0-2-300x216.jpeg","contentUrl":"http:\/\/szekacske.hu\/new\/wp-content\/uploads\/2024\/11\/image0-2-300x216.jpeg"},{"@type":"BreadcrumbList","@id":"https:\/\/szekacske.hu\/new\/2024\/11\/18\/leany-u12-ujabb-fordulo-a-gyermekbajnoksagban\/#breadcrumb","itemListElement":[{"@type":"ListItem","position":1,"name":"Kezd\u0151lap","item":"https:\/\/szekacske.hu\/new\/"},{"@type":"ListItem","position":2,"name":"Le\u00e1ny U12 &#8211; \u00dajabb fordul\u00f3 a gyermekbajnoks\u00e1gban!"}]},{"@type":"WebSite","@id":"https:\/\/szekacske.hu\/new\/#website","url":"https:\/\/szekacske.hu\/new\/","name":"Sz\u00e9k\u00e1cs KE","description":"T\u00f6r\u00f6kszentmikl\u00f3si Sz\u00e9k\u00e1cs KE hivatalos honlapja","potentialAction":[{"@type":"SearchAction","target":{"@type":"EntryPoint","urlTemplate":"https:\/\/szekacske.hu\/new\/?s={search_term_string}"},"query-input":{"@type":"PropertyValueSpecification","valueRequired":true,"valueName":"search_term_string"}}],"inLanguage":"hu"},{"@type":"Person","@id":"https:\/\/szekacske.hu\/new\/#\/schema\/person\/1b98dcad88a429be1d6d889d1ceff05c","name":"Hudu Csaba","image":{"@type":"ImageObject","inLanguage":"hu","@id":"https:\/\/secure.gravatar.com\/avatar\/eed0dafe15853c848fa7aa47475b14c1975c1fdb204811bb8c23c2cc7e066847?s=96&d=mm&r=g","url":"https:\/\/secure.gravatar.com\/avatar\/eed0dafe15853c848fa7aa47475b14c1975c1fdb204811bb8c23c2cc7e066847?s=96&d=mm&r=g","contentUrl":"https:\/\/secure.gravatar.com\/avatar\/eed0dafe15853c848fa7aa47475b14c1975c1fdb204811bb8c23c2cc7e066847?s=96&d=mm&r=g","caption":"Hudu Csaba"},"url":"https:\/\/szekacske.hu\/new\/author\/hcsaba\/"}]}},"_links":{"self":[{"href":"https:\/\/szekacske.hu\/new\/wp-json\/wp\/v2\/posts\/3094","targetHints":{"allow":["GET"]}}],"collection":[{"href":"https:\/\/szekacske.hu\/new\/wp-json\/wp\/v2\/posts"}],"about":[{"href":"https:\/\/szekacske.hu\/new\/wp-json\/wp\/v2\/types\/post"}],"author":[{"embeddable":true,"href":"https:\/\/szekacske.hu\/new\/wp-json\/wp\/v2\/users\/3"}],"replies":[{"embeddable":true,"href":"https:\/\/szekacske.hu\/new\/wp-json\/wp\/v2\/comments?post=3094"}],"version-history":[{"count":3,"href":"https:\/\/szekacske.hu\/new\/wp-json\/wp\/v2\/posts\/3094\/revisions"}],"predecessor-version":[{"id":3099,"href":"https:\/\/szekacske.hu\/new\/wp-json\/wp\/v2\/posts\/3094\/revisions\/3099"}],"wp:attachment":[{"href":"https:\/\/szekacske.hu\/new\/wp-json\/wp\/v2\/media?parent=3094"}],"wp:term":[{"taxonomy":"category","embeddable":true,"href":"https:\/\/szekacske.hu\/new\/wp-json\/wp\/v2\/categories?post=3094"},{"taxonomy":"post_tag","embeddable":true,"href":"https:\/\/szekacske.hu\/new\/wp-json\/wp\/v2\/tags?post=3094"}],"curies":[{"name":"wp","href":"https:\/\/api.w.org\/{rel}","templated":true}]}}