{"id":3044,"date":"2024-10-25T18:16:18","date_gmt":"2024-10-25T16:16:18","guid":{"rendered":"http:\/\/szekacske.hu\/new\/?p=3044"},"modified":"2024-10-25T18:16:18","modified_gmt":"2024-10-25T16:16:18","slug":"fiu-u12-megkezdtuk-a-szezont","status":"publish","type":"post","link":"https:\/\/szekacske.hu\/new\/2024\/10\/25\/fiu-u12-megkezdtuk-a-szezont\/","title":{"rendered":"Fi\u00fa U12 &#8211; Megkezdt\u00fck a szezont"},"content":{"rendered":"<p><strong>FU12-es csapatunk is megkezdte a menetel\u00e9st a 2024\/2025. \u00e9vi szezonban, melynek sor\u00e1n B\u00e9k\u00e9sre l\u00e1togatottak a gyerekek, ahol k\u00e9t m\u00e9rk\u0151z\u00e9st j\u00e1tszottak.<\/strong><\/p>\n<p><a href=\"http:\/\/szekacske.hu\/new\/wp-content\/uploads\/2024\/10\/IMG_8555-scaled.jpeg\"><img loading=\"lazy\" decoding=\"async\" class=\"alignnone wp-image-3045\" src=\"http:\/\/szekacske.hu\/new\/wp-content\/uploads\/2024\/10\/IMG_8555-300x225.jpeg\" alt=\"\" width=\"1024\" height=\"768\" srcset=\"https:\/\/szekacske.hu\/new\/wp-content\/uploads\/2024\/10\/IMG_8555-300x225.jpeg 300w, https:\/\/szekacske.hu\/new\/wp-content\/uploads\/2024\/10\/IMG_8555-1024x768.jpeg 1024w, https:\/\/szekacske.hu\/new\/wp-content\/uploads\/2024\/10\/IMG_8555-150x113.jpeg 150w, https:\/\/szekacske.hu\/new\/wp-content\/uploads\/2024\/10\/IMG_8555-768x576.jpeg 768w, https:\/\/szekacske.hu\/new\/wp-content\/uploads\/2024\/10\/IMG_8555-1536x1152.jpeg 1536w, https:\/\/szekacske.hu\/new\/wp-content\/uploads\/2024\/10\/IMG_8555-2048x1536.jpeg 2048w, https:\/\/szekacske.hu\/new\/wp-content\/uploads\/2024\/10\/IMG_8555-128x96.jpeg 128w, https:\/\/szekacske.hu\/new\/wp-content\/uploads\/2024\/10\/IMG_8555-32x24.jpeg 32w\" sizes=\"auto, (max-width: 1024px) 100vw, 1024px\" \/><\/a><\/p>\n<p>Az els\u0151 m\u00e9rk\u0151z\u00e9sen az Alf\u00f6ldi Farkasok SE csapat\u00e1val m\u00e9rk\u0151ztek meg a fiaink. Sz\u00e9pen, fokozatosan \u00e9p\u00edtett\u00e9k ki el\u0151ny\u00fcket \u00e9s nem volt k\u00e9ts\u00e9ges a m\u00e9rk\u0151z\u00e9s kimenetele. A m\u00e1sodik m\u00e9rk\u0151z\u00e9sen a S\u00fct\u0151 K\u00e9zisuli ellen j\u00e1tszottak, amely m\u00e9rk\u0151z\u00e9st t\u00f6bb technikai hiba, kimaradt helyzet jellemzett, valamint a v\u00e9dekez\u00e9s sem \u00e1llt \u00f6ssze megfelel\u0151en, ez\u00e9rt veres\u00e9ggel hagyt\u00e1k el a p\u00e1ly\u00e1t.<\/p>\n<blockquote><p>Nyes\u0151 P\u00e9ter: Az els\u0151 m\u00e9rk\u0151z\u00e9sen j\u00f3 felfog\u00e1sban j\u00e1tszottunk, j\u00f3l ment a labda, azonban a befejez\u00e9sekn\u00e9l nagyon sokat hib\u00e1ztunk. A m\u00e1sodik m\u00e9rk\u0151z\u00e9sen sok technikai hib\u00e1t v\u00e9tett\u00fcnk, illetve tov\u00e1bb folytat\u00f3dott a negat\u00edv helyzetkihaszn\u00e1l\u00e1sunk. V\u00e9dekez\u00e9sben nagyon hi\u00e1nyoltam az agresszivit\u00e1st, illetve a k\u00fczd\u0151szellemet, b\u00edzom benne, hogy a csapat \u00f6ssze fogja szedni mag\u00e1t \u00e9s a k\u00e9pess\u00e9geinek megfelel\u0151en fog j\u00e1tszani a k\u00f6vetkez\u0151 fordul\u00f3ban.<\/p><\/blockquote>\n","protected":false},"excerpt":{"rendered":"<p>FU12-es csapatunk is megkezdte a menetel\u00e9st a 2024\/2025. \u00e9vi szezonban, melynek sor\u00e1n B\u00e9k\u00e9sre l\u00e1togatottak a gyerekek, ahol k\u00e9t m\u00e9rk\u0151z\u00e9st j\u00e1tszottak. Az els\u0151 m\u00e9rk\u0151z\u00e9sen az Alf\u00f6ldi Farkasok SE csapat\u00e1val m\u00e9rk\u0151ztek meg a fiaink. Sz\u00e9pen, fokozatosan \u00e9p\u00edtett\u00e9k ki el\u0151ny\u00fcket \u00e9s nem volt k\u00e9ts\u00e9ges a m\u00e9rk\u0151z\u00e9s kimenetele. A m\u00e1sodik m\u00e9rk\u0151z\u00e9sen a S\u00fct\u0151 K\u00e9zisuli ellen j\u00e1tszottak, amely m\u00e9rk\u0151z\u00e9st t\u00f6bb [&hellip;]<\/p>\n","protected":false},"author":3,"featured_media":0,"comment_status":"open","ping_status":"open","sticky":false,"template":"","format":"standard","meta":{"footnotes":""},"categories":[24],"tags":[119],"class_list":["post-3044","post","type-post","status-publish","format-standard","hentry","category-hirek","tag-fu12"],"yoast_head":"<!-- This site is optimized with the Yoast SEO plugin v27.5 - https:\/\/yoast.com\/product\/yoast-seo-wordpress\/ -->\n<title>Fi\u00fa U12 - Megkezdt\u00fck a szezont - Sz\u00e9k\u00e1cs KE<\/title>\n<meta name=\"robots\" content=\"index, follow, max-snippet:-1, max-image-preview:large, max-video-preview:-1\" \/>\n<link rel=\"canonical\" href=\"https:\/\/szekacske.hu\/new\/2024\/10\/25\/fiu-u12-megkezdtuk-a-szezont\/\" \/>\n<meta property=\"og:locale\" content=\"hu_HU\" \/>\n<meta property=\"og:type\" content=\"article\" \/>\n<meta property=\"og:title\" content=\"Fi\u00fa U12 - Megkezdt\u00fck a szezont - Sz\u00e9k\u00e1cs KE\" \/>\n<meta property=\"og:description\" content=\"FU12-es csapatunk is megkezdte a menetel\u00e9st a 2024\/2025. \u00e9vi szezonban, melynek sor\u00e1n B\u00e9k\u00e9sre l\u00e1togatottak a gyerekek, ahol k\u00e9t m\u00e9rk\u0151z\u00e9st j\u00e1tszottak. Az els\u0151 m\u00e9rk\u0151z\u00e9sen az Alf\u00f6ldi Farkasok SE csapat\u00e1val m\u00e9rk\u0151ztek meg a fiaink. Sz\u00e9pen, fokozatosan \u00e9p\u00edtett\u00e9k ki el\u0151ny\u00fcket \u00e9s nem volt k\u00e9ts\u00e9ges a m\u00e9rk\u0151z\u00e9s kimenetele. A m\u00e1sodik m\u00e9rk\u0151z\u00e9sen a S\u00fct\u0151 K\u00e9zisuli ellen j\u00e1tszottak, amely m\u00e9rk\u0151z\u00e9st t\u00f6bb [&hellip;]\" \/>\n<meta property=\"og:url\" content=\"https:\/\/szekacske.hu\/new\/2024\/10\/25\/fiu-u12-megkezdtuk-a-szezont\/\" \/>\n<meta property=\"og:site_name\" content=\"Sz\u00e9k\u00e1cs KE\" \/>\n<meta property=\"article:published_time\" content=\"2024-10-25T16:16:18+00:00\" \/>\n<meta property=\"og:image\" content=\"https:\/\/szekacske.hu\/new\/wp-content\/uploads\/2024\/10\/IMG_8555-scaled.jpeg\" \/>\n\t<meta property=\"og:image:width\" content=\"2560\" \/>\n\t<meta property=\"og:image:height\" content=\"1920\" \/>\n\t<meta property=\"og:image:type\" content=\"image\/jpeg\" \/>\n<meta name=\"author\" content=\"Hudu Csaba\" \/>\n<meta name=\"twitter:card\" content=\"summary_large_image\" \/>\n<meta name=\"twitter:label1\" content=\"Szerz\u0151:\" \/>\n\t<meta name=\"twitter:data1\" content=\"Hudu Csaba\" \/>\n\t<meta name=\"twitter:label2\" content=\"Becs\u00fclt olvas\u00e1si id\u0151\" \/>\n\t<meta name=\"twitter:data2\" content=\"1 perc\" \/>\n<script type=\"application\/ld+json\" class=\"yoast-schema-graph\">{\"@context\":\"https:\\\/\\\/schema.org\",\"@graph\":[{\"@type\":\"Article\",\"@id\":\"https:\\\/\\\/szekacske.hu\\\/new\\\/2024\\\/10\\\/25\\\/fiu-u12-megkezdtuk-a-szezont\\\/#article\",\"isPartOf\":{\"@id\":\"https:\\\/\\\/szekacske.hu\\\/new\\\/2024\\\/10\\\/25\\\/fiu-u12-megkezdtuk-a-szezont\\\/\"},\"author\":{\"name\":\"Hudu Csaba\",\"@id\":\"https:\\\/\\\/szekacske.hu\\\/new\\\/#\\\/schema\\\/person\\\/1b98dcad88a429be1d6d889d1ceff05c\"},\"headline\":\"Fi\u00fa U12 &#8211; Megkezdt\u00fck a szezont\",\"datePublished\":\"2024-10-25T16:16:18+00:00\",\"mainEntityOfPage\":{\"@id\":\"https:\\\/\\\/szekacske.hu\\\/new\\\/2024\\\/10\\\/25\\\/fiu-u12-megkezdtuk-a-szezont\\\/\"},\"wordCount\":219,\"commentCount\":0,\"image\":{\"@id\":\"https:\\\/\\\/szekacske.hu\\\/new\\\/2024\\\/10\\\/25\\\/fiu-u12-megkezdtuk-a-szezont\\\/#primaryimage\"},\"thumbnailUrl\":\"http:\\\/\\\/szekacske.hu\\\/new\\\/wp-content\\\/uploads\\\/2024\\\/10\\\/IMG_8555-300x225.jpeg\",\"keywords\":[\"FU12\"],\"articleSection\":[\"H\u00edrek\"],\"inLanguage\":\"hu\",\"potentialAction\":[{\"@type\":\"CommentAction\",\"name\":\"Comment\",\"target\":[\"https:\\\/\\\/szekacske.hu\\\/new\\\/2024\\\/10\\\/25\\\/fiu-u12-megkezdtuk-a-szezont\\\/#respond\"]}]},{\"@type\":\"WebPage\",\"@id\":\"https:\\\/\\\/szekacske.hu\\\/new\\\/2024\\\/10\\\/25\\\/fiu-u12-megkezdtuk-a-szezont\\\/\",\"url\":\"https:\\\/\\\/szekacske.hu\\\/new\\\/2024\\\/10\\\/25\\\/fiu-u12-megkezdtuk-a-szezont\\\/\",\"name\":\"Fi\u00fa U12 - Megkezdt\u00fck a szezont - Sz\u00e9k\u00e1cs KE\",\"isPartOf\":{\"@id\":\"https:\\\/\\\/szekacske.hu\\\/new\\\/#website\"},\"primaryImageOfPage\":{\"@id\":\"https:\\\/\\\/szekacske.hu\\\/new\\\/2024\\\/10\\\/25\\\/fiu-u12-megkezdtuk-a-szezont\\\/#primaryimage\"},\"image\":{\"@id\":\"https:\\\/\\\/szekacske.hu\\\/new\\\/2024\\\/10\\\/25\\\/fiu-u12-megkezdtuk-a-szezont\\\/#primaryimage\"},\"thumbnailUrl\":\"http:\\\/\\\/szekacske.hu\\\/new\\\/wp-content\\\/uploads\\\/2024\\\/10\\\/IMG_8555-300x225.jpeg\",\"datePublished\":\"2024-10-25T16:16:18+00:00\",\"author\":{\"@id\":\"https:\\\/\\\/szekacske.hu\\\/new\\\/#\\\/schema\\\/person\\\/1b98dcad88a429be1d6d889d1ceff05c\"},\"breadcrumb\":{\"@id\":\"https:\\\/\\\/szekacske.hu\\\/new\\\/2024\\\/10\\\/25\\\/fiu-u12-megkezdtuk-a-szezont\\\/#breadcrumb\"},\"inLanguage\":\"hu\",\"potentialAction\":[{\"@type\":\"ReadAction\",\"target\":[\"https:\\\/\\\/szekacske.hu\\\/new\\\/2024\\\/10\\\/25\\\/fiu-u12-megkezdtuk-a-szezont\\\/\"]}]},{\"@type\":\"ImageObject\",\"inLanguage\":\"hu\",\"@id\":\"https:\\\/\\\/szekacske.hu\\\/new\\\/2024\\\/10\\\/25\\\/fiu-u12-megkezdtuk-a-szezont\\\/#primaryimage\",\"url\":\"http:\\\/\\\/szekacske.hu\\\/new\\\/wp-content\\\/uploads\\\/2024\\\/10\\\/IMG_8555-300x225.jpeg\",\"contentUrl\":\"http:\\\/\\\/szekacske.hu\\\/new\\\/wp-content\\\/uploads\\\/2024\\\/10\\\/IMG_8555-300x225.jpeg\"},{\"@type\":\"BreadcrumbList\",\"@id\":\"https:\\\/\\\/szekacske.hu\\\/new\\\/2024\\\/10\\\/25\\\/fiu-u12-megkezdtuk-a-szezont\\\/#breadcrumb\",\"itemListElement\":[{\"@type\":\"ListItem\",\"position\":1,\"name\":\"Kezd\u0151lap\",\"item\":\"https:\\\/\\\/szekacske.hu\\\/new\\\/\"},{\"@type\":\"ListItem\",\"position\":2,\"name\":\"Fi\u00fa U12 &#8211; Megkezdt\u00fck a szezont\"}]},{\"@type\":\"WebSite\",\"@id\":\"https:\\\/\\\/szekacske.hu\\\/new\\\/#website\",\"url\":\"https:\\\/\\\/szekacske.hu\\\/new\\\/\",\"name\":\"Sz\u00e9k\u00e1cs KE\",\"description\":\"T\u00f6r\u00f6kszentmikl\u00f3si Sz\u00e9k\u00e1cs KE hivatalos honlapja\",\"potentialAction\":[{\"@type\":\"SearchAction\",\"target\":{\"@type\":\"EntryPoint\",\"urlTemplate\":\"https:\\\/\\\/szekacske.hu\\\/new\\\/?s={search_term_string}\"},\"query-input\":{\"@type\":\"PropertyValueSpecification\",\"valueRequired\":true,\"valueName\":\"search_term_string\"}}],\"inLanguage\":\"hu\"},{\"@type\":\"Person\",\"@id\":\"https:\\\/\\\/szekacske.hu\\\/new\\\/#\\\/schema\\\/person\\\/1b98dcad88a429be1d6d889d1ceff05c\",\"name\":\"Hudu Csaba\",\"image\":{\"@type\":\"ImageObject\",\"inLanguage\":\"hu\",\"@id\":\"https:\\\/\\\/secure.gravatar.com\\\/avatar\\\/eed0dafe15853c848fa7aa47475b14c1975c1fdb204811bb8c23c2cc7e066847?s=96&d=mm&r=g\",\"url\":\"https:\\\/\\\/secure.gravatar.com\\\/avatar\\\/eed0dafe15853c848fa7aa47475b14c1975c1fdb204811bb8c23c2cc7e066847?s=96&d=mm&r=g\",\"contentUrl\":\"https:\\\/\\\/secure.gravatar.com\\\/avatar\\\/eed0dafe15853c848fa7aa47475b14c1975c1fdb204811bb8c23c2cc7e066847?s=96&d=mm&r=g\",\"caption\":\"Hudu Csaba\"},\"url\":\"https:\\\/\\\/szekacske.hu\\\/new\\\/author\\\/hcsaba\\\/\"}]}<\/script>\n<!-- \/ Yoast SEO plugin. -->","yoast_head_json":{"title":"Fi\u00fa U12 - Megkezdt\u00fck a szezont - Sz\u00e9k\u00e1cs KE","robots":{"index":"index","follow":"follow","max-snippet":"max-snippet:-1","max-image-preview":"max-image-preview:large","max-video-preview":"max-video-preview:-1"},"canonical":"https:\/\/szekacske.hu\/new\/2024\/10\/25\/fiu-u12-megkezdtuk-a-szezont\/","og_locale":"hu_HU","og_type":"article","og_title":"Fi\u00fa U12 - Megkezdt\u00fck a szezont - Sz\u00e9k\u00e1cs KE","og_description":"FU12-es csapatunk is megkezdte a menetel\u00e9st a 2024\/2025. \u00e9vi szezonban, melynek sor\u00e1n B\u00e9k\u00e9sre l\u00e1togatottak a gyerekek, ahol k\u00e9t m\u00e9rk\u0151z\u00e9st j\u00e1tszottak. Az els\u0151 m\u00e9rk\u0151z\u00e9sen az Alf\u00f6ldi Farkasok SE csapat\u00e1val m\u00e9rk\u0151ztek meg a fiaink. Sz\u00e9pen, fokozatosan \u00e9p\u00edtett\u00e9k ki el\u0151ny\u00fcket \u00e9s nem volt k\u00e9ts\u00e9ges a m\u00e9rk\u0151z\u00e9s kimenetele. A m\u00e1sodik m\u00e9rk\u0151z\u00e9sen a S\u00fct\u0151 K\u00e9zisuli ellen j\u00e1tszottak, amely m\u00e9rk\u0151z\u00e9st t\u00f6bb [&hellip;]","og_url":"https:\/\/szekacske.hu\/new\/2024\/10\/25\/fiu-u12-megkezdtuk-a-szezont\/","og_site_name":"Sz\u00e9k\u00e1cs KE","article_published_time":"2024-10-25T16:16:18+00:00","og_image":[{"width":2560,"height":1920,"url":"https:\/\/szekacske.hu\/new\/wp-content\/uploads\/2024\/10\/IMG_8555-scaled.jpeg","type":"image\/jpeg"}],"author":"Hudu Csaba","twitter_card":"summary_large_image","twitter_misc":{"Szerz\u0151:":"Hudu Csaba","Becs\u00fclt olvas\u00e1si id\u0151":"1 perc"},"schema":{"@context":"https:\/\/schema.org","@graph":[{"@type":"Article","@id":"https:\/\/szekacske.hu\/new\/2024\/10\/25\/fiu-u12-megkezdtuk-a-szezont\/#article","isPartOf":{"@id":"https:\/\/szekacske.hu\/new\/2024\/10\/25\/fiu-u12-megkezdtuk-a-szezont\/"},"author":{"name":"Hudu Csaba","@id":"https:\/\/szekacske.hu\/new\/#\/schema\/person\/1b98dcad88a429be1d6d889d1ceff05c"},"headline":"Fi\u00fa U12 &#8211; Megkezdt\u00fck a szezont","datePublished":"2024-10-25T16:16:18+00:00","mainEntityOfPage":{"@id":"https:\/\/szekacske.hu\/new\/2024\/10\/25\/fiu-u12-megkezdtuk-a-szezont\/"},"wordCount":219,"commentCount":0,"image":{"@id":"https:\/\/szekacske.hu\/new\/2024\/10\/25\/fiu-u12-megkezdtuk-a-szezont\/#primaryimage"},"thumbnailUrl":"http:\/\/szekacske.hu\/new\/wp-content\/uploads\/2024\/10\/IMG_8555-300x225.jpeg","keywords":["FU12"],"articleSection":["H\u00edrek"],"inLanguage":"hu","potentialAction":[{"@type":"CommentAction","name":"Comment","target":["https:\/\/szekacske.hu\/new\/2024\/10\/25\/fiu-u12-megkezdtuk-a-szezont\/#respond"]}]},{"@type":"WebPage","@id":"https:\/\/szekacske.hu\/new\/2024\/10\/25\/fiu-u12-megkezdtuk-a-szezont\/","url":"https:\/\/szekacske.hu\/new\/2024\/10\/25\/fiu-u12-megkezdtuk-a-szezont\/","name":"Fi\u00fa U12 - Megkezdt\u00fck a szezont - Sz\u00e9k\u00e1cs KE","isPartOf":{"@id":"https:\/\/szekacske.hu\/new\/#website"},"primaryImageOfPage":{"@id":"https:\/\/szekacske.hu\/new\/2024\/10\/25\/fiu-u12-megkezdtuk-a-szezont\/#primaryimage"},"image":{"@id":"https:\/\/szekacske.hu\/new\/2024\/10\/25\/fiu-u12-megkezdtuk-a-szezont\/#primaryimage"},"thumbnailUrl":"http:\/\/szekacske.hu\/new\/wp-content\/uploads\/2024\/10\/IMG_8555-300x225.jpeg","datePublished":"2024-10-25T16:16:18+00:00","author":{"@id":"https:\/\/szekacske.hu\/new\/#\/schema\/person\/1b98dcad88a429be1d6d889d1ceff05c"},"breadcrumb":{"@id":"https:\/\/szekacske.hu\/new\/2024\/10\/25\/fiu-u12-megkezdtuk-a-szezont\/#breadcrumb"},"inLanguage":"hu","potentialAction":[{"@type":"ReadAction","target":["https:\/\/szekacske.hu\/new\/2024\/10\/25\/fiu-u12-megkezdtuk-a-szezont\/"]}]},{"@type":"ImageObject","inLanguage":"hu","@id":"https:\/\/szekacske.hu\/new\/2024\/10\/25\/fiu-u12-megkezdtuk-a-szezont\/#primaryimage","url":"http:\/\/szekacske.hu\/new\/wp-content\/uploads\/2024\/10\/IMG_8555-300x225.jpeg","contentUrl":"http:\/\/szekacske.hu\/new\/wp-content\/uploads\/2024\/10\/IMG_8555-300x225.jpeg"},{"@type":"BreadcrumbList","@id":"https:\/\/szekacske.hu\/new\/2024\/10\/25\/fiu-u12-megkezdtuk-a-szezont\/#breadcrumb","itemListElement":[{"@type":"ListItem","position":1,"name":"Kezd\u0151lap","item":"https:\/\/szekacske.hu\/new\/"},{"@type":"ListItem","position":2,"name":"Fi\u00fa U12 &#8211; Megkezdt\u00fck a szezont"}]},{"@type":"WebSite","@id":"https:\/\/szekacske.hu\/new\/#website","url":"https:\/\/szekacske.hu\/new\/","name":"Sz\u00e9k\u00e1cs KE","description":"T\u00f6r\u00f6kszentmikl\u00f3si Sz\u00e9k\u00e1cs KE hivatalos honlapja","potentialAction":[{"@type":"SearchAction","target":{"@type":"EntryPoint","urlTemplate":"https:\/\/szekacske.hu\/new\/?s={search_term_string}"},"query-input":{"@type":"PropertyValueSpecification","valueRequired":true,"valueName":"search_term_string"}}],"inLanguage":"hu"},{"@type":"Person","@id":"https:\/\/szekacske.hu\/new\/#\/schema\/person\/1b98dcad88a429be1d6d889d1ceff05c","name":"Hudu Csaba","image":{"@type":"ImageObject","inLanguage":"hu","@id":"https:\/\/secure.gravatar.com\/avatar\/eed0dafe15853c848fa7aa47475b14c1975c1fdb204811bb8c23c2cc7e066847?s=96&d=mm&r=g","url":"https:\/\/secure.gravatar.com\/avatar\/eed0dafe15853c848fa7aa47475b14c1975c1fdb204811bb8c23c2cc7e066847?s=96&d=mm&r=g","contentUrl":"https:\/\/secure.gravatar.com\/avatar\/eed0dafe15853c848fa7aa47475b14c1975c1fdb204811bb8c23c2cc7e066847?s=96&d=mm&r=g","caption":"Hudu Csaba"},"url":"https:\/\/szekacske.hu\/new\/author\/hcsaba\/"}]}},"_links":{"self":[{"href":"https:\/\/szekacske.hu\/new\/wp-json\/wp\/v2\/posts\/3044","targetHints":{"allow":["GET"]}}],"collection":[{"href":"https:\/\/szekacske.hu\/new\/wp-json\/wp\/v2\/posts"}],"about":[{"href":"https:\/\/szekacske.hu\/new\/wp-json\/wp\/v2\/types\/post"}],"author":[{"embeddable":true,"href":"https:\/\/szekacske.hu\/new\/wp-json\/wp\/v2\/users\/3"}],"replies":[{"embeddable":true,"href":"https:\/\/szekacske.hu\/new\/wp-json\/wp\/v2\/comments?post=3044"}],"version-history":[{"count":1,"href":"https:\/\/szekacske.hu\/new\/wp-json\/wp\/v2\/posts\/3044\/revisions"}],"predecessor-version":[{"id":3046,"href":"https:\/\/szekacske.hu\/new\/wp-json\/wp\/v2\/posts\/3044\/revisions\/3046"}],"wp:attachment":[{"href":"https:\/\/szekacske.hu\/new\/wp-json\/wp\/v2\/media?parent=3044"}],"wp:term":[{"taxonomy":"category","embeddable":true,"href":"https:\/\/szekacske.hu\/new\/wp-json\/wp\/v2\/categories?post=3044"},{"taxonomy":"post_tag","embeddable":true,"href":"https:\/\/szekacske.hu\/new\/wp-json\/wp\/v2\/tags?post=3044"}],"curies":[{"name":"wp","href":"https:\/\/api.w.org\/{rel}","templated":true}]}}