{"id":284,"date":"2021-09-21T21:53:05","date_gmt":"2021-09-21T19:53:05","guid":{"rendered":"http:\/\/szekacske.hu\/new\/?p=284"},"modified":"2022-02-16T11:36:37","modified_gmt":"2022-02-16T10:36:37","slug":"gyozott-az-ifjusagi-csapat","status":"publish","type":"post","link":"https:\/\/szekacske.hu\/new\/2021\/09\/21\/gyozott-az-ifjusagi-csapat\/","title":{"rendered":"Gy\u0151z\u00f6tt az ifj\u00fas\u00e1gi csapat"},"content":{"rendered":"<p>Ifj\u00fas\u00e1gi fi\u00fa III. oszt\u00e1ly H. csoport 1. fordul\u00f3<\/p>\n<div class=\"sportspress\"><div class=\"sp-template sp-template-event-logos sp-template-event-blocks sp-template-event-logos-block\">\n\t<div class=\"sp-table-wrapper\">\n\t\t<table class=\"sp-event-blocks sp-data-table\" data-sp-rows=\"1\">\n\t\t\t<thead><tr><th><\/th><\/tr><\/thead> \t\t\t<tbody>\n\t\t\t\t<tr class=\"sp-row sp-post alternate\">\n\t\t\t\t\t<td>\n\t\t\t\t\t\t<a class=\"team-logo logo-odd\" href=\"https:\/\/szekacske.hu\/new\/team\/fise-ujkigyos\/\" title=\"FISE-\u00dajk\u00edgy\u00f3s\"><img loading=\"lazy\" decoding=\"async\" width=\"128\" height=\"98\" src=\"https:\/\/szekacske.hu\/new\/wp-content\/uploads\/2021\/09\/FISE-logo-128x98.png\" class=\"attachment-sportspress-fit-icon size-sportspress-fit-icon wp-post-image\" alt=\"\" \/> <strong class=\"sp-team-name\">FISE-\u00dajk\u00edgy\u00f3s<\/strong><\/a><a class=\"team-logo logo-even\" href=\"https:\/\/szekacske.hu\/new\/team\/torokszentmiklosi-szekacs-ke\/\" title=\"T\u00f6r\u00f6kszentmikl\u00f3si Sz\u00e9k\u00e1cs KE G\u00c9F-PRO\"><strong class=\"sp-team-name\">Sz\u00e9k\u00e1cs KE<\/strong> <img loading=\"lazy\" decoding=\"async\" width=\"125\" height=\"128\" src=\"https:\/\/szekacske.hu\/new\/wp-content\/uploads\/2019\/09\/szekacske-125x128.png\" class=\"attachment-sportspress-fit-icon size-sportspress-fit-icon wp-post-image\" alt=\"\" \/><\/a>\t\t\t\t\t\t<time class=\"sp-event-date\" datetime=\"2021-09-18 14:00:52\">\n\t\t\t\t\t\t\t2021.09.18.\t\t\t\t\t\t<\/time>\n\t\t\t\t\t\t\t\t\t\t\t\t\t<h5 class=\"sp-event-results\">\n\t\t\t\t\t\t\t\t<span class=\"sp-result\">30<\/span> - <span class=\"sp-result\">33<\/span>\t\t\t\t\t\t\t<\/h5>\n\t\t\t\t\t\t\t\t\t\t\t\t\t<span class=\"sp-event-status\">\n\t\t\t\t\t\t\tV\u00c9GEREDM\u00c9NY\t\t\t\t\t\t<\/span>\n\t\t\t\t\t<\/td>\n\t\t\t\t<\/tr>\n\t\t\t<\/tbody>\n\t\t<\/table>\n\t<\/div>\n<\/div>\n<\/div>\n<p>Egy k\u00fczdelmes m\u00e9rk\u0151z\u00e9sen szinte v\u00e9gig vezetve, kev\u00e9s v\u00e9dekez\u00e9si hib\u00e1val, j\u00f3 kapus teljes\u00edtm\u00e9nnyel helyenk\u00e9nt, \u00f6tletes t\u00e1mad\u00f3 j\u00e1t\u00e9kkal meg\u00e9rdemelten szerezt\u00fck meg a gy\u0151zelmet.<\/p>\n<p><strong>G\u00f3lszerz\u0151<\/strong>k: Monoki K\u00e1roly 9, Orosz Martin 8, P\u00e1sztor Gerg\u0151 7, \u00c1goston M\u00e1t\u00e9 4, Bischof Zsolt 3, P\u00e1d\u00e1r Barnab\u00e1s 2.<\/p>\n","protected":false},"excerpt":{"rendered":"<p>Ifj\u00fas\u00e1gi fi\u00fa III. oszt\u00e1ly H. csoport 1. fordul\u00f3 Egy k\u00fczdelmes m\u00e9rk\u0151z\u00e9sen szinte v\u00e9gig vezetve, kev\u00e9s v\u00e9dekez\u00e9si hib\u00e1val, j\u00f3 kapus teljes\u00edtm\u00e9nnyel helyenk\u00e9nt, \u00f6tletes t\u00e1mad\u00f3 j\u00e1t\u00e9kkal meg\u00e9rdemelten szerezt\u00fck meg a gy\u0151zelmet. G\u00f3lszerz\u0151k: Monoki K\u00e1roly 9, Orosz Martin 8, P\u00e1sztor Gerg\u0151 7, \u00c1goston M\u00e1t\u00e9 4, Bischof Zsolt 3, P\u00e1d\u00e1r Barnab\u00e1s 2.<\/p>\n","protected":false},"author":3,"featured_media":0,"comment_status":"open","ping_status":"open","sticky":false,"template":"","format":"standard","meta":{"footnotes":""},"categories":[24],"tags":[],"class_list":["post-284","post","type-post","status-publish","format-standard","hentry","category-hirek"],"yoast_head":"<!-- This site is optimized with the Yoast SEO plugin v27.5 - https:\/\/yoast.com\/product\/yoast-seo-wordpress\/ -->\n<title>Gy\u0151z\u00f6tt az ifj\u00fas\u00e1gi csapat - Sz\u00e9k\u00e1cs KE<\/title>\n<meta name=\"robots\" content=\"index, follow, max-snippet:-1, max-image-preview:large, max-video-preview:-1\" \/>\n<link rel=\"canonical\" href=\"https:\/\/szekacske.hu\/new\/2021\/09\/21\/gyozott-az-ifjusagi-csapat\/\" \/>\n<meta property=\"og:locale\" content=\"hu_HU\" \/>\n<meta property=\"og:type\" content=\"article\" \/>\n<meta property=\"og:title\" content=\"Gy\u0151z\u00f6tt az ifj\u00fas\u00e1gi csapat - Sz\u00e9k\u00e1cs KE\" \/>\n<meta property=\"og:description\" content=\"Ifj\u00fas\u00e1gi fi\u00fa III. oszt\u00e1ly H. csoport 1. fordul\u00f3 Egy k\u00fczdelmes m\u00e9rk\u0151z\u00e9sen szinte v\u00e9gig vezetve, kev\u00e9s v\u00e9dekez\u00e9si hib\u00e1val, j\u00f3 kapus teljes\u00edtm\u00e9nnyel helyenk\u00e9nt, \u00f6tletes t\u00e1mad\u00f3 j\u00e1t\u00e9kkal meg\u00e9rdemelten szerezt\u00fck meg a gy\u0151zelmet. G\u00f3lszerz\u0151k: Monoki K\u00e1roly 9, Orosz Martin 8, P\u00e1sztor Gerg\u0151 7, \u00c1goston M\u00e1t\u00e9 4, Bischof Zsolt 3, P\u00e1d\u00e1r Barnab\u00e1s 2.\" \/>\n<meta property=\"og:url\" content=\"https:\/\/szekacske.hu\/new\/2021\/09\/21\/gyozott-az-ifjusagi-csapat\/\" \/>\n<meta property=\"og:site_name\" content=\"Sz\u00e9k\u00e1cs KE\" \/>\n<meta property=\"article:published_time\" content=\"2021-09-21T19:53:05+00:00\" \/>\n<meta property=\"article:modified_time\" content=\"2022-02-16T10:36:37+00:00\" \/>\n<meta property=\"og:image\" content=\"https:\/\/szekacske.hu\/new\/wp-content\/uploads\/2019\/09\/cropped-szekacske.png\" \/>\n\t<meta property=\"og:image:width\" content=\"512\" \/>\n\t<meta property=\"og:image:height\" content=\"512\" \/>\n\t<meta property=\"og:image:type\" content=\"image\/png\" \/>\n<meta name=\"author\" content=\"Hudu Csaba\" \/>\n<meta name=\"twitter:card\" content=\"summary_large_image\" \/>\n<meta name=\"twitter:label1\" content=\"Szerz\u0151:\" \/>\n\t<meta name=\"twitter:data1\" content=\"Hudu Csaba\" \/>\n\t<meta name=\"twitter:label2\" content=\"Becs\u00fclt olvas\u00e1si id\u0151\" \/>\n\t<meta name=\"twitter:data2\" content=\"1 perc\" \/>\n<script type=\"application\/ld+json\" class=\"yoast-schema-graph\">{\"@context\":\"https:\\\/\\\/schema.org\",\"@graph\":[{\"@type\":\"Article\",\"@id\":\"https:\\\/\\\/szekacske.hu\\\/new\\\/2021\\\/09\\\/21\\\/gyozott-az-ifjusagi-csapat\\\/#article\",\"isPartOf\":{\"@id\":\"https:\\\/\\\/szekacske.hu\\\/new\\\/2021\\\/09\\\/21\\\/gyozott-az-ifjusagi-csapat\\\/\"},\"author\":{\"name\":\"Hudu Csaba\",\"@id\":\"https:\\\/\\\/szekacske.hu\\\/new\\\/#\\\/schema\\\/person\\\/1b98dcad88a429be1d6d889d1ceff05c\"},\"headline\":\"Gy\u0151z\u00f6tt az ifj\u00fas\u00e1gi csapat\",\"datePublished\":\"2021-09-21T19:53:05+00:00\",\"dateModified\":\"2022-02-16T10:36:37+00:00\",\"mainEntityOfPage\":{\"@id\":\"https:\\\/\\\/szekacske.hu\\\/new\\\/2021\\\/09\\\/21\\\/gyozott-az-ifjusagi-csapat\\\/\"},\"wordCount\":80,\"commentCount\":0,\"articleSection\":[\"H\u00edrek\"],\"inLanguage\":\"hu\",\"potentialAction\":[{\"@type\":\"CommentAction\",\"name\":\"Comment\",\"target\":[\"https:\\\/\\\/szekacske.hu\\\/new\\\/2021\\\/09\\\/21\\\/gyozott-az-ifjusagi-csapat\\\/#respond\"]}]},{\"@type\":\"WebPage\",\"@id\":\"https:\\\/\\\/szekacske.hu\\\/new\\\/2021\\\/09\\\/21\\\/gyozott-az-ifjusagi-csapat\\\/\",\"url\":\"https:\\\/\\\/szekacske.hu\\\/new\\\/2021\\\/09\\\/21\\\/gyozott-az-ifjusagi-csapat\\\/\",\"name\":\"Gy\u0151z\u00f6tt az ifj\u00fas\u00e1gi csapat - Sz\u00e9k\u00e1cs KE\",\"isPartOf\":{\"@id\":\"https:\\\/\\\/szekacske.hu\\\/new\\\/#website\"},\"datePublished\":\"2021-09-21T19:53:05+00:00\",\"dateModified\":\"2022-02-16T10:36:37+00:00\",\"author\":{\"@id\":\"https:\\\/\\\/szekacske.hu\\\/new\\\/#\\\/schema\\\/person\\\/1b98dcad88a429be1d6d889d1ceff05c\"},\"breadcrumb\":{\"@id\":\"https:\\\/\\\/szekacske.hu\\\/new\\\/2021\\\/09\\\/21\\\/gyozott-az-ifjusagi-csapat\\\/#breadcrumb\"},\"inLanguage\":\"hu\",\"potentialAction\":[{\"@type\":\"ReadAction\",\"target\":[\"https:\\\/\\\/szekacske.hu\\\/new\\\/2021\\\/09\\\/21\\\/gyozott-az-ifjusagi-csapat\\\/\"]}]},{\"@type\":\"BreadcrumbList\",\"@id\":\"https:\\\/\\\/szekacske.hu\\\/new\\\/2021\\\/09\\\/21\\\/gyozott-az-ifjusagi-csapat\\\/#breadcrumb\",\"itemListElement\":[{\"@type\":\"ListItem\",\"position\":1,\"name\":\"Kezd\u0151lap\",\"item\":\"https:\\\/\\\/szekacske.hu\\\/new\\\/\"},{\"@type\":\"ListItem\",\"position\":2,\"name\":\"Gy\u0151z\u00f6tt az ifj\u00fas\u00e1gi csapat\"}]},{\"@type\":\"WebSite\",\"@id\":\"https:\\\/\\\/szekacske.hu\\\/new\\\/#website\",\"url\":\"https:\\\/\\\/szekacske.hu\\\/new\\\/\",\"name\":\"Sz\u00e9k\u00e1cs KE\",\"description\":\"T\u00f6r\u00f6kszentmikl\u00f3si Sz\u00e9k\u00e1cs KE hivatalos honlapja\",\"potentialAction\":[{\"@type\":\"SearchAction\",\"target\":{\"@type\":\"EntryPoint\",\"urlTemplate\":\"https:\\\/\\\/szekacske.hu\\\/new\\\/?s={search_term_string}\"},\"query-input\":{\"@type\":\"PropertyValueSpecification\",\"valueRequired\":true,\"valueName\":\"search_term_string\"}}],\"inLanguage\":\"hu\"},{\"@type\":\"Person\",\"@id\":\"https:\\\/\\\/szekacske.hu\\\/new\\\/#\\\/schema\\\/person\\\/1b98dcad88a429be1d6d889d1ceff05c\",\"name\":\"Hudu Csaba\",\"image\":{\"@type\":\"ImageObject\",\"inLanguage\":\"hu\",\"@id\":\"https:\\\/\\\/secure.gravatar.com\\\/avatar\\\/eed0dafe15853c848fa7aa47475b14c1975c1fdb204811bb8c23c2cc7e066847?s=96&d=mm&r=g\",\"url\":\"https:\\\/\\\/secure.gravatar.com\\\/avatar\\\/eed0dafe15853c848fa7aa47475b14c1975c1fdb204811bb8c23c2cc7e066847?s=96&d=mm&r=g\",\"contentUrl\":\"https:\\\/\\\/secure.gravatar.com\\\/avatar\\\/eed0dafe15853c848fa7aa47475b14c1975c1fdb204811bb8c23c2cc7e066847?s=96&d=mm&r=g\",\"caption\":\"Hudu Csaba\"},\"url\":\"https:\\\/\\\/szekacske.hu\\\/new\\\/author\\\/hcsaba\\\/\"}]}<\/script>\n<!-- \/ Yoast SEO plugin. -->","yoast_head_json":{"title":"Gy\u0151z\u00f6tt az ifj\u00fas\u00e1gi csapat - Sz\u00e9k\u00e1cs KE","robots":{"index":"index","follow":"follow","max-snippet":"max-snippet:-1","max-image-preview":"max-image-preview:large","max-video-preview":"max-video-preview:-1"},"canonical":"https:\/\/szekacske.hu\/new\/2021\/09\/21\/gyozott-az-ifjusagi-csapat\/","og_locale":"hu_HU","og_type":"article","og_title":"Gy\u0151z\u00f6tt az ifj\u00fas\u00e1gi csapat - Sz\u00e9k\u00e1cs KE","og_description":"Ifj\u00fas\u00e1gi fi\u00fa III. oszt\u00e1ly H. csoport 1. fordul\u00f3 Egy k\u00fczdelmes m\u00e9rk\u0151z\u00e9sen szinte v\u00e9gig vezetve, kev\u00e9s v\u00e9dekez\u00e9si hib\u00e1val, j\u00f3 kapus teljes\u00edtm\u00e9nnyel helyenk\u00e9nt, \u00f6tletes t\u00e1mad\u00f3 j\u00e1t\u00e9kkal meg\u00e9rdemelten szerezt\u00fck meg a gy\u0151zelmet. G\u00f3lszerz\u0151k: Monoki K\u00e1roly 9, Orosz Martin 8, P\u00e1sztor Gerg\u0151 7, \u00c1goston M\u00e1t\u00e9 4, Bischof Zsolt 3, P\u00e1d\u00e1r Barnab\u00e1s 2.","og_url":"https:\/\/szekacske.hu\/new\/2021\/09\/21\/gyozott-az-ifjusagi-csapat\/","og_site_name":"Sz\u00e9k\u00e1cs KE","article_published_time":"2021-09-21T19:53:05+00:00","article_modified_time":"2022-02-16T10:36:37+00:00","og_image":[{"width":512,"height":512,"url":"https:\/\/szekacske.hu\/new\/wp-content\/uploads\/2019\/09\/cropped-szekacske.png","type":"image\/png"}],"author":"Hudu Csaba","twitter_card":"summary_large_image","twitter_misc":{"Szerz\u0151:":"Hudu Csaba","Becs\u00fclt olvas\u00e1si id\u0151":"1 perc"},"schema":{"@context":"https:\/\/schema.org","@graph":[{"@type":"Article","@id":"https:\/\/szekacske.hu\/new\/2021\/09\/21\/gyozott-az-ifjusagi-csapat\/#article","isPartOf":{"@id":"https:\/\/szekacske.hu\/new\/2021\/09\/21\/gyozott-az-ifjusagi-csapat\/"},"author":{"name":"Hudu Csaba","@id":"https:\/\/szekacske.hu\/new\/#\/schema\/person\/1b98dcad88a429be1d6d889d1ceff05c"},"headline":"Gy\u0151z\u00f6tt az ifj\u00fas\u00e1gi csapat","datePublished":"2021-09-21T19:53:05+00:00","dateModified":"2022-02-16T10:36:37+00:00","mainEntityOfPage":{"@id":"https:\/\/szekacske.hu\/new\/2021\/09\/21\/gyozott-az-ifjusagi-csapat\/"},"wordCount":80,"commentCount":0,"articleSection":["H\u00edrek"],"inLanguage":"hu","potentialAction":[{"@type":"CommentAction","name":"Comment","target":["https:\/\/szekacske.hu\/new\/2021\/09\/21\/gyozott-az-ifjusagi-csapat\/#respond"]}]},{"@type":"WebPage","@id":"https:\/\/szekacske.hu\/new\/2021\/09\/21\/gyozott-az-ifjusagi-csapat\/","url":"https:\/\/szekacske.hu\/new\/2021\/09\/21\/gyozott-az-ifjusagi-csapat\/","name":"Gy\u0151z\u00f6tt az ifj\u00fas\u00e1gi csapat - Sz\u00e9k\u00e1cs KE","isPartOf":{"@id":"https:\/\/szekacske.hu\/new\/#website"},"datePublished":"2021-09-21T19:53:05+00:00","dateModified":"2022-02-16T10:36:37+00:00","author":{"@id":"https:\/\/szekacske.hu\/new\/#\/schema\/person\/1b98dcad88a429be1d6d889d1ceff05c"},"breadcrumb":{"@id":"https:\/\/szekacske.hu\/new\/2021\/09\/21\/gyozott-az-ifjusagi-csapat\/#breadcrumb"},"inLanguage":"hu","potentialAction":[{"@type":"ReadAction","target":["https:\/\/szekacske.hu\/new\/2021\/09\/21\/gyozott-az-ifjusagi-csapat\/"]}]},{"@type":"BreadcrumbList","@id":"https:\/\/szekacske.hu\/new\/2021\/09\/21\/gyozott-az-ifjusagi-csapat\/#breadcrumb","itemListElement":[{"@type":"ListItem","position":1,"name":"Kezd\u0151lap","item":"https:\/\/szekacske.hu\/new\/"},{"@type":"ListItem","position":2,"name":"Gy\u0151z\u00f6tt az ifj\u00fas\u00e1gi csapat"}]},{"@type":"WebSite","@id":"https:\/\/szekacske.hu\/new\/#website","url":"https:\/\/szekacske.hu\/new\/","name":"Sz\u00e9k\u00e1cs KE","description":"T\u00f6r\u00f6kszentmikl\u00f3si Sz\u00e9k\u00e1cs KE hivatalos honlapja","potentialAction":[{"@type":"SearchAction","target":{"@type":"EntryPoint","urlTemplate":"https:\/\/szekacske.hu\/new\/?s={search_term_string}"},"query-input":{"@type":"PropertyValueSpecification","valueRequired":true,"valueName":"search_term_string"}}],"inLanguage":"hu"},{"@type":"Person","@id":"https:\/\/szekacske.hu\/new\/#\/schema\/person\/1b98dcad88a429be1d6d889d1ceff05c","name":"Hudu Csaba","image":{"@type":"ImageObject","inLanguage":"hu","@id":"https:\/\/secure.gravatar.com\/avatar\/eed0dafe15853c848fa7aa47475b14c1975c1fdb204811bb8c23c2cc7e066847?s=96&d=mm&r=g","url":"https:\/\/secure.gravatar.com\/avatar\/eed0dafe15853c848fa7aa47475b14c1975c1fdb204811bb8c23c2cc7e066847?s=96&d=mm&r=g","contentUrl":"https:\/\/secure.gravatar.com\/avatar\/eed0dafe15853c848fa7aa47475b14c1975c1fdb204811bb8c23c2cc7e066847?s=96&d=mm&r=g","caption":"Hudu Csaba"},"url":"https:\/\/szekacske.hu\/new\/author\/hcsaba\/"}]}},"_links":{"self":[{"href":"https:\/\/szekacske.hu\/new\/wp-json\/wp\/v2\/posts\/284","targetHints":{"allow":["GET"]}}],"collection":[{"href":"https:\/\/szekacske.hu\/new\/wp-json\/wp\/v2\/posts"}],"about":[{"href":"https:\/\/szekacske.hu\/new\/wp-json\/wp\/v2\/types\/post"}],"author":[{"embeddable":true,"href":"https:\/\/szekacske.hu\/new\/wp-json\/wp\/v2\/users\/3"}],"replies":[{"embeddable":true,"href":"https:\/\/szekacske.hu\/new\/wp-json\/wp\/v2\/comments?post=284"}],"version-history":[{"count":2,"href":"https:\/\/szekacske.hu\/new\/wp-json\/wp\/v2\/posts\/284\/revisions"}],"predecessor-version":[{"id":666,"href":"https:\/\/szekacske.hu\/new\/wp-json\/wp\/v2\/posts\/284\/revisions\/666"}],"wp:attachment":[{"href":"https:\/\/szekacske.hu\/new\/wp-json\/wp\/v2\/media?parent=284"}],"wp:term":[{"taxonomy":"category","embeddable":true,"href":"https:\/\/szekacske.hu\/new\/wp-json\/wp\/v2\/categories?post=284"},{"taxonomy":"post_tag","embeddable":true,"href":"https:\/\/szekacske.hu\/new\/wp-json\/wp\/v2\/tags?post=284"}],"curies":[{"name":"wp","href":"https:\/\/api.w.org\/{rel}","templated":true}]}}