{"id":279,"date":"2021-09-21T21:37:25","date_gmt":"2021-09-21T19:37:25","guid":{"rendered":"http:\/\/szekacske.hu\/new\/?p=279"},"modified":"2022-02-16T11:34:04","modified_gmt":"2022-02-16T10:34:04","slug":"elkezdodott-az-utanpotlas-bajnoksag","status":"publish","type":"post","link":"https:\/\/szekacske.hu\/new\/2021\/09\/21\/elkezdodott-az-utanpotlas-bajnoksag\/","title":{"rendered":"L\u00e1ny U14 &#8211; Elkezd\u0151d\u00f6tt az ut\u00e1np\u00f3tl\u00e1s-bajnoks\u00e1g"},"content":{"rendered":"<p><strong>A 14 \u00e9ves l\u00e1nyok Abonyban kezdt\u00e9k meg szerepl\u00e9s\u00fcket.<\/strong><\/p>\n<p>T\u00f6bb hi\u00e1nyz\u00f3 miatt el\u00e9g sz\u0171k\u00f6sen tudtunk elutazni Ennek ellen\u00e9re mindk\u00e9t m\u00e9rk\u0151z\u00e9sen taktikailag \u00e9s technikailag remek teljes\u00edtm\u00e9nyt ny\u00fajtottak a csajok. Sajnos az els\u0151 m\u00e9rk\u0151z\u00e9sen a helyzetek ellen\u00e9re hadil\u00e1bon \u00e1lltunk a befejez\u00e9sekkel, \u00edgy nem siker\u00fclt a gy\u0151zelem. A m\u00e1sodik m\u00e9rk\u0151z\u00e9sen ott folytattuk ahol abbahagytuk. Remek\u00fcl j\u00e1tszottunk, de sajnos nem tudtunk gy\u0151zni.<\/p>\n<p><strong>T\u00f6r\u00f6kszentmikl\u00f3si Sz\u00e9k\u00e1cs KE &#8211; Abonyi KC. 9-9<\/strong><br \/>\n<strong>Cegl\u00e9di K\u00e9k C\u00e1p\u00e1k SE &#8211; T\u00f6r\u00f6kszentmikl\u00f3si Sz\u00e9k\u00e1cs KE 15-13<\/strong><\/p>\n<p><strong>J\u00e1t\u00e9kosok:<\/strong> P\u00e1l Ditta, Szloska Luca, Varga Alexandra, Farag\u00f3 Regina, Benedek Blanka , B\u00e1lint Lili, Kov\u00e1cs Rebeka<\/p>\n<blockquote><p><strong>Szloska Kriszti\u00e1n edz\u0151:<\/strong> &#8222;Nagyszer\u0171en j\u00e1tszottak a l\u00e1nyok. Sajnos a ziccerek \u00e9s a h\u00e9tm\u00e9teresek nem mentek be, de ennek ellen\u00e9re b\u00fcszke vagyok r\u00e1juk.&#8221;<\/p><\/blockquote>\n","protected":false},"excerpt":{"rendered":"<p>A 14 \u00e9ves l\u00e1nyok Abonyban kezdt\u00e9k meg szerepl\u00e9s\u00fcket. T\u00f6bb hi\u00e1nyz\u00f3 miatt el\u00e9g sz\u0171k\u00f6sen tudtunk elutazni Ennek ellen\u00e9re mindk\u00e9t m\u00e9rk\u0151z\u00e9sen taktikailag \u00e9s technikailag remek teljes\u00edtm\u00e9nyt ny\u00fajtottak a csajok. Sajnos az els\u0151 m\u00e9rk\u0151z\u00e9sen a helyzetek ellen\u00e9re hadil\u00e1bon \u00e1lltunk a befejez\u00e9sekkel, \u00edgy nem siker\u00fclt a gy\u0151zelem. A m\u00e1sodik m\u00e9rk\u0151z\u00e9sen ott folytattuk ahol abbahagytuk. Remek\u00fcl j\u00e1tszottunk, de sajnos nem [&hellip;]<\/p>\n","protected":false},"author":3,"featured_media":0,"comment_status":"open","ping_status":"open","sticky":false,"template":"","format":"standard","meta":{"footnotes":""},"categories":[24],"tags":[58,59],"class_list":["post-279","post","type-post","status-publish","format-standard","hentry","category-hirek","tag-lany-u14","tag-u14"],"yoast_head":"<!-- This site is optimized with the Yoast SEO plugin v27.5 - https:\/\/yoast.com\/product\/yoast-seo-wordpress\/ -->\n<title>L\u00e1ny U14 - Elkezd\u0151d\u00f6tt az ut\u00e1np\u00f3tl\u00e1s-bajnoks\u00e1g - Sz\u00e9k\u00e1cs KE<\/title>\n<meta name=\"robots\" content=\"index, follow, max-snippet:-1, max-image-preview:large, max-video-preview:-1\" \/>\n<link rel=\"canonical\" href=\"https:\/\/szekacske.hu\/new\/2021\/09\/21\/elkezdodott-az-utanpotlas-bajnoksag\/\" \/>\n<meta property=\"og:locale\" content=\"hu_HU\" \/>\n<meta property=\"og:type\" content=\"article\" \/>\n<meta property=\"og:title\" content=\"L\u00e1ny U14 - Elkezd\u0151d\u00f6tt az ut\u00e1np\u00f3tl\u00e1s-bajnoks\u00e1g - Sz\u00e9k\u00e1cs KE\" \/>\n<meta property=\"og:description\" content=\"A 14 \u00e9ves l\u00e1nyok Abonyban kezdt\u00e9k meg szerepl\u00e9s\u00fcket. T\u00f6bb hi\u00e1nyz\u00f3 miatt el\u00e9g sz\u0171k\u00f6sen tudtunk elutazni Ennek ellen\u00e9re mindk\u00e9t m\u00e9rk\u0151z\u00e9sen taktikailag \u00e9s technikailag remek teljes\u00edtm\u00e9nyt ny\u00fajtottak a csajok. Sajnos az els\u0151 m\u00e9rk\u0151z\u00e9sen a helyzetek ellen\u00e9re hadil\u00e1bon \u00e1lltunk a befejez\u00e9sekkel, \u00edgy nem siker\u00fclt a gy\u0151zelem. A m\u00e1sodik m\u00e9rk\u0151z\u00e9sen ott folytattuk ahol abbahagytuk. Remek\u00fcl j\u00e1tszottunk, de sajnos nem [&hellip;]\" \/>\n<meta property=\"og:url\" content=\"https:\/\/szekacske.hu\/new\/2021\/09\/21\/elkezdodott-az-utanpotlas-bajnoksag\/\" \/>\n<meta property=\"og:site_name\" content=\"Sz\u00e9k\u00e1cs KE\" \/>\n<meta property=\"article:published_time\" content=\"2021-09-21T19:37:25+00:00\" \/>\n<meta property=\"article:modified_time\" content=\"2022-02-16T10:34:04+00:00\" \/>\n<meta property=\"og:image\" content=\"https:\/\/szekacske.hu\/new\/wp-content\/uploads\/2019\/09\/cropped-szekacske.png\" \/>\n\t<meta property=\"og:image:width\" content=\"512\" \/>\n\t<meta property=\"og:image:height\" content=\"512\" \/>\n\t<meta property=\"og:image:type\" content=\"image\/png\" \/>\n<meta name=\"author\" content=\"Hudu Csaba\" \/>\n<meta name=\"twitter:card\" content=\"summary_large_image\" \/>\n<meta name=\"twitter:label1\" content=\"Szerz\u0151:\" \/>\n\t<meta name=\"twitter:data1\" content=\"Hudu Csaba\" \/>\n\t<meta name=\"twitter:label2\" content=\"Becs\u00fclt olvas\u00e1si id\u0151\" \/>\n\t<meta name=\"twitter:data2\" content=\"1 perc\" \/>\n<script type=\"application\/ld+json\" class=\"yoast-schema-graph\">{\"@context\":\"https:\\\/\\\/schema.org\",\"@graph\":[{\"@type\":\"Article\",\"@id\":\"https:\\\/\\\/szekacske.hu\\\/new\\\/2021\\\/09\\\/21\\\/elkezdodott-az-utanpotlas-bajnoksag\\\/#article\",\"isPartOf\":{\"@id\":\"https:\\\/\\\/szekacske.hu\\\/new\\\/2021\\\/09\\\/21\\\/elkezdodott-az-utanpotlas-bajnoksag\\\/\"},\"author\":{\"name\":\"Hudu Csaba\",\"@id\":\"https:\\\/\\\/szekacske.hu\\\/new\\\/#\\\/schema\\\/person\\\/1b98dcad88a429be1d6d889d1ceff05c\"},\"headline\":\"L\u00e1ny U14 &#8211; Elkezd\u0151d\u00f6tt az ut\u00e1np\u00f3tl\u00e1s-bajnoks\u00e1g\",\"datePublished\":\"2021-09-21T19:37:25+00:00\",\"dateModified\":\"2022-02-16T10:34:04+00:00\",\"mainEntityOfPage\":{\"@id\":\"https:\\\/\\\/szekacske.hu\\\/new\\\/2021\\\/09\\\/21\\\/elkezdodott-az-utanpotlas-bajnoksag\\\/\"},\"wordCount\":182,\"commentCount\":0,\"keywords\":[\"L\u00e1ny U14\",\"U14\"],\"articleSection\":[\"H\u00edrek\"],\"inLanguage\":\"hu\",\"potentialAction\":[{\"@type\":\"CommentAction\",\"name\":\"Comment\",\"target\":[\"https:\\\/\\\/szekacske.hu\\\/new\\\/2021\\\/09\\\/21\\\/elkezdodott-az-utanpotlas-bajnoksag\\\/#respond\"]}]},{\"@type\":\"WebPage\",\"@id\":\"https:\\\/\\\/szekacske.hu\\\/new\\\/2021\\\/09\\\/21\\\/elkezdodott-az-utanpotlas-bajnoksag\\\/\",\"url\":\"https:\\\/\\\/szekacske.hu\\\/new\\\/2021\\\/09\\\/21\\\/elkezdodott-az-utanpotlas-bajnoksag\\\/\",\"name\":\"L\u00e1ny U14 - Elkezd\u0151d\u00f6tt az ut\u00e1np\u00f3tl\u00e1s-bajnoks\u00e1g - Sz\u00e9k\u00e1cs KE\",\"isPartOf\":{\"@id\":\"https:\\\/\\\/szekacske.hu\\\/new\\\/#website\"},\"datePublished\":\"2021-09-21T19:37:25+00:00\",\"dateModified\":\"2022-02-16T10:34:04+00:00\",\"author\":{\"@id\":\"https:\\\/\\\/szekacske.hu\\\/new\\\/#\\\/schema\\\/person\\\/1b98dcad88a429be1d6d889d1ceff05c\"},\"breadcrumb\":{\"@id\":\"https:\\\/\\\/szekacske.hu\\\/new\\\/2021\\\/09\\\/21\\\/elkezdodott-az-utanpotlas-bajnoksag\\\/#breadcrumb\"},\"inLanguage\":\"hu\",\"potentialAction\":[{\"@type\":\"ReadAction\",\"target\":[\"https:\\\/\\\/szekacske.hu\\\/new\\\/2021\\\/09\\\/21\\\/elkezdodott-az-utanpotlas-bajnoksag\\\/\"]}]},{\"@type\":\"BreadcrumbList\",\"@id\":\"https:\\\/\\\/szekacske.hu\\\/new\\\/2021\\\/09\\\/21\\\/elkezdodott-az-utanpotlas-bajnoksag\\\/#breadcrumb\",\"itemListElement\":[{\"@type\":\"ListItem\",\"position\":1,\"name\":\"Kezd\u0151lap\",\"item\":\"https:\\\/\\\/szekacske.hu\\\/new\\\/\"},{\"@type\":\"ListItem\",\"position\":2,\"name\":\"L\u00e1ny U14 &#8211; Elkezd\u0151d\u00f6tt az ut\u00e1np\u00f3tl\u00e1s-bajnoks\u00e1g\"}]},{\"@type\":\"WebSite\",\"@id\":\"https:\\\/\\\/szekacske.hu\\\/new\\\/#website\",\"url\":\"https:\\\/\\\/szekacske.hu\\\/new\\\/\",\"name\":\"Sz\u00e9k\u00e1cs KE\",\"description\":\"T\u00f6r\u00f6kszentmikl\u00f3si Sz\u00e9k\u00e1cs KE hivatalos honlapja\",\"potentialAction\":[{\"@type\":\"SearchAction\",\"target\":{\"@type\":\"EntryPoint\",\"urlTemplate\":\"https:\\\/\\\/szekacske.hu\\\/new\\\/?s={search_term_string}\"},\"query-input\":{\"@type\":\"PropertyValueSpecification\",\"valueRequired\":true,\"valueName\":\"search_term_string\"}}],\"inLanguage\":\"hu\"},{\"@type\":\"Person\",\"@id\":\"https:\\\/\\\/szekacske.hu\\\/new\\\/#\\\/schema\\\/person\\\/1b98dcad88a429be1d6d889d1ceff05c\",\"name\":\"Hudu Csaba\",\"image\":{\"@type\":\"ImageObject\",\"inLanguage\":\"hu\",\"@id\":\"https:\\\/\\\/secure.gravatar.com\\\/avatar\\\/eed0dafe15853c848fa7aa47475b14c1975c1fdb204811bb8c23c2cc7e066847?s=96&d=mm&r=g\",\"url\":\"https:\\\/\\\/secure.gravatar.com\\\/avatar\\\/eed0dafe15853c848fa7aa47475b14c1975c1fdb204811bb8c23c2cc7e066847?s=96&d=mm&r=g\",\"contentUrl\":\"https:\\\/\\\/secure.gravatar.com\\\/avatar\\\/eed0dafe15853c848fa7aa47475b14c1975c1fdb204811bb8c23c2cc7e066847?s=96&d=mm&r=g\",\"caption\":\"Hudu Csaba\"},\"url\":\"https:\\\/\\\/szekacske.hu\\\/new\\\/author\\\/hcsaba\\\/\"}]}<\/script>\n<!-- \/ Yoast SEO plugin. -->","yoast_head_json":{"title":"L\u00e1ny U14 - Elkezd\u0151d\u00f6tt az ut\u00e1np\u00f3tl\u00e1s-bajnoks\u00e1g - Sz\u00e9k\u00e1cs KE","robots":{"index":"index","follow":"follow","max-snippet":"max-snippet:-1","max-image-preview":"max-image-preview:large","max-video-preview":"max-video-preview:-1"},"canonical":"https:\/\/szekacske.hu\/new\/2021\/09\/21\/elkezdodott-az-utanpotlas-bajnoksag\/","og_locale":"hu_HU","og_type":"article","og_title":"L\u00e1ny U14 - Elkezd\u0151d\u00f6tt az ut\u00e1np\u00f3tl\u00e1s-bajnoks\u00e1g - Sz\u00e9k\u00e1cs KE","og_description":"A 14 \u00e9ves l\u00e1nyok Abonyban kezdt\u00e9k meg szerepl\u00e9s\u00fcket. T\u00f6bb hi\u00e1nyz\u00f3 miatt el\u00e9g sz\u0171k\u00f6sen tudtunk elutazni Ennek ellen\u00e9re mindk\u00e9t m\u00e9rk\u0151z\u00e9sen taktikailag \u00e9s technikailag remek teljes\u00edtm\u00e9nyt ny\u00fajtottak a csajok. Sajnos az els\u0151 m\u00e9rk\u0151z\u00e9sen a helyzetek ellen\u00e9re hadil\u00e1bon \u00e1lltunk a befejez\u00e9sekkel, \u00edgy nem siker\u00fclt a gy\u0151zelem. A m\u00e1sodik m\u00e9rk\u0151z\u00e9sen ott folytattuk ahol abbahagytuk. Remek\u00fcl j\u00e1tszottunk, de sajnos nem [&hellip;]","og_url":"https:\/\/szekacske.hu\/new\/2021\/09\/21\/elkezdodott-az-utanpotlas-bajnoksag\/","og_site_name":"Sz\u00e9k\u00e1cs KE","article_published_time":"2021-09-21T19:37:25+00:00","article_modified_time":"2022-02-16T10:34:04+00:00","og_image":[{"width":512,"height":512,"url":"https:\/\/szekacske.hu\/new\/wp-content\/uploads\/2019\/09\/cropped-szekacske.png","type":"image\/png"}],"author":"Hudu Csaba","twitter_card":"summary_large_image","twitter_misc":{"Szerz\u0151:":"Hudu Csaba","Becs\u00fclt olvas\u00e1si id\u0151":"1 perc"},"schema":{"@context":"https:\/\/schema.org","@graph":[{"@type":"Article","@id":"https:\/\/szekacske.hu\/new\/2021\/09\/21\/elkezdodott-az-utanpotlas-bajnoksag\/#article","isPartOf":{"@id":"https:\/\/szekacske.hu\/new\/2021\/09\/21\/elkezdodott-az-utanpotlas-bajnoksag\/"},"author":{"name":"Hudu Csaba","@id":"https:\/\/szekacske.hu\/new\/#\/schema\/person\/1b98dcad88a429be1d6d889d1ceff05c"},"headline":"L\u00e1ny U14 &#8211; Elkezd\u0151d\u00f6tt az ut\u00e1np\u00f3tl\u00e1s-bajnoks\u00e1g","datePublished":"2021-09-21T19:37:25+00:00","dateModified":"2022-02-16T10:34:04+00:00","mainEntityOfPage":{"@id":"https:\/\/szekacske.hu\/new\/2021\/09\/21\/elkezdodott-az-utanpotlas-bajnoksag\/"},"wordCount":182,"commentCount":0,"keywords":["L\u00e1ny U14","U14"],"articleSection":["H\u00edrek"],"inLanguage":"hu","potentialAction":[{"@type":"CommentAction","name":"Comment","target":["https:\/\/szekacske.hu\/new\/2021\/09\/21\/elkezdodott-az-utanpotlas-bajnoksag\/#respond"]}]},{"@type":"WebPage","@id":"https:\/\/szekacske.hu\/new\/2021\/09\/21\/elkezdodott-az-utanpotlas-bajnoksag\/","url":"https:\/\/szekacske.hu\/new\/2021\/09\/21\/elkezdodott-az-utanpotlas-bajnoksag\/","name":"L\u00e1ny U14 - Elkezd\u0151d\u00f6tt az ut\u00e1np\u00f3tl\u00e1s-bajnoks\u00e1g - Sz\u00e9k\u00e1cs KE","isPartOf":{"@id":"https:\/\/szekacske.hu\/new\/#website"},"datePublished":"2021-09-21T19:37:25+00:00","dateModified":"2022-02-16T10:34:04+00:00","author":{"@id":"https:\/\/szekacske.hu\/new\/#\/schema\/person\/1b98dcad88a429be1d6d889d1ceff05c"},"breadcrumb":{"@id":"https:\/\/szekacske.hu\/new\/2021\/09\/21\/elkezdodott-az-utanpotlas-bajnoksag\/#breadcrumb"},"inLanguage":"hu","potentialAction":[{"@type":"ReadAction","target":["https:\/\/szekacske.hu\/new\/2021\/09\/21\/elkezdodott-az-utanpotlas-bajnoksag\/"]}]},{"@type":"BreadcrumbList","@id":"https:\/\/szekacske.hu\/new\/2021\/09\/21\/elkezdodott-az-utanpotlas-bajnoksag\/#breadcrumb","itemListElement":[{"@type":"ListItem","position":1,"name":"Kezd\u0151lap","item":"https:\/\/szekacske.hu\/new\/"},{"@type":"ListItem","position":2,"name":"L\u00e1ny U14 &#8211; Elkezd\u0151d\u00f6tt az ut\u00e1np\u00f3tl\u00e1s-bajnoks\u00e1g"}]},{"@type":"WebSite","@id":"https:\/\/szekacske.hu\/new\/#website","url":"https:\/\/szekacske.hu\/new\/","name":"Sz\u00e9k\u00e1cs KE","description":"T\u00f6r\u00f6kszentmikl\u00f3si Sz\u00e9k\u00e1cs KE hivatalos honlapja","potentialAction":[{"@type":"SearchAction","target":{"@type":"EntryPoint","urlTemplate":"https:\/\/szekacske.hu\/new\/?s={search_term_string}"},"query-input":{"@type":"PropertyValueSpecification","valueRequired":true,"valueName":"search_term_string"}}],"inLanguage":"hu"},{"@type":"Person","@id":"https:\/\/szekacske.hu\/new\/#\/schema\/person\/1b98dcad88a429be1d6d889d1ceff05c","name":"Hudu Csaba","image":{"@type":"ImageObject","inLanguage":"hu","@id":"https:\/\/secure.gravatar.com\/avatar\/eed0dafe15853c848fa7aa47475b14c1975c1fdb204811bb8c23c2cc7e066847?s=96&d=mm&r=g","url":"https:\/\/secure.gravatar.com\/avatar\/eed0dafe15853c848fa7aa47475b14c1975c1fdb204811bb8c23c2cc7e066847?s=96&d=mm&r=g","contentUrl":"https:\/\/secure.gravatar.com\/avatar\/eed0dafe15853c848fa7aa47475b14c1975c1fdb204811bb8c23c2cc7e066847?s=96&d=mm&r=g","caption":"Hudu Csaba"},"url":"https:\/\/szekacske.hu\/new\/author\/hcsaba\/"}]}},"_links":{"self":[{"href":"https:\/\/szekacske.hu\/new\/wp-json\/wp\/v2\/posts\/279","targetHints":{"allow":["GET"]}}],"collection":[{"href":"https:\/\/szekacske.hu\/new\/wp-json\/wp\/v2\/posts"}],"about":[{"href":"https:\/\/szekacske.hu\/new\/wp-json\/wp\/v2\/types\/post"}],"author":[{"embeddable":true,"href":"https:\/\/szekacske.hu\/new\/wp-json\/wp\/v2\/users\/3"}],"replies":[{"embeddable":true,"href":"https:\/\/szekacske.hu\/new\/wp-json\/wp\/v2\/comments?post=279"}],"version-history":[{"count":3,"href":"https:\/\/szekacske.hu\/new\/wp-json\/wp\/v2\/posts\/279\/revisions"}],"predecessor-version":[{"id":664,"href":"https:\/\/szekacske.hu\/new\/wp-json\/wp\/v2\/posts\/279\/revisions\/664"}],"wp:attachment":[{"href":"https:\/\/szekacske.hu\/new\/wp-json\/wp\/v2\/media?parent=279"}],"wp:term":[{"taxonomy":"category","embeddable":true,"href":"https:\/\/szekacske.hu\/new\/wp-json\/wp\/v2\/categories?post=279"},{"taxonomy":"post_tag","embeddable":true,"href":"https:\/\/szekacske.hu\/new\/wp-json\/wp\/v2\/tags?post=279"}],"curies":[{"name":"wp","href":"https:\/\/api.w.org\/{rel}","templated":true}]}}