{"id":2760,"date":"2024-05-01T17:53:01","date_gmt":"2024-05-01T15:53:01","guid":{"rendered":"https:\/\/szekacske.hu\/new\/?p=2760"},"modified":"2024-05-07T17:53:11","modified_gmt":"2024-05-07T15:53:11","slug":"leany-u12-tiszafoldvaron-folytattuk-a-bajnoksagot","status":"publish","type":"post","link":"https:\/\/szekacske.hu\/new\/2024\/05\/01\/leany-u12-tiszafoldvaron-folytattuk-a-bajnoksagot\/","title":{"rendered":"Le\u00e1ny U12 &#8211; Tiszaf\u00f6ldv\u00e1ron folytattuk a bajnoks\u00e1got"},"content":{"rendered":"<p><strong>Az U12-es l\u00e1ny csapatunk 2024.04.28-\u00e1n Tiszaf\u00f6ldv\u00e1ron folytatta a bajnoks\u00e1got a J\u00e1szber\u00e9nyi TF DSE \u00e9s a Mez\u0151t\u00fari AFC ellen.<\/strong><\/p>\n<p><strong><img loading=\"lazy\" decoding=\"async\" class=\"alignnone wp-image-2761\" src=\"http:\/\/szekacske.hu\/new\/wp-content\/uploads\/2024\/05\/image3-300x154.jpeg\" alt=\"\" width=\"1024\" height=\"525\" srcset=\"https:\/\/szekacske.hu\/new\/wp-content\/uploads\/2024\/05\/image3-300x154.jpeg 300w, https:\/\/szekacske.hu\/new\/wp-content\/uploads\/2024\/05\/image3-1024x525.jpeg 1024w, https:\/\/szekacske.hu\/new\/wp-content\/uploads\/2024\/05\/image3-150x77.jpeg 150w, https:\/\/szekacske.hu\/new\/wp-content\/uploads\/2024\/05\/image3-768x394.jpeg 768w, https:\/\/szekacske.hu\/new\/wp-content\/uploads\/2024\/05\/image3-1536x787.jpeg 1536w, https:\/\/szekacske.hu\/new\/wp-content\/uploads\/2024\/05\/image3-2048x1050.jpeg 2048w, https:\/\/szekacske.hu\/new\/wp-content\/uploads\/2024\/05\/image3-128x66.jpeg 128w, https:\/\/szekacske.hu\/new\/wp-content\/uploads\/2024\/05\/image3-32x16.jpeg 32w\" sizes=\"auto, (max-width: 1024px) 100vw, 1024px\" \/><\/strong><\/p>\n<p>Eredm\u00e9nyek:<br \/>\n<strong>Sz\u00e9k\u00e1cs KE- J\u00e1szber\u00e9nyi TF DSE 21-7<\/strong><br \/>\n<strong>Sz\u00e9k\u00e1cs KE &#8211; Mez\u0151t\u00fari AFC 5-22<\/strong><\/p>\n<blockquote><p>G\u00f6bly\u00f6s Tibor edz\u0151: \u00a0A J\u00e1szber\u00e9ny elleni m\u00e9rk\u0151z\u00e9sen nehezen lend\u00fclt\u00fcnk j\u00e1t\u00e9kba sok helyzetet hib\u00e1ztunk, de a m\u00e1sodik f\u00e9lid\u0151re m\u00e1r sokat javultunk, \u00edgy nagyar\u00e1ny\u00fa gy\u0151zelmet arattunk! A Mez\u0151t\u00fari csapat ellen most n\u00e1lunk j\u00f6tt ki a fizikai \u00e9s \u00e9letkori h\u00e1tr\u00e1nyunk! Sajnos a massz\u00edv \u00e9s kem\u00e9ny v\u00e9dekez\u00e9s\u00fckkel szemben nem tudtunk mit kezdeni \u00e9s a t\u00e1mad\u00e1sok sor\u00e1n sem tudtuk meg\u00e1ll\u00edtani az ellenf\u00e9l lend\u00fcletb\u0151l \u00e9rkez\u0151 er\u0151s j\u00e1t\u00e9kosait! Pr\u00f3b\u00e1lkoztunk teljes emberfog\u00e1ssal, ami okozott egy kis zavart az ellenf\u00e9ln\u00e9l, de \u00edgy sem volt k\u00e9rd\u00e9ses a m\u00e9rk\u0151z\u00e9s kimenetele! Az biztos, hogy az ilyen meccsekb\u0151l tanulunk a legt\u00f6bbet m\u00e9g ha a v\u00e9g\u00e9n egy kicsit f\u00e1j\u00f3 is az ilyen ar\u00e1ny\u00fa veres\u00e9g! Folytatjuk tov\u00e1bb a edz\u00e9seket, hogy min\u00e9l hamarabb fel tudjuk venni a k\u00fczdelmet az er\u0151sebb csapatok ellen is!<strong><br \/>\n<\/strong><\/p><\/blockquote>\n","protected":false},"excerpt":{"rendered":"<p>Az U12-es l\u00e1ny csapatunk 2024.04.28-\u00e1n Tiszaf\u00f6ldv\u00e1ron folytatta a bajnoks\u00e1got a J\u00e1szber\u00e9nyi TF DSE \u00e9s a Mez\u0151t\u00fari AFC ellen. Eredm\u00e9nyek: Sz\u00e9k\u00e1cs KE- J\u00e1szber\u00e9nyi TF DSE 21-7 Sz\u00e9k\u00e1cs KE &#8211; Mez\u0151t\u00fari AFC 5-22 G\u00f6bly\u00f6s Tibor edz\u0151: \u00a0A J\u00e1szber\u00e9ny elleni m\u00e9rk\u0151z\u00e9sen nehezen lend\u00fclt\u00fcnk j\u00e1t\u00e9kba sok helyzetet hib\u00e1ztunk, de a m\u00e1sodik f\u00e9lid\u0151re m\u00e1r sokat javultunk, \u00edgy nagyar\u00e1ny\u00fa gy\u0151zelmet arattunk! [&hellip;]<\/p>\n","protected":false},"author":3,"featured_media":0,"comment_status":"open","ping_status":"open","sticky":false,"template":"","format":"standard","meta":{"footnotes":""},"categories":[1],"tags":[],"class_list":["post-2760","post","type-post","status-publish","format-standard","hentry","category-egyeb"],"yoast_head":"<!-- This site is optimized with the Yoast SEO plugin v27.5 - https:\/\/yoast.com\/product\/yoast-seo-wordpress\/ -->\n<title>Le\u00e1ny U12 - Tiszaf\u00f6ldv\u00e1ron folytattuk a bajnoks\u00e1got - Sz\u00e9k\u00e1cs KE<\/title>\n<meta name=\"robots\" content=\"index, follow, max-snippet:-1, max-image-preview:large, max-video-preview:-1\" \/>\n<link rel=\"canonical\" href=\"https:\/\/szekacske.hu\/new\/2024\/05\/01\/leany-u12-tiszafoldvaron-folytattuk-a-bajnoksagot\/\" \/>\n<meta property=\"og:locale\" content=\"hu_HU\" \/>\n<meta property=\"og:type\" content=\"article\" \/>\n<meta property=\"og:title\" content=\"Le\u00e1ny U12 - Tiszaf\u00f6ldv\u00e1ron folytattuk a bajnoks\u00e1got - Sz\u00e9k\u00e1cs KE\" \/>\n<meta property=\"og:description\" content=\"Az U12-es l\u00e1ny csapatunk 2024.04.28-\u00e1n Tiszaf\u00f6ldv\u00e1ron folytatta a bajnoks\u00e1got a J\u00e1szber\u00e9nyi TF DSE \u00e9s a Mez\u0151t\u00fari AFC ellen. Eredm\u00e9nyek: Sz\u00e9k\u00e1cs KE- J\u00e1szber\u00e9nyi TF DSE 21-7 Sz\u00e9k\u00e1cs KE &#8211; Mez\u0151t\u00fari AFC 5-22 G\u00f6bly\u00f6s Tibor edz\u0151: \u00a0A J\u00e1szber\u00e9ny elleni m\u00e9rk\u0151z\u00e9sen nehezen lend\u00fclt\u00fcnk j\u00e1t\u00e9kba sok helyzetet hib\u00e1ztunk, de a m\u00e1sodik f\u00e9lid\u0151re m\u00e1r sokat javultunk, \u00edgy nagyar\u00e1ny\u00fa gy\u0151zelmet arattunk! [&hellip;]\" \/>\n<meta property=\"og:url\" content=\"https:\/\/szekacske.hu\/new\/2024\/05\/01\/leany-u12-tiszafoldvaron-folytattuk-a-bajnoksagot\/\" \/>\n<meta property=\"og:site_name\" content=\"Sz\u00e9k\u00e1cs KE\" \/>\n<meta property=\"article:published_time\" content=\"2024-05-01T15:53:01+00:00\" \/>\n<meta property=\"article:modified_time\" content=\"2024-05-07T15:53:11+00:00\" \/>\n<meta property=\"og:image\" content=\"https:\/\/szekacske.hu\/new\/wp-content\/uploads\/2024\/05\/image3-scaled.jpeg\" \/>\n\t<meta property=\"og:image:width\" content=\"2560\" \/>\n\t<meta property=\"og:image:height\" content=\"1312\" \/>\n\t<meta property=\"og:image:type\" content=\"image\/jpeg\" \/>\n<meta name=\"author\" content=\"Hudu Csaba\" \/>\n<meta name=\"twitter:card\" content=\"summary_large_image\" \/>\n<meta name=\"twitter:label1\" content=\"Szerz\u0151:\" \/>\n\t<meta name=\"twitter:data1\" content=\"Hudu Csaba\" \/>\n\t<meta name=\"twitter:label2\" content=\"Becs\u00fclt olvas\u00e1si id\u0151\" \/>\n\t<meta name=\"twitter:data2\" content=\"1 perc\" \/>\n<script type=\"application\/ld+json\" class=\"yoast-schema-graph\">{\"@context\":\"https:\\\/\\\/schema.org\",\"@graph\":[{\"@type\":\"Article\",\"@id\":\"https:\\\/\\\/szekacske.hu\\\/new\\\/2024\\\/05\\\/01\\\/leany-u12-tiszafoldvaron-folytattuk-a-bajnoksagot\\\/#article\",\"isPartOf\":{\"@id\":\"https:\\\/\\\/szekacske.hu\\\/new\\\/2024\\\/05\\\/01\\\/leany-u12-tiszafoldvaron-folytattuk-a-bajnoksagot\\\/\"},\"author\":{\"name\":\"Hudu Csaba\",\"@id\":\"https:\\\/\\\/szekacske.hu\\\/new\\\/#\\\/schema\\\/person\\\/1b98dcad88a429be1d6d889d1ceff05c\"},\"headline\":\"Le\u00e1ny U12 &#8211; Tiszaf\u00f6ldv\u00e1ron folytattuk a bajnoks\u00e1got\",\"datePublished\":\"2024-05-01T15:53:01+00:00\",\"dateModified\":\"2024-05-07T15:53:11+00:00\",\"mainEntityOfPage\":{\"@id\":\"https:\\\/\\\/szekacske.hu\\\/new\\\/2024\\\/05\\\/01\\\/leany-u12-tiszafoldvaron-folytattuk-a-bajnoksagot\\\/\"},\"wordCount\":241,\"commentCount\":0,\"image\":{\"@id\":\"https:\\\/\\\/szekacske.hu\\\/new\\\/2024\\\/05\\\/01\\\/leany-u12-tiszafoldvaron-folytattuk-a-bajnoksagot\\\/#primaryimage\"},\"thumbnailUrl\":\"http:\\\/\\\/szekacske.hu\\\/new\\\/wp-content\\\/uploads\\\/2024\\\/05\\\/image3-300x154.jpeg\",\"articleSection\":[\"Egy\u00e9b kateg\u00f3ria\"],\"inLanguage\":\"hu\",\"potentialAction\":[{\"@type\":\"CommentAction\",\"name\":\"Comment\",\"target\":[\"https:\\\/\\\/szekacske.hu\\\/new\\\/2024\\\/05\\\/01\\\/leany-u12-tiszafoldvaron-folytattuk-a-bajnoksagot\\\/#respond\"]}]},{\"@type\":\"WebPage\",\"@id\":\"https:\\\/\\\/szekacske.hu\\\/new\\\/2024\\\/05\\\/01\\\/leany-u12-tiszafoldvaron-folytattuk-a-bajnoksagot\\\/\",\"url\":\"https:\\\/\\\/szekacske.hu\\\/new\\\/2024\\\/05\\\/01\\\/leany-u12-tiszafoldvaron-folytattuk-a-bajnoksagot\\\/\",\"name\":\"Le\u00e1ny U12 - Tiszaf\u00f6ldv\u00e1ron folytattuk a bajnoks\u00e1got - Sz\u00e9k\u00e1cs KE\",\"isPartOf\":{\"@id\":\"https:\\\/\\\/szekacske.hu\\\/new\\\/#website\"},\"primaryImageOfPage\":{\"@id\":\"https:\\\/\\\/szekacske.hu\\\/new\\\/2024\\\/05\\\/01\\\/leany-u12-tiszafoldvaron-folytattuk-a-bajnoksagot\\\/#primaryimage\"},\"image\":{\"@id\":\"https:\\\/\\\/szekacske.hu\\\/new\\\/2024\\\/05\\\/01\\\/leany-u12-tiszafoldvaron-folytattuk-a-bajnoksagot\\\/#primaryimage\"},\"thumbnailUrl\":\"http:\\\/\\\/szekacske.hu\\\/new\\\/wp-content\\\/uploads\\\/2024\\\/05\\\/image3-300x154.jpeg\",\"datePublished\":\"2024-05-01T15:53:01+00:00\",\"dateModified\":\"2024-05-07T15:53:11+00:00\",\"author\":{\"@id\":\"https:\\\/\\\/szekacske.hu\\\/new\\\/#\\\/schema\\\/person\\\/1b98dcad88a429be1d6d889d1ceff05c\"},\"breadcrumb\":{\"@id\":\"https:\\\/\\\/szekacske.hu\\\/new\\\/2024\\\/05\\\/01\\\/leany-u12-tiszafoldvaron-folytattuk-a-bajnoksagot\\\/#breadcrumb\"},\"inLanguage\":\"hu\",\"potentialAction\":[{\"@type\":\"ReadAction\",\"target\":[\"https:\\\/\\\/szekacske.hu\\\/new\\\/2024\\\/05\\\/01\\\/leany-u12-tiszafoldvaron-folytattuk-a-bajnoksagot\\\/\"]}]},{\"@type\":\"ImageObject\",\"inLanguage\":\"hu\",\"@id\":\"https:\\\/\\\/szekacske.hu\\\/new\\\/2024\\\/05\\\/01\\\/leany-u12-tiszafoldvaron-folytattuk-a-bajnoksagot\\\/#primaryimage\",\"url\":\"http:\\\/\\\/szekacske.hu\\\/new\\\/wp-content\\\/uploads\\\/2024\\\/05\\\/image3-300x154.jpeg\",\"contentUrl\":\"http:\\\/\\\/szekacske.hu\\\/new\\\/wp-content\\\/uploads\\\/2024\\\/05\\\/image3-300x154.jpeg\"},{\"@type\":\"BreadcrumbList\",\"@id\":\"https:\\\/\\\/szekacske.hu\\\/new\\\/2024\\\/05\\\/01\\\/leany-u12-tiszafoldvaron-folytattuk-a-bajnoksagot\\\/#breadcrumb\",\"itemListElement\":[{\"@type\":\"ListItem\",\"position\":1,\"name\":\"Kezd\u0151lap\",\"item\":\"https:\\\/\\\/szekacske.hu\\\/new\\\/\"},{\"@type\":\"ListItem\",\"position\":2,\"name\":\"Le\u00e1ny U12 &#8211; Tiszaf\u00f6ldv\u00e1ron folytattuk a bajnoks\u00e1got\"}]},{\"@type\":\"WebSite\",\"@id\":\"https:\\\/\\\/szekacske.hu\\\/new\\\/#website\",\"url\":\"https:\\\/\\\/szekacske.hu\\\/new\\\/\",\"name\":\"Sz\u00e9k\u00e1cs KE\",\"description\":\"T\u00f6r\u00f6kszentmikl\u00f3si Sz\u00e9k\u00e1cs KE hivatalos honlapja\",\"potentialAction\":[{\"@type\":\"SearchAction\",\"target\":{\"@type\":\"EntryPoint\",\"urlTemplate\":\"https:\\\/\\\/szekacske.hu\\\/new\\\/?s={search_term_string}\"},\"query-input\":{\"@type\":\"PropertyValueSpecification\",\"valueRequired\":true,\"valueName\":\"search_term_string\"}}],\"inLanguage\":\"hu\"},{\"@type\":\"Person\",\"@id\":\"https:\\\/\\\/szekacske.hu\\\/new\\\/#\\\/schema\\\/person\\\/1b98dcad88a429be1d6d889d1ceff05c\",\"name\":\"Hudu Csaba\",\"image\":{\"@type\":\"ImageObject\",\"inLanguage\":\"hu\",\"@id\":\"https:\\\/\\\/secure.gravatar.com\\\/avatar\\\/eed0dafe15853c848fa7aa47475b14c1975c1fdb204811bb8c23c2cc7e066847?s=96&d=mm&r=g\",\"url\":\"https:\\\/\\\/secure.gravatar.com\\\/avatar\\\/eed0dafe15853c848fa7aa47475b14c1975c1fdb204811bb8c23c2cc7e066847?s=96&d=mm&r=g\",\"contentUrl\":\"https:\\\/\\\/secure.gravatar.com\\\/avatar\\\/eed0dafe15853c848fa7aa47475b14c1975c1fdb204811bb8c23c2cc7e066847?s=96&d=mm&r=g\",\"caption\":\"Hudu Csaba\"},\"url\":\"https:\\\/\\\/szekacske.hu\\\/new\\\/author\\\/hcsaba\\\/\"}]}<\/script>\n<!-- \/ Yoast SEO plugin. -->","yoast_head_json":{"title":"Le\u00e1ny U12 - Tiszaf\u00f6ldv\u00e1ron folytattuk a bajnoks\u00e1got - Sz\u00e9k\u00e1cs KE","robots":{"index":"index","follow":"follow","max-snippet":"max-snippet:-1","max-image-preview":"max-image-preview:large","max-video-preview":"max-video-preview:-1"},"canonical":"https:\/\/szekacske.hu\/new\/2024\/05\/01\/leany-u12-tiszafoldvaron-folytattuk-a-bajnoksagot\/","og_locale":"hu_HU","og_type":"article","og_title":"Le\u00e1ny U12 - Tiszaf\u00f6ldv\u00e1ron folytattuk a bajnoks\u00e1got - Sz\u00e9k\u00e1cs KE","og_description":"Az U12-es l\u00e1ny csapatunk 2024.04.28-\u00e1n Tiszaf\u00f6ldv\u00e1ron folytatta a bajnoks\u00e1got a J\u00e1szber\u00e9nyi TF DSE \u00e9s a Mez\u0151t\u00fari AFC ellen. Eredm\u00e9nyek: Sz\u00e9k\u00e1cs KE- J\u00e1szber\u00e9nyi TF DSE 21-7 Sz\u00e9k\u00e1cs KE &#8211; Mez\u0151t\u00fari AFC 5-22 G\u00f6bly\u00f6s Tibor edz\u0151: \u00a0A J\u00e1szber\u00e9ny elleni m\u00e9rk\u0151z\u00e9sen nehezen lend\u00fclt\u00fcnk j\u00e1t\u00e9kba sok helyzetet hib\u00e1ztunk, de a m\u00e1sodik f\u00e9lid\u0151re m\u00e1r sokat javultunk, \u00edgy nagyar\u00e1ny\u00fa gy\u0151zelmet arattunk! [&hellip;]","og_url":"https:\/\/szekacske.hu\/new\/2024\/05\/01\/leany-u12-tiszafoldvaron-folytattuk-a-bajnoksagot\/","og_site_name":"Sz\u00e9k\u00e1cs KE","article_published_time":"2024-05-01T15:53:01+00:00","article_modified_time":"2024-05-07T15:53:11+00:00","og_image":[{"width":2560,"height":1312,"url":"https:\/\/szekacske.hu\/new\/wp-content\/uploads\/2024\/05\/image3-scaled.jpeg","type":"image\/jpeg"}],"author":"Hudu Csaba","twitter_card":"summary_large_image","twitter_misc":{"Szerz\u0151:":"Hudu Csaba","Becs\u00fclt olvas\u00e1si id\u0151":"1 perc"},"schema":{"@context":"https:\/\/schema.org","@graph":[{"@type":"Article","@id":"https:\/\/szekacske.hu\/new\/2024\/05\/01\/leany-u12-tiszafoldvaron-folytattuk-a-bajnoksagot\/#article","isPartOf":{"@id":"https:\/\/szekacske.hu\/new\/2024\/05\/01\/leany-u12-tiszafoldvaron-folytattuk-a-bajnoksagot\/"},"author":{"name":"Hudu Csaba","@id":"https:\/\/szekacske.hu\/new\/#\/schema\/person\/1b98dcad88a429be1d6d889d1ceff05c"},"headline":"Le\u00e1ny U12 &#8211; Tiszaf\u00f6ldv\u00e1ron folytattuk a bajnoks\u00e1got","datePublished":"2024-05-01T15:53:01+00:00","dateModified":"2024-05-07T15:53:11+00:00","mainEntityOfPage":{"@id":"https:\/\/szekacske.hu\/new\/2024\/05\/01\/leany-u12-tiszafoldvaron-folytattuk-a-bajnoksagot\/"},"wordCount":241,"commentCount":0,"image":{"@id":"https:\/\/szekacske.hu\/new\/2024\/05\/01\/leany-u12-tiszafoldvaron-folytattuk-a-bajnoksagot\/#primaryimage"},"thumbnailUrl":"http:\/\/szekacske.hu\/new\/wp-content\/uploads\/2024\/05\/image3-300x154.jpeg","articleSection":["Egy\u00e9b kateg\u00f3ria"],"inLanguage":"hu","potentialAction":[{"@type":"CommentAction","name":"Comment","target":["https:\/\/szekacske.hu\/new\/2024\/05\/01\/leany-u12-tiszafoldvaron-folytattuk-a-bajnoksagot\/#respond"]}]},{"@type":"WebPage","@id":"https:\/\/szekacske.hu\/new\/2024\/05\/01\/leany-u12-tiszafoldvaron-folytattuk-a-bajnoksagot\/","url":"https:\/\/szekacske.hu\/new\/2024\/05\/01\/leany-u12-tiszafoldvaron-folytattuk-a-bajnoksagot\/","name":"Le\u00e1ny U12 - Tiszaf\u00f6ldv\u00e1ron folytattuk a bajnoks\u00e1got - Sz\u00e9k\u00e1cs KE","isPartOf":{"@id":"https:\/\/szekacske.hu\/new\/#website"},"primaryImageOfPage":{"@id":"https:\/\/szekacske.hu\/new\/2024\/05\/01\/leany-u12-tiszafoldvaron-folytattuk-a-bajnoksagot\/#primaryimage"},"image":{"@id":"https:\/\/szekacske.hu\/new\/2024\/05\/01\/leany-u12-tiszafoldvaron-folytattuk-a-bajnoksagot\/#primaryimage"},"thumbnailUrl":"http:\/\/szekacske.hu\/new\/wp-content\/uploads\/2024\/05\/image3-300x154.jpeg","datePublished":"2024-05-01T15:53:01+00:00","dateModified":"2024-05-07T15:53:11+00:00","author":{"@id":"https:\/\/szekacske.hu\/new\/#\/schema\/person\/1b98dcad88a429be1d6d889d1ceff05c"},"breadcrumb":{"@id":"https:\/\/szekacske.hu\/new\/2024\/05\/01\/leany-u12-tiszafoldvaron-folytattuk-a-bajnoksagot\/#breadcrumb"},"inLanguage":"hu","potentialAction":[{"@type":"ReadAction","target":["https:\/\/szekacske.hu\/new\/2024\/05\/01\/leany-u12-tiszafoldvaron-folytattuk-a-bajnoksagot\/"]}]},{"@type":"ImageObject","inLanguage":"hu","@id":"https:\/\/szekacske.hu\/new\/2024\/05\/01\/leany-u12-tiszafoldvaron-folytattuk-a-bajnoksagot\/#primaryimage","url":"http:\/\/szekacske.hu\/new\/wp-content\/uploads\/2024\/05\/image3-300x154.jpeg","contentUrl":"http:\/\/szekacske.hu\/new\/wp-content\/uploads\/2024\/05\/image3-300x154.jpeg"},{"@type":"BreadcrumbList","@id":"https:\/\/szekacske.hu\/new\/2024\/05\/01\/leany-u12-tiszafoldvaron-folytattuk-a-bajnoksagot\/#breadcrumb","itemListElement":[{"@type":"ListItem","position":1,"name":"Kezd\u0151lap","item":"https:\/\/szekacske.hu\/new\/"},{"@type":"ListItem","position":2,"name":"Le\u00e1ny U12 &#8211; Tiszaf\u00f6ldv\u00e1ron folytattuk a bajnoks\u00e1got"}]},{"@type":"WebSite","@id":"https:\/\/szekacske.hu\/new\/#website","url":"https:\/\/szekacske.hu\/new\/","name":"Sz\u00e9k\u00e1cs KE","description":"T\u00f6r\u00f6kszentmikl\u00f3si Sz\u00e9k\u00e1cs KE hivatalos honlapja","potentialAction":[{"@type":"SearchAction","target":{"@type":"EntryPoint","urlTemplate":"https:\/\/szekacske.hu\/new\/?s={search_term_string}"},"query-input":{"@type":"PropertyValueSpecification","valueRequired":true,"valueName":"search_term_string"}}],"inLanguage":"hu"},{"@type":"Person","@id":"https:\/\/szekacske.hu\/new\/#\/schema\/person\/1b98dcad88a429be1d6d889d1ceff05c","name":"Hudu Csaba","image":{"@type":"ImageObject","inLanguage":"hu","@id":"https:\/\/secure.gravatar.com\/avatar\/eed0dafe15853c848fa7aa47475b14c1975c1fdb204811bb8c23c2cc7e066847?s=96&d=mm&r=g","url":"https:\/\/secure.gravatar.com\/avatar\/eed0dafe15853c848fa7aa47475b14c1975c1fdb204811bb8c23c2cc7e066847?s=96&d=mm&r=g","contentUrl":"https:\/\/secure.gravatar.com\/avatar\/eed0dafe15853c848fa7aa47475b14c1975c1fdb204811bb8c23c2cc7e066847?s=96&d=mm&r=g","caption":"Hudu Csaba"},"url":"https:\/\/szekacske.hu\/new\/author\/hcsaba\/"}]}},"_links":{"self":[{"href":"https:\/\/szekacske.hu\/new\/wp-json\/wp\/v2\/posts\/2760","targetHints":{"allow":["GET"]}}],"collection":[{"href":"https:\/\/szekacske.hu\/new\/wp-json\/wp\/v2\/posts"}],"about":[{"href":"https:\/\/szekacske.hu\/new\/wp-json\/wp\/v2\/types\/post"}],"author":[{"embeddable":true,"href":"https:\/\/szekacske.hu\/new\/wp-json\/wp\/v2\/users\/3"}],"replies":[{"embeddable":true,"href":"https:\/\/szekacske.hu\/new\/wp-json\/wp\/v2\/comments?post=2760"}],"version-history":[{"count":2,"href":"https:\/\/szekacske.hu\/new\/wp-json\/wp\/v2\/posts\/2760\/revisions"}],"predecessor-version":[{"id":2763,"href":"https:\/\/szekacske.hu\/new\/wp-json\/wp\/v2\/posts\/2760\/revisions\/2763"}],"wp:attachment":[{"href":"https:\/\/szekacske.hu\/new\/wp-json\/wp\/v2\/media?parent=2760"}],"wp:term":[{"taxonomy":"category","embeddable":true,"href":"https:\/\/szekacske.hu\/new\/wp-json\/wp\/v2\/categories?post=2760"},{"taxonomy":"post_tag","embeddable":true,"href":"https:\/\/szekacske.hu\/new\/wp-json\/wp\/v2\/tags?post=2760"}],"curies":[{"name":"wp","href":"https:\/\/api.w.org\/{rel}","templated":true}]}}