{"id":2336,"date":"2023-11-27T11:29:53","date_gmt":"2023-11-27T10:29:53","guid":{"rendered":"http:\/\/szekacske.hu\/new\/?p=2336"},"modified":"2023-11-30T11:33:22","modified_gmt":"2023-11-30T10:33:22","slug":"leany-u12-ket-gyozelem-mezoturon","status":"publish","type":"post","link":"https:\/\/szekacske.hu\/new\/2023\/11\/27\/leany-u12-ket-gyozelem-mezoturon\/","title":{"rendered":"Le\u00e1ny U12 &#8211; K\u00e9t gy\u0151zelem Mez\u0151t\u00faron"},"content":{"rendered":"<p><strong>Az U12-es l\u00e1ny csapatunk 2023.11.26-\u00e1n a bajnoks\u00e1g III. fordul\u00f3j\u00e1ban Mez\u0151t\u00farra l\u00e1togatott.<\/strong><\/p>\n<p><a href=\"http:\/\/szekacske.hu\/new\/wp-content\/uploads\/2023\/11\/image_50434561-scaled.jpg\"><img loading=\"lazy\" decoding=\"async\" class=\"alignnone wp-image-2337\" src=\"http:\/\/szekacske.hu\/new\/wp-content\/uploads\/2023\/11\/image_50434561-300x225.jpg\" alt=\"\" width=\"1024\" height=\"768\" srcset=\"https:\/\/szekacske.hu\/new\/wp-content\/uploads\/2023\/11\/image_50434561-300x225.jpg 300w, https:\/\/szekacske.hu\/new\/wp-content\/uploads\/2023\/11\/image_50434561-1024x768.jpg 1024w, https:\/\/szekacske.hu\/new\/wp-content\/uploads\/2023\/11\/image_50434561-150x113.jpg 150w, https:\/\/szekacske.hu\/new\/wp-content\/uploads\/2023\/11\/image_50434561-768x576.jpg 768w, https:\/\/szekacske.hu\/new\/wp-content\/uploads\/2023\/11\/image_50434561-1536x1152.jpg 1536w, https:\/\/szekacske.hu\/new\/wp-content\/uploads\/2023\/11\/image_50434561-2048x1536.jpg 2048w, https:\/\/szekacske.hu\/new\/wp-content\/uploads\/2023\/11\/image_50434561-128x96.jpg 128w, https:\/\/szekacske.hu\/new\/wp-content\/uploads\/2023\/11\/image_50434561-32x24.jpg 32w\" sizes=\"auto, (max-width: 1024px) 100vw, 1024px\" \/><\/a><\/p>\n<p>M\u00e9rk\u0151z\u00e9sek:<\/p>\n<p>J\u00e1szf\u00e9nyszaru VSE &#8211; Sz\u00e9k\u00e1cs KE 6-20<br \/>\nSz\u00e9k\u00e1cs KE &#8211; J\u00e1szber\u00e9nyi TF DSE 17-4<\/p>\n<blockquote><p>G\u00f6bly\u00f6s Tibor edz\u0151: A kem\u00e9ny v\u00e9dekez\u00e9s\u00fcnknek \u00e9s a j\u00f3 kapusteljes\u00edtm\u00e9nyeknek k\u00f6sz\u00f6nhet\u0151en hamar siker\u00fclt ellenfeleinket elbizonytalan\u00edtani, aminek eredm\u00e9nyk\u00e9nt sok ziccer g\u00f3lt l\u0151tt\u00fcnk. Az eredm\u00e9nyeink sz\u00e9pen alakultak, sok j\u00f3 teljes\u00edtm\u00e9nyt l\u00e1ttam. B\u00fcszke vagyok a l\u00e1nyokra \u00e9s b\u00edzok benne, hogy ezzel a lend\u00fcletes j\u00e1t\u00e9kkal megy\u00fcnk tov\u00e1bb! Hajr\u00e1 l\u00e1nyok!<\/p><\/blockquote>\n<p><a href=\"http:\/\/szekacske.hu\/new\/wp-content\/uploads\/2023\/11\/image_50728449-1-scaled.jpg\"><img loading=\"lazy\" decoding=\"async\" class=\"alignnone wp-image-2340\" src=\"http:\/\/szekacske.hu\/new\/wp-content\/uploads\/2023\/11\/image_50728449-1-300x225.jpg\" alt=\"\" width=\"1024\" height=\"768\" srcset=\"https:\/\/szekacske.hu\/new\/wp-content\/uploads\/2023\/11\/image_50728449-1-300x225.jpg 300w, https:\/\/szekacske.hu\/new\/wp-content\/uploads\/2023\/11\/image_50728449-1-1024x768.jpg 1024w, https:\/\/szekacske.hu\/new\/wp-content\/uploads\/2023\/11\/image_50728449-1-150x113.jpg 150w, https:\/\/szekacske.hu\/new\/wp-content\/uploads\/2023\/11\/image_50728449-1-768x576.jpg 768w, https:\/\/szekacske.hu\/new\/wp-content\/uploads\/2023\/11\/image_50728449-1-1536x1152.jpg 1536w, https:\/\/szekacske.hu\/new\/wp-content\/uploads\/2023\/11\/image_50728449-1-2048x1536.jpg 2048w, https:\/\/szekacske.hu\/new\/wp-content\/uploads\/2023\/11\/image_50728449-1-128x96.jpg 128w, https:\/\/szekacske.hu\/new\/wp-content\/uploads\/2023\/11\/image_50728449-1-32x24.jpg 32w\" sizes=\"auto, (max-width: 1024px) 100vw, 1024px\" \/><\/a> <a href=\"http:\/\/szekacske.hu\/new\/wp-content\/uploads\/2023\/11\/image_50737665-scaled.jpg\"><img loading=\"lazy\" decoding=\"async\" class=\"alignnone wp-image-2341\" src=\"http:\/\/szekacske.hu\/new\/wp-content\/uploads\/2023\/11\/image_50737665-300x225.jpg\" alt=\"\" width=\"1024\" height=\"768\" srcset=\"https:\/\/szekacske.hu\/new\/wp-content\/uploads\/2023\/11\/image_50737665-300x225.jpg 300w, https:\/\/szekacske.hu\/new\/wp-content\/uploads\/2023\/11\/image_50737665-1024x768.jpg 1024w, https:\/\/szekacske.hu\/new\/wp-content\/uploads\/2023\/11\/image_50737665-150x113.jpg 150w, https:\/\/szekacske.hu\/new\/wp-content\/uploads\/2023\/11\/image_50737665-768x576.jpg 768w, https:\/\/szekacske.hu\/new\/wp-content\/uploads\/2023\/11\/image_50737665-1536x1152.jpg 1536w, https:\/\/szekacske.hu\/new\/wp-content\/uploads\/2023\/11\/image_50737665-2048x1536.jpg 2048w, https:\/\/szekacske.hu\/new\/wp-content\/uploads\/2023\/11\/image_50737665-128x96.jpg 128w, https:\/\/szekacske.hu\/new\/wp-content\/uploads\/2023\/11\/image_50737665-32x24.jpg 32w\" sizes=\"auto, (max-width: 1024px) 100vw, 1024px\" \/><\/a><\/p>\n","protected":false},"excerpt":{"rendered":"<p>Az U12-es l\u00e1ny csapatunk 2023.11.26-\u00e1n a bajnoks\u00e1g III. fordul\u00f3j\u00e1ban Mez\u0151t\u00farra l\u00e1togatott. M\u00e9rk\u0151z\u00e9sek: J\u00e1szf\u00e9nyszaru VSE &#8211; Sz\u00e9k\u00e1cs KE 6-20 Sz\u00e9k\u00e1cs KE &#8211; J\u00e1szber\u00e9nyi TF DSE 17-4 G\u00f6bly\u00f6s Tibor edz\u0151: A kem\u00e9ny v\u00e9dekez\u00e9s\u00fcnknek \u00e9s a j\u00f3 kapusteljes\u00edtm\u00e9nyeknek k\u00f6sz\u00f6nhet\u0151en hamar siker\u00fclt ellenfeleinket elbizonytalan\u00edtani, aminek eredm\u00e9nyk\u00e9nt sok ziccer g\u00f3lt l\u0151tt\u00fcnk. Az eredm\u00e9nyeink sz\u00e9pen alakultak, sok j\u00f3 teljes\u00edtm\u00e9nyt l\u00e1ttam. B\u00fcszke [&hellip;]<\/p>\n","protected":false},"author":3,"featured_media":0,"comment_status":"open","ping_status":"open","sticky":false,"template":"","format":"standard","meta":{"footnotes":""},"categories":[24],"tags":[118],"class_list":["post-2336","post","type-post","status-publish","format-standard","hentry","category-hirek","tag-lu12"],"yoast_head":"<!-- This site is optimized with the Yoast SEO plugin v27.5 - https:\/\/yoast.com\/product\/yoast-seo-wordpress\/ -->\n<title>Le\u00e1ny U12 - K\u00e9t gy\u0151zelem Mez\u0151t\u00faron - Sz\u00e9k\u00e1cs KE<\/title>\n<meta name=\"robots\" content=\"index, follow, max-snippet:-1, max-image-preview:large, max-video-preview:-1\" \/>\n<link rel=\"canonical\" href=\"https:\/\/szekacske.hu\/new\/2023\/11\/27\/leany-u12-ket-gyozelem-mezoturon\/\" \/>\n<meta property=\"og:locale\" content=\"hu_HU\" \/>\n<meta property=\"og:type\" content=\"article\" \/>\n<meta property=\"og:title\" content=\"Le\u00e1ny U12 - K\u00e9t gy\u0151zelem Mez\u0151t\u00faron - Sz\u00e9k\u00e1cs KE\" \/>\n<meta property=\"og:description\" content=\"Az U12-es l\u00e1ny csapatunk 2023.11.26-\u00e1n a bajnoks\u00e1g III. fordul\u00f3j\u00e1ban Mez\u0151t\u00farra l\u00e1togatott. M\u00e9rk\u0151z\u00e9sek: J\u00e1szf\u00e9nyszaru VSE &#8211; Sz\u00e9k\u00e1cs KE 6-20 Sz\u00e9k\u00e1cs KE &#8211; J\u00e1szber\u00e9nyi TF DSE 17-4 G\u00f6bly\u00f6s Tibor edz\u0151: A kem\u00e9ny v\u00e9dekez\u00e9s\u00fcnknek \u00e9s a j\u00f3 kapusteljes\u00edtm\u00e9nyeknek k\u00f6sz\u00f6nhet\u0151en hamar siker\u00fclt ellenfeleinket elbizonytalan\u00edtani, aminek eredm\u00e9nyk\u00e9nt sok ziccer g\u00f3lt l\u0151tt\u00fcnk. Az eredm\u00e9nyeink sz\u00e9pen alakultak, sok j\u00f3 teljes\u00edtm\u00e9nyt l\u00e1ttam. B\u00fcszke [&hellip;]\" \/>\n<meta property=\"og:url\" content=\"https:\/\/szekacske.hu\/new\/2023\/11\/27\/leany-u12-ket-gyozelem-mezoturon\/\" \/>\n<meta property=\"og:site_name\" content=\"Sz\u00e9k\u00e1cs KE\" \/>\n<meta property=\"article:published_time\" content=\"2023-11-27T10:29:53+00:00\" \/>\n<meta property=\"article:modified_time\" content=\"2023-11-30T10:33:22+00:00\" \/>\n<meta property=\"og:image\" content=\"https:\/\/szekacske.hu\/new\/wp-content\/uploads\/2023\/11\/image_50434561-scaled.jpg\" \/>\n\t<meta property=\"og:image:width\" content=\"2560\" \/>\n\t<meta property=\"og:image:height\" content=\"1920\" \/>\n\t<meta property=\"og:image:type\" content=\"image\/jpeg\" \/>\n<meta name=\"author\" content=\"Hudu Csaba\" \/>\n<meta name=\"twitter:card\" content=\"summary_large_image\" \/>\n<meta name=\"twitter:label1\" content=\"Szerz\u0151:\" \/>\n\t<meta name=\"twitter:data1\" content=\"Hudu Csaba\" \/>\n\t<meta name=\"twitter:label2\" content=\"Becs\u00fclt olvas\u00e1si id\u0151\" \/>\n\t<meta name=\"twitter:data2\" content=\"1 perc\" \/>\n<script type=\"application\/ld+json\" class=\"yoast-schema-graph\">{\"@context\":\"https:\\\/\\\/schema.org\",\"@graph\":[{\"@type\":\"Article\",\"@id\":\"https:\\\/\\\/szekacske.hu\\\/new\\\/2023\\\/11\\\/27\\\/leany-u12-ket-gyozelem-mezoturon\\\/#article\",\"isPartOf\":{\"@id\":\"https:\\\/\\\/szekacske.hu\\\/new\\\/2023\\\/11\\\/27\\\/leany-u12-ket-gyozelem-mezoturon\\\/\"},\"author\":{\"name\":\"Hudu Csaba\",\"@id\":\"https:\\\/\\\/szekacske.hu\\\/new\\\/#\\\/schema\\\/person\\\/1b98dcad88a429be1d6d889d1ceff05c\"},\"headline\":\"Le\u00e1ny U12 &#8211; K\u00e9t gy\u0151zelem Mez\u0151t\u00faron\",\"datePublished\":\"2023-11-27T10:29:53+00:00\",\"dateModified\":\"2023-11-30T10:33:22+00:00\",\"mainEntityOfPage\":{\"@id\":\"https:\\\/\\\/szekacske.hu\\\/new\\\/2023\\\/11\\\/27\\\/leany-u12-ket-gyozelem-mezoturon\\\/\"},\"wordCount\":133,\"commentCount\":0,\"image\":{\"@id\":\"https:\\\/\\\/szekacske.hu\\\/new\\\/2023\\\/11\\\/27\\\/leany-u12-ket-gyozelem-mezoturon\\\/#primaryimage\"},\"thumbnailUrl\":\"http:\\\/\\\/szekacske.hu\\\/new\\\/wp-content\\\/uploads\\\/2023\\\/11\\\/image_50434561-300x225.jpg\",\"keywords\":[\"LU12\"],\"articleSection\":[\"H\u00edrek\"],\"inLanguage\":\"hu\",\"potentialAction\":[{\"@type\":\"CommentAction\",\"name\":\"Comment\",\"target\":[\"https:\\\/\\\/szekacske.hu\\\/new\\\/2023\\\/11\\\/27\\\/leany-u12-ket-gyozelem-mezoturon\\\/#respond\"]}]},{\"@type\":\"WebPage\",\"@id\":\"https:\\\/\\\/szekacske.hu\\\/new\\\/2023\\\/11\\\/27\\\/leany-u12-ket-gyozelem-mezoturon\\\/\",\"url\":\"https:\\\/\\\/szekacske.hu\\\/new\\\/2023\\\/11\\\/27\\\/leany-u12-ket-gyozelem-mezoturon\\\/\",\"name\":\"Le\u00e1ny U12 - K\u00e9t gy\u0151zelem Mez\u0151t\u00faron - Sz\u00e9k\u00e1cs KE\",\"isPartOf\":{\"@id\":\"https:\\\/\\\/szekacske.hu\\\/new\\\/#website\"},\"primaryImageOfPage\":{\"@id\":\"https:\\\/\\\/szekacske.hu\\\/new\\\/2023\\\/11\\\/27\\\/leany-u12-ket-gyozelem-mezoturon\\\/#primaryimage\"},\"image\":{\"@id\":\"https:\\\/\\\/szekacske.hu\\\/new\\\/2023\\\/11\\\/27\\\/leany-u12-ket-gyozelem-mezoturon\\\/#primaryimage\"},\"thumbnailUrl\":\"http:\\\/\\\/szekacske.hu\\\/new\\\/wp-content\\\/uploads\\\/2023\\\/11\\\/image_50434561-300x225.jpg\",\"datePublished\":\"2023-11-27T10:29:53+00:00\",\"dateModified\":\"2023-11-30T10:33:22+00:00\",\"author\":{\"@id\":\"https:\\\/\\\/szekacske.hu\\\/new\\\/#\\\/schema\\\/person\\\/1b98dcad88a429be1d6d889d1ceff05c\"},\"breadcrumb\":{\"@id\":\"https:\\\/\\\/szekacske.hu\\\/new\\\/2023\\\/11\\\/27\\\/leany-u12-ket-gyozelem-mezoturon\\\/#breadcrumb\"},\"inLanguage\":\"hu\",\"potentialAction\":[{\"@type\":\"ReadAction\",\"target\":[\"https:\\\/\\\/szekacske.hu\\\/new\\\/2023\\\/11\\\/27\\\/leany-u12-ket-gyozelem-mezoturon\\\/\"]}]},{\"@type\":\"ImageObject\",\"inLanguage\":\"hu\",\"@id\":\"https:\\\/\\\/szekacske.hu\\\/new\\\/2023\\\/11\\\/27\\\/leany-u12-ket-gyozelem-mezoturon\\\/#primaryimage\",\"url\":\"https:\\\/\\\/szekacske.hu\\\/new\\\/wp-content\\\/uploads\\\/2023\\\/11\\\/image_50434561-scaled.jpg\",\"contentUrl\":\"https:\\\/\\\/szekacske.hu\\\/new\\\/wp-content\\\/uploads\\\/2023\\\/11\\\/image_50434561-scaled.jpg\",\"width\":2560,\"height\":1920},{\"@type\":\"BreadcrumbList\",\"@id\":\"https:\\\/\\\/szekacske.hu\\\/new\\\/2023\\\/11\\\/27\\\/leany-u12-ket-gyozelem-mezoturon\\\/#breadcrumb\",\"itemListElement\":[{\"@type\":\"ListItem\",\"position\":1,\"name\":\"Kezd\u0151lap\",\"item\":\"https:\\\/\\\/szekacske.hu\\\/new\\\/\"},{\"@type\":\"ListItem\",\"position\":2,\"name\":\"Le\u00e1ny U12 &#8211; K\u00e9t gy\u0151zelem Mez\u0151t\u00faron\"}]},{\"@type\":\"WebSite\",\"@id\":\"https:\\\/\\\/szekacske.hu\\\/new\\\/#website\",\"url\":\"https:\\\/\\\/szekacske.hu\\\/new\\\/\",\"name\":\"Sz\u00e9k\u00e1cs KE\",\"description\":\"T\u00f6r\u00f6kszentmikl\u00f3si Sz\u00e9k\u00e1cs KE hivatalos honlapja\",\"potentialAction\":[{\"@type\":\"SearchAction\",\"target\":{\"@type\":\"EntryPoint\",\"urlTemplate\":\"https:\\\/\\\/szekacske.hu\\\/new\\\/?s={search_term_string}\"},\"query-input\":{\"@type\":\"PropertyValueSpecification\",\"valueRequired\":true,\"valueName\":\"search_term_string\"}}],\"inLanguage\":\"hu\"},{\"@type\":\"Person\",\"@id\":\"https:\\\/\\\/szekacske.hu\\\/new\\\/#\\\/schema\\\/person\\\/1b98dcad88a429be1d6d889d1ceff05c\",\"name\":\"Hudu Csaba\",\"image\":{\"@type\":\"ImageObject\",\"inLanguage\":\"hu\",\"@id\":\"https:\\\/\\\/secure.gravatar.com\\\/avatar\\\/eed0dafe15853c848fa7aa47475b14c1975c1fdb204811bb8c23c2cc7e066847?s=96&d=mm&r=g\",\"url\":\"https:\\\/\\\/secure.gravatar.com\\\/avatar\\\/eed0dafe15853c848fa7aa47475b14c1975c1fdb204811bb8c23c2cc7e066847?s=96&d=mm&r=g\",\"contentUrl\":\"https:\\\/\\\/secure.gravatar.com\\\/avatar\\\/eed0dafe15853c848fa7aa47475b14c1975c1fdb204811bb8c23c2cc7e066847?s=96&d=mm&r=g\",\"caption\":\"Hudu Csaba\"},\"url\":\"https:\\\/\\\/szekacske.hu\\\/new\\\/author\\\/hcsaba\\\/\"}]}<\/script>\n<!-- \/ Yoast SEO plugin. -->","yoast_head_json":{"title":"Le\u00e1ny U12 - K\u00e9t gy\u0151zelem Mez\u0151t\u00faron - Sz\u00e9k\u00e1cs KE","robots":{"index":"index","follow":"follow","max-snippet":"max-snippet:-1","max-image-preview":"max-image-preview:large","max-video-preview":"max-video-preview:-1"},"canonical":"https:\/\/szekacske.hu\/new\/2023\/11\/27\/leany-u12-ket-gyozelem-mezoturon\/","og_locale":"hu_HU","og_type":"article","og_title":"Le\u00e1ny U12 - K\u00e9t gy\u0151zelem Mez\u0151t\u00faron - Sz\u00e9k\u00e1cs KE","og_description":"Az U12-es l\u00e1ny csapatunk 2023.11.26-\u00e1n a bajnoks\u00e1g III. fordul\u00f3j\u00e1ban Mez\u0151t\u00farra l\u00e1togatott. M\u00e9rk\u0151z\u00e9sek: J\u00e1szf\u00e9nyszaru VSE &#8211; Sz\u00e9k\u00e1cs KE 6-20 Sz\u00e9k\u00e1cs KE &#8211; J\u00e1szber\u00e9nyi TF DSE 17-4 G\u00f6bly\u00f6s Tibor edz\u0151: A kem\u00e9ny v\u00e9dekez\u00e9s\u00fcnknek \u00e9s a j\u00f3 kapusteljes\u00edtm\u00e9nyeknek k\u00f6sz\u00f6nhet\u0151en hamar siker\u00fclt ellenfeleinket elbizonytalan\u00edtani, aminek eredm\u00e9nyk\u00e9nt sok ziccer g\u00f3lt l\u0151tt\u00fcnk. Az eredm\u00e9nyeink sz\u00e9pen alakultak, sok j\u00f3 teljes\u00edtm\u00e9nyt l\u00e1ttam. B\u00fcszke [&hellip;]","og_url":"https:\/\/szekacske.hu\/new\/2023\/11\/27\/leany-u12-ket-gyozelem-mezoturon\/","og_site_name":"Sz\u00e9k\u00e1cs KE","article_published_time":"2023-11-27T10:29:53+00:00","article_modified_time":"2023-11-30T10:33:22+00:00","og_image":[{"width":2560,"height":1920,"url":"https:\/\/szekacske.hu\/new\/wp-content\/uploads\/2023\/11\/image_50434561-scaled.jpg","type":"image\/jpeg"}],"author":"Hudu Csaba","twitter_card":"summary_large_image","twitter_misc":{"Szerz\u0151:":"Hudu Csaba","Becs\u00fclt olvas\u00e1si id\u0151":"1 perc"},"schema":{"@context":"https:\/\/schema.org","@graph":[{"@type":"Article","@id":"https:\/\/szekacske.hu\/new\/2023\/11\/27\/leany-u12-ket-gyozelem-mezoturon\/#article","isPartOf":{"@id":"https:\/\/szekacske.hu\/new\/2023\/11\/27\/leany-u12-ket-gyozelem-mezoturon\/"},"author":{"name":"Hudu Csaba","@id":"https:\/\/szekacske.hu\/new\/#\/schema\/person\/1b98dcad88a429be1d6d889d1ceff05c"},"headline":"Le\u00e1ny U12 &#8211; K\u00e9t gy\u0151zelem Mez\u0151t\u00faron","datePublished":"2023-11-27T10:29:53+00:00","dateModified":"2023-11-30T10:33:22+00:00","mainEntityOfPage":{"@id":"https:\/\/szekacske.hu\/new\/2023\/11\/27\/leany-u12-ket-gyozelem-mezoturon\/"},"wordCount":133,"commentCount":0,"image":{"@id":"https:\/\/szekacske.hu\/new\/2023\/11\/27\/leany-u12-ket-gyozelem-mezoturon\/#primaryimage"},"thumbnailUrl":"http:\/\/szekacske.hu\/new\/wp-content\/uploads\/2023\/11\/image_50434561-300x225.jpg","keywords":["LU12"],"articleSection":["H\u00edrek"],"inLanguage":"hu","potentialAction":[{"@type":"CommentAction","name":"Comment","target":["https:\/\/szekacske.hu\/new\/2023\/11\/27\/leany-u12-ket-gyozelem-mezoturon\/#respond"]}]},{"@type":"WebPage","@id":"https:\/\/szekacske.hu\/new\/2023\/11\/27\/leany-u12-ket-gyozelem-mezoturon\/","url":"https:\/\/szekacske.hu\/new\/2023\/11\/27\/leany-u12-ket-gyozelem-mezoturon\/","name":"Le\u00e1ny U12 - K\u00e9t gy\u0151zelem Mez\u0151t\u00faron - Sz\u00e9k\u00e1cs KE","isPartOf":{"@id":"https:\/\/szekacske.hu\/new\/#website"},"primaryImageOfPage":{"@id":"https:\/\/szekacske.hu\/new\/2023\/11\/27\/leany-u12-ket-gyozelem-mezoturon\/#primaryimage"},"image":{"@id":"https:\/\/szekacske.hu\/new\/2023\/11\/27\/leany-u12-ket-gyozelem-mezoturon\/#primaryimage"},"thumbnailUrl":"http:\/\/szekacske.hu\/new\/wp-content\/uploads\/2023\/11\/image_50434561-300x225.jpg","datePublished":"2023-11-27T10:29:53+00:00","dateModified":"2023-11-30T10:33:22+00:00","author":{"@id":"https:\/\/szekacske.hu\/new\/#\/schema\/person\/1b98dcad88a429be1d6d889d1ceff05c"},"breadcrumb":{"@id":"https:\/\/szekacske.hu\/new\/2023\/11\/27\/leany-u12-ket-gyozelem-mezoturon\/#breadcrumb"},"inLanguage":"hu","potentialAction":[{"@type":"ReadAction","target":["https:\/\/szekacske.hu\/new\/2023\/11\/27\/leany-u12-ket-gyozelem-mezoturon\/"]}]},{"@type":"ImageObject","inLanguage":"hu","@id":"https:\/\/szekacske.hu\/new\/2023\/11\/27\/leany-u12-ket-gyozelem-mezoturon\/#primaryimage","url":"https:\/\/szekacske.hu\/new\/wp-content\/uploads\/2023\/11\/image_50434561-scaled.jpg","contentUrl":"https:\/\/szekacske.hu\/new\/wp-content\/uploads\/2023\/11\/image_50434561-scaled.jpg","width":2560,"height":1920},{"@type":"BreadcrumbList","@id":"https:\/\/szekacske.hu\/new\/2023\/11\/27\/leany-u12-ket-gyozelem-mezoturon\/#breadcrumb","itemListElement":[{"@type":"ListItem","position":1,"name":"Kezd\u0151lap","item":"https:\/\/szekacske.hu\/new\/"},{"@type":"ListItem","position":2,"name":"Le\u00e1ny U12 &#8211; K\u00e9t gy\u0151zelem Mez\u0151t\u00faron"}]},{"@type":"WebSite","@id":"https:\/\/szekacske.hu\/new\/#website","url":"https:\/\/szekacske.hu\/new\/","name":"Sz\u00e9k\u00e1cs KE","description":"T\u00f6r\u00f6kszentmikl\u00f3si Sz\u00e9k\u00e1cs KE hivatalos honlapja","potentialAction":[{"@type":"SearchAction","target":{"@type":"EntryPoint","urlTemplate":"https:\/\/szekacske.hu\/new\/?s={search_term_string}"},"query-input":{"@type":"PropertyValueSpecification","valueRequired":true,"valueName":"search_term_string"}}],"inLanguage":"hu"},{"@type":"Person","@id":"https:\/\/szekacske.hu\/new\/#\/schema\/person\/1b98dcad88a429be1d6d889d1ceff05c","name":"Hudu Csaba","image":{"@type":"ImageObject","inLanguage":"hu","@id":"https:\/\/secure.gravatar.com\/avatar\/eed0dafe15853c848fa7aa47475b14c1975c1fdb204811bb8c23c2cc7e066847?s=96&d=mm&r=g","url":"https:\/\/secure.gravatar.com\/avatar\/eed0dafe15853c848fa7aa47475b14c1975c1fdb204811bb8c23c2cc7e066847?s=96&d=mm&r=g","contentUrl":"https:\/\/secure.gravatar.com\/avatar\/eed0dafe15853c848fa7aa47475b14c1975c1fdb204811bb8c23c2cc7e066847?s=96&d=mm&r=g","caption":"Hudu Csaba"},"url":"https:\/\/szekacske.hu\/new\/author\/hcsaba\/"}]}},"_links":{"self":[{"href":"https:\/\/szekacske.hu\/new\/wp-json\/wp\/v2\/posts\/2336","targetHints":{"allow":["GET"]}}],"collection":[{"href":"https:\/\/szekacske.hu\/new\/wp-json\/wp\/v2\/posts"}],"about":[{"href":"https:\/\/szekacske.hu\/new\/wp-json\/wp\/v2\/types\/post"}],"author":[{"embeddable":true,"href":"https:\/\/szekacske.hu\/new\/wp-json\/wp\/v2\/users\/3"}],"replies":[{"embeddable":true,"href":"https:\/\/szekacske.hu\/new\/wp-json\/wp\/v2\/comments?post=2336"}],"version-history":[{"count":3,"href":"https:\/\/szekacske.hu\/new\/wp-json\/wp\/v2\/posts\/2336\/revisions"}],"predecessor-version":[{"id":2342,"href":"https:\/\/szekacske.hu\/new\/wp-json\/wp\/v2\/posts\/2336\/revisions\/2342"}],"wp:attachment":[{"href":"https:\/\/szekacske.hu\/new\/wp-json\/wp\/v2\/media?parent=2336"}],"wp:term":[{"taxonomy":"category","embeddable":true,"href":"https:\/\/szekacske.hu\/new\/wp-json\/wp\/v2\/categories?post=2336"},{"taxonomy":"post_tag","embeddable":true,"href":"https:\/\/szekacske.hu\/new\/wp-json\/wp\/v2\/tags?post=2336"}],"curies":[{"name":"wp","href":"https:\/\/api.w.org\/{rel}","templated":true}]}}