{"id":2327,"date":"2023-11-26T11:21:14","date_gmt":"2023-11-26T10:21:14","guid":{"rendered":"http:\/\/szekacske.hu\/new\/?p=2327"},"modified":"2023-11-30T16:37:27","modified_gmt":"2023-11-30T15:37:27","slug":"leany-u10-bekescsaban-volt-az-i-fordulo","status":"publish","type":"post","link":"https:\/\/szekacske.hu\/new\/2023\/11\/26\/leany-u10-bekescsaban-volt-az-i-fordulo\/","title":{"rendered":"Le\u00e1ny U10 &#8211; B\u00e9k\u00e9scsab\u00e1n volt az I. fordul\u00f3"},"content":{"rendered":"<p><strong>Az U10-es l\u00e1ny csapatunk 2023.11.25-\u00e9n B\u00e9k\u00e9scsab\u00e1ra l\u00e1togatott a bajnoks\u00e1g I. fordul\u00f3j\u00e1ra.<\/strong><\/p>\n<p><a href=\"http:\/\/szekacske.hu\/new\/wp-content\/uploads\/2023\/11\/image_50411009-scaled.jpg\"><img loading=\"lazy\" decoding=\"async\" class=\"alignnone wp-image-2328\" src=\"http:\/\/szekacske.hu\/new\/wp-content\/uploads\/2023\/11\/image_50411009-300x225.jpg\" alt=\"\" width=\"1024\" height=\"768\" \/><\/a><\/p>\n<p>M\u00e9rk\u0151z\u00e9sek:<br \/>\nSz\u00e9k\u00e1cs KE &#8211; Mez\u0151t\u00far AFC<br \/>\nSz\u00e9k\u00e1cs KE &#8211; Szarvasi NKE<\/p>\n<blockquote><p>G\u00f6bly\u00f6s Tibor- Kat\u00f3 Fruzsina: Mindk\u00e9t m\u00e9rk\u0151z\u00e9sen nagy mez\u0151nyf\u00f6l\u00e9nyben j\u00e1tszottunk. Az ellenf\u00e9l csapatainak nem tetszett az agressz\u00edv fell\u00e9p\u0151, illetve az emberfog\u00e1sos v\u00e9dekez\u00e9s\u00fcnk, \u00edgy csak szinte t\u00e1voli z\u00f3n\u00e1kb\u00f3l kaptuk a l\u00f6v\u00e9seket, melyek nagyr\u00e9sze kapus v\u00e9d\u00e9ssel z\u00e1rult! A t\u00e1mad\u00e1sink lend\u00fcletesek voltak, sok labd\u00e1t szerezt\u00fcnk, melyek ut\u00e1n k\u00f6nny\u0171 g\u00f3lokat siker\u00fclt l\u0151ni! Fel\u00e1llt v\u00e9delem ellen 1 az 1 ellen \u00fcgyesen cseleztek a l\u00e1nyok \u00e9s ism\u00e9t bebizony\u00edtott\u00e1k, hogy a kem\u00e9ny edz\u00e9seknek megvan az eredm\u00e9nye! Csak \u00edgy tov\u00e1bb!<\/p><\/blockquote>\n<p><a href=\"http:\/\/szekacske.hu\/new\/wp-content\/uploads\/2023\/11\/image_123650291-2.jpg\"><img loading=\"lazy\" decoding=\"async\" class=\"alignnone wp-image-2333\" src=\"http:\/\/szekacske.hu\/new\/wp-content\/uploads\/2023\/11\/image_123650291-2-300x225.jpg\" alt=\"\" width=\"1024\" height=\"768\" srcset=\"https:\/\/szekacske.hu\/new\/wp-content\/uploads\/2023\/11\/image_123650291-2-300x225.jpg 300w, https:\/\/szekacske.hu\/new\/wp-content\/uploads\/2023\/11\/image_123650291-2-1024x768.jpg 1024w, https:\/\/szekacske.hu\/new\/wp-content\/uploads\/2023\/11\/image_123650291-2-150x113.jpg 150w, https:\/\/szekacske.hu\/new\/wp-content\/uploads\/2023\/11\/image_123650291-2-768x576.jpg 768w, https:\/\/szekacske.hu\/new\/wp-content\/uploads\/2023\/11\/image_123650291-2-1536x1152.jpg 1536w, https:\/\/szekacske.hu\/new\/wp-content\/uploads\/2023\/11\/image_123650291-2-128x96.jpg 128w, https:\/\/szekacske.hu\/new\/wp-content\/uploads\/2023\/11\/image_123650291-2-32x24.jpg 32w, https:\/\/szekacske.hu\/new\/wp-content\/uploads\/2023\/11\/image_123650291-2.jpg 2000w\" sizes=\"auto, (max-width: 1024px) 100vw, 1024px\" \/><\/a><\/p>\n<p><a href=\"http:\/\/szekacske.hu\/new\/wp-content\/uploads\/2023\/11\/image_123650291-1.jpg\"><img loading=\"lazy\" decoding=\"async\" class=\"alignnone wp-image-2334\" src=\"http:\/\/szekacske.hu\/new\/wp-content\/uploads\/2023\/11\/image_123650291-1-300x225.jpg\" alt=\"\" width=\"1024\" height=\"768\" srcset=\"https:\/\/szekacske.hu\/new\/wp-content\/uploads\/2023\/11\/image_123650291-1-300x225.jpg 300w, https:\/\/szekacske.hu\/new\/wp-content\/uploads\/2023\/11\/image_123650291-1-1024x768.jpg 1024w, https:\/\/szekacske.hu\/new\/wp-content\/uploads\/2023\/11\/image_123650291-1-150x113.jpg 150w, https:\/\/szekacske.hu\/new\/wp-content\/uploads\/2023\/11\/image_123650291-1-768x576.jpg 768w, https:\/\/szekacske.hu\/new\/wp-content\/uploads\/2023\/11\/image_123650291-1-1536x1152.jpg 1536w, https:\/\/szekacske.hu\/new\/wp-content\/uploads\/2023\/11\/image_123650291-1-128x96.jpg 128w, https:\/\/szekacske.hu\/new\/wp-content\/uploads\/2023\/11\/image_123650291-1-32x24.jpg 32w, https:\/\/szekacske.hu\/new\/wp-content\/uploads\/2023\/11\/image_123650291-1.jpg 2000w\" sizes=\"auto, (max-width: 1024px) 100vw, 1024px\" \/><\/a><\/p>\n<p>&nbsp;<\/p>\n","protected":false},"excerpt":{"rendered":"<p>Az U10-es l\u00e1ny csapatunk 2023.11.25-\u00e9n B\u00e9k\u00e9scsab\u00e1ra l\u00e1togatott a bajnoks\u00e1g I. fordul\u00f3j\u00e1ra. M\u00e9rk\u0151z\u00e9sek: Sz\u00e9k\u00e1cs KE &#8211; Mez\u0151t\u00far AFC Sz\u00e9k\u00e1cs KE &#8211; Szarvasi NKE G\u00f6bly\u00f6s Tibor- Kat\u00f3 Fruzsina: Mindk\u00e9t m\u00e9rk\u0151z\u00e9sen nagy mez\u0151nyf\u00f6l\u00e9nyben j\u00e1tszottunk. Az ellenf\u00e9l csapatainak nem tetszett az agressz\u00edv fell\u00e9p\u0151, illetve az emberfog\u00e1sos v\u00e9dekez\u00e9s\u00fcnk, \u00edgy csak szinte t\u00e1voli z\u00f3n\u00e1kb\u00f3l kaptuk a l\u00f6v\u00e9seket, melyek nagyr\u00e9sze kapus v\u00e9d\u00e9ssel [&hellip;]<\/p>\n","protected":false},"author":3,"featured_media":0,"comment_status":"open","ping_status":"open","sticky":false,"template":"","format":"standard","meta":{"footnotes":""},"categories":[24],"tags":[105],"class_list":["post-2327","post","type-post","status-publish","format-standard","hentry","category-hirek","tag-lu10"],"yoast_head":"<!-- This site is optimized with the Yoast SEO plugin v27.5 - https:\/\/yoast.com\/product\/yoast-seo-wordpress\/ -->\n<title>Le\u00e1ny U10 - B\u00e9k\u00e9scsab\u00e1n volt az I. fordul\u00f3 - Sz\u00e9k\u00e1cs KE<\/title>\n<meta name=\"robots\" content=\"index, follow, max-snippet:-1, max-image-preview:large, max-video-preview:-1\" \/>\n<link rel=\"canonical\" href=\"https:\/\/szekacske.hu\/new\/2023\/11\/26\/leany-u10-bekescsaban-volt-az-i-fordulo\/\" \/>\n<meta property=\"og:locale\" content=\"hu_HU\" \/>\n<meta property=\"og:type\" content=\"article\" \/>\n<meta property=\"og:title\" content=\"Le\u00e1ny U10 - B\u00e9k\u00e9scsab\u00e1n volt az I. fordul\u00f3 - Sz\u00e9k\u00e1cs KE\" \/>\n<meta property=\"og:description\" content=\"Az U10-es l\u00e1ny csapatunk 2023.11.25-\u00e9n B\u00e9k\u00e9scsab\u00e1ra l\u00e1togatott a bajnoks\u00e1g I. fordul\u00f3j\u00e1ra. M\u00e9rk\u0151z\u00e9sek: Sz\u00e9k\u00e1cs KE &#8211; Mez\u0151t\u00far AFC Sz\u00e9k\u00e1cs KE &#8211; Szarvasi NKE G\u00f6bly\u00f6s Tibor- Kat\u00f3 Fruzsina: Mindk\u00e9t m\u00e9rk\u0151z\u00e9sen nagy mez\u0151nyf\u00f6l\u00e9nyben j\u00e1tszottunk. Az ellenf\u00e9l csapatainak nem tetszett az agressz\u00edv fell\u00e9p\u0151, illetve az emberfog\u00e1sos v\u00e9dekez\u00e9s\u00fcnk, \u00edgy csak szinte t\u00e1voli z\u00f3n\u00e1kb\u00f3l kaptuk a l\u00f6v\u00e9seket, melyek nagyr\u00e9sze kapus v\u00e9d\u00e9ssel [&hellip;]\" \/>\n<meta property=\"og:url\" content=\"https:\/\/szekacske.hu\/new\/2023\/11\/26\/leany-u10-bekescsaban-volt-az-i-fordulo\/\" \/>\n<meta property=\"og:site_name\" content=\"Sz\u00e9k\u00e1cs KE\" \/>\n<meta property=\"article:published_time\" content=\"2023-11-26T10:21:14+00:00\" \/>\n<meta property=\"article:modified_time\" content=\"2023-11-30T15:37:27+00:00\" \/>\n<meta property=\"og:image\" content=\"https:\/\/szekacske.hu\/new\/wp-content\/uploads\/2023\/11\/image_50411009-scaled-e1701358639750.jpg\" \/>\n\t<meta property=\"og:image:width\" content=\"2333\" \/>\n\t<meta property=\"og:image:height\" content=\"1395\" \/>\n\t<meta property=\"og:image:type\" content=\"image\/jpeg\" \/>\n<meta name=\"author\" content=\"Hudu Csaba\" \/>\n<meta name=\"twitter:card\" content=\"summary_large_image\" \/>\n<meta name=\"twitter:label1\" content=\"Szerz\u0151:\" \/>\n\t<meta name=\"twitter:data1\" content=\"Hudu Csaba\" \/>\n\t<meta name=\"twitter:label2\" content=\"Becs\u00fclt olvas\u00e1si id\u0151\" \/>\n\t<meta name=\"twitter:data2\" content=\"1 perc\" \/>\n<script type=\"application\/ld+json\" class=\"yoast-schema-graph\">{\"@context\":\"https:\\\/\\\/schema.org\",\"@graph\":[{\"@type\":\"Article\",\"@id\":\"https:\\\/\\\/szekacske.hu\\\/new\\\/2023\\\/11\\\/26\\\/leany-u10-bekescsaban-volt-az-i-fordulo\\\/#article\",\"isPartOf\":{\"@id\":\"https:\\\/\\\/szekacske.hu\\\/new\\\/2023\\\/11\\\/26\\\/leany-u10-bekescsaban-volt-az-i-fordulo\\\/\"},\"author\":{\"name\":\"Hudu Csaba\",\"@id\":\"https:\\\/\\\/szekacske.hu\\\/new\\\/#\\\/schema\\\/person\\\/1b98dcad88a429be1d6d889d1ceff05c\"},\"headline\":\"Le\u00e1ny U10 &#8211; B\u00e9k\u00e9scsab\u00e1n volt az I. fordul\u00f3\",\"datePublished\":\"2023-11-26T10:21:14+00:00\",\"dateModified\":\"2023-11-30T15:37:27+00:00\",\"mainEntityOfPage\":{\"@id\":\"https:\\\/\\\/szekacske.hu\\\/new\\\/2023\\\/11\\\/26\\\/leany-u10-bekescsaban-volt-az-i-fordulo\\\/\"},\"wordCount\":170,\"commentCount\":0,\"image\":{\"@id\":\"https:\\\/\\\/szekacske.hu\\\/new\\\/2023\\\/11\\\/26\\\/leany-u10-bekescsaban-volt-az-i-fordulo\\\/#primaryimage\"},\"thumbnailUrl\":\"http:\\\/\\\/szekacske.hu\\\/new\\\/wp-content\\\/uploads\\\/2023\\\/11\\\/image_50411009-300x225.jpg\",\"keywords\":[\"LU10\"],\"articleSection\":[\"H\u00edrek\"],\"inLanguage\":\"hu\",\"potentialAction\":[{\"@type\":\"CommentAction\",\"name\":\"Comment\",\"target\":[\"https:\\\/\\\/szekacske.hu\\\/new\\\/2023\\\/11\\\/26\\\/leany-u10-bekescsaban-volt-az-i-fordulo\\\/#respond\"]}]},{\"@type\":\"WebPage\",\"@id\":\"https:\\\/\\\/szekacske.hu\\\/new\\\/2023\\\/11\\\/26\\\/leany-u10-bekescsaban-volt-az-i-fordulo\\\/\",\"url\":\"https:\\\/\\\/szekacske.hu\\\/new\\\/2023\\\/11\\\/26\\\/leany-u10-bekescsaban-volt-az-i-fordulo\\\/\",\"name\":\"Le\u00e1ny U10 - B\u00e9k\u00e9scsab\u00e1n volt az I. fordul\u00f3 - Sz\u00e9k\u00e1cs KE\",\"isPartOf\":{\"@id\":\"https:\\\/\\\/szekacske.hu\\\/new\\\/#website\"},\"primaryImageOfPage\":{\"@id\":\"https:\\\/\\\/szekacske.hu\\\/new\\\/2023\\\/11\\\/26\\\/leany-u10-bekescsaban-volt-az-i-fordulo\\\/#primaryimage\"},\"image\":{\"@id\":\"https:\\\/\\\/szekacske.hu\\\/new\\\/2023\\\/11\\\/26\\\/leany-u10-bekescsaban-volt-az-i-fordulo\\\/#primaryimage\"},\"thumbnailUrl\":\"http:\\\/\\\/szekacske.hu\\\/new\\\/wp-content\\\/uploads\\\/2023\\\/11\\\/image_50411009-300x225.jpg\",\"datePublished\":\"2023-11-26T10:21:14+00:00\",\"dateModified\":\"2023-11-30T15:37:27+00:00\",\"author\":{\"@id\":\"https:\\\/\\\/szekacske.hu\\\/new\\\/#\\\/schema\\\/person\\\/1b98dcad88a429be1d6d889d1ceff05c\"},\"breadcrumb\":{\"@id\":\"https:\\\/\\\/szekacske.hu\\\/new\\\/2023\\\/11\\\/26\\\/leany-u10-bekescsaban-volt-az-i-fordulo\\\/#breadcrumb\"},\"inLanguage\":\"hu\",\"potentialAction\":[{\"@type\":\"ReadAction\",\"target\":[\"https:\\\/\\\/szekacske.hu\\\/new\\\/2023\\\/11\\\/26\\\/leany-u10-bekescsaban-volt-az-i-fordulo\\\/\"]}]},{\"@type\":\"ImageObject\",\"inLanguage\":\"hu\",\"@id\":\"https:\\\/\\\/szekacske.hu\\\/new\\\/2023\\\/11\\\/26\\\/leany-u10-bekescsaban-volt-az-i-fordulo\\\/#primaryimage\",\"url\":\"http:\\\/\\\/szekacske.hu\\\/new\\\/wp-content\\\/uploads\\\/2023\\\/11\\\/image_50411009-300x225.jpg\",\"contentUrl\":\"http:\\\/\\\/szekacske.hu\\\/new\\\/wp-content\\\/uploads\\\/2023\\\/11\\\/image_50411009-300x225.jpg\"},{\"@type\":\"BreadcrumbList\",\"@id\":\"https:\\\/\\\/szekacske.hu\\\/new\\\/2023\\\/11\\\/26\\\/leany-u10-bekescsaban-volt-az-i-fordulo\\\/#breadcrumb\",\"itemListElement\":[{\"@type\":\"ListItem\",\"position\":1,\"name\":\"Kezd\u0151lap\",\"item\":\"https:\\\/\\\/szekacske.hu\\\/new\\\/\"},{\"@type\":\"ListItem\",\"position\":2,\"name\":\"Le\u00e1ny U10 &#8211; B\u00e9k\u00e9scsab\u00e1n volt az I. fordul\u00f3\"}]},{\"@type\":\"WebSite\",\"@id\":\"https:\\\/\\\/szekacske.hu\\\/new\\\/#website\",\"url\":\"https:\\\/\\\/szekacske.hu\\\/new\\\/\",\"name\":\"Sz\u00e9k\u00e1cs KE\",\"description\":\"T\u00f6r\u00f6kszentmikl\u00f3si Sz\u00e9k\u00e1cs KE hivatalos honlapja\",\"potentialAction\":[{\"@type\":\"SearchAction\",\"target\":{\"@type\":\"EntryPoint\",\"urlTemplate\":\"https:\\\/\\\/szekacske.hu\\\/new\\\/?s={search_term_string}\"},\"query-input\":{\"@type\":\"PropertyValueSpecification\",\"valueRequired\":true,\"valueName\":\"search_term_string\"}}],\"inLanguage\":\"hu\"},{\"@type\":\"Person\",\"@id\":\"https:\\\/\\\/szekacske.hu\\\/new\\\/#\\\/schema\\\/person\\\/1b98dcad88a429be1d6d889d1ceff05c\",\"name\":\"Hudu Csaba\",\"image\":{\"@type\":\"ImageObject\",\"inLanguage\":\"hu\",\"@id\":\"https:\\\/\\\/secure.gravatar.com\\\/avatar\\\/eed0dafe15853c848fa7aa47475b14c1975c1fdb204811bb8c23c2cc7e066847?s=96&d=mm&r=g\",\"url\":\"https:\\\/\\\/secure.gravatar.com\\\/avatar\\\/eed0dafe15853c848fa7aa47475b14c1975c1fdb204811bb8c23c2cc7e066847?s=96&d=mm&r=g\",\"contentUrl\":\"https:\\\/\\\/secure.gravatar.com\\\/avatar\\\/eed0dafe15853c848fa7aa47475b14c1975c1fdb204811bb8c23c2cc7e066847?s=96&d=mm&r=g\",\"caption\":\"Hudu Csaba\"},\"url\":\"https:\\\/\\\/szekacske.hu\\\/new\\\/author\\\/hcsaba\\\/\"}]}<\/script>\n<!-- \/ Yoast SEO plugin. -->","yoast_head_json":{"title":"Le\u00e1ny U10 - B\u00e9k\u00e9scsab\u00e1n volt az I. fordul\u00f3 - Sz\u00e9k\u00e1cs KE","robots":{"index":"index","follow":"follow","max-snippet":"max-snippet:-1","max-image-preview":"max-image-preview:large","max-video-preview":"max-video-preview:-1"},"canonical":"https:\/\/szekacske.hu\/new\/2023\/11\/26\/leany-u10-bekescsaban-volt-az-i-fordulo\/","og_locale":"hu_HU","og_type":"article","og_title":"Le\u00e1ny U10 - B\u00e9k\u00e9scsab\u00e1n volt az I. fordul\u00f3 - Sz\u00e9k\u00e1cs KE","og_description":"Az U10-es l\u00e1ny csapatunk 2023.11.25-\u00e9n B\u00e9k\u00e9scsab\u00e1ra l\u00e1togatott a bajnoks\u00e1g I. fordul\u00f3j\u00e1ra. M\u00e9rk\u0151z\u00e9sek: Sz\u00e9k\u00e1cs KE &#8211; Mez\u0151t\u00far AFC Sz\u00e9k\u00e1cs KE &#8211; Szarvasi NKE G\u00f6bly\u00f6s Tibor- Kat\u00f3 Fruzsina: Mindk\u00e9t m\u00e9rk\u0151z\u00e9sen nagy mez\u0151nyf\u00f6l\u00e9nyben j\u00e1tszottunk. Az ellenf\u00e9l csapatainak nem tetszett az agressz\u00edv fell\u00e9p\u0151, illetve az emberfog\u00e1sos v\u00e9dekez\u00e9s\u00fcnk, \u00edgy csak szinte t\u00e1voli z\u00f3n\u00e1kb\u00f3l kaptuk a l\u00f6v\u00e9seket, melyek nagyr\u00e9sze kapus v\u00e9d\u00e9ssel [&hellip;]","og_url":"https:\/\/szekacske.hu\/new\/2023\/11\/26\/leany-u10-bekescsaban-volt-az-i-fordulo\/","og_site_name":"Sz\u00e9k\u00e1cs KE","article_published_time":"2023-11-26T10:21:14+00:00","article_modified_time":"2023-11-30T15:37:27+00:00","og_image":[{"width":2333,"height":1395,"url":"https:\/\/szekacske.hu\/new\/wp-content\/uploads\/2023\/11\/image_50411009-scaled-e1701358639750.jpg","type":"image\/jpeg"}],"author":"Hudu Csaba","twitter_card":"summary_large_image","twitter_misc":{"Szerz\u0151:":"Hudu Csaba","Becs\u00fclt olvas\u00e1si id\u0151":"1 perc"},"schema":{"@context":"https:\/\/schema.org","@graph":[{"@type":"Article","@id":"https:\/\/szekacske.hu\/new\/2023\/11\/26\/leany-u10-bekescsaban-volt-az-i-fordulo\/#article","isPartOf":{"@id":"https:\/\/szekacske.hu\/new\/2023\/11\/26\/leany-u10-bekescsaban-volt-az-i-fordulo\/"},"author":{"name":"Hudu Csaba","@id":"https:\/\/szekacske.hu\/new\/#\/schema\/person\/1b98dcad88a429be1d6d889d1ceff05c"},"headline":"Le\u00e1ny U10 &#8211; B\u00e9k\u00e9scsab\u00e1n volt az I. fordul\u00f3","datePublished":"2023-11-26T10:21:14+00:00","dateModified":"2023-11-30T15:37:27+00:00","mainEntityOfPage":{"@id":"https:\/\/szekacske.hu\/new\/2023\/11\/26\/leany-u10-bekescsaban-volt-az-i-fordulo\/"},"wordCount":170,"commentCount":0,"image":{"@id":"https:\/\/szekacske.hu\/new\/2023\/11\/26\/leany-u10-bekescsaban-volt-az-i-fordulo\/#primaryimage"},"thumbnailUrl":"http:\/\/szekacske.hu\/new\/wp-content\/uploads\/2023\/11\/image_50411009-300x225.jpg","keywords":["LU10"],"articleSection":["H\u00edrek"],"inLanguage":"hu","potentialAction":[{"@type":"CommentAction","name":"Comment","target":["https:\/\/szekacske.hu\/new\/2023\/11\/26\/leany-u10-bekescsaban-volt-az-i-fordulo\/#respond"]}]},{"@type":"WebPage","@id":"https:\/\/szekacske.hu\/new\/2023\/11\/26\/leany-u10-bekescsaban-volt-az-i-fordulo\/","url":"https:\/\/szekacske.hu\/new\/2023\/11\/26\/leany-u10-bekescsaban-volt-az-i-fordulo\/","name":"Le\u00e1ny U10 - B\u00e9k\u00e9scsab\u00e1n volt az I. fordul\u00f3 - Sz\u00e9k\u00e1cs KE","isPartOf":{"@id":"https:\/\/szekacske.hu\/new\/#website"},"primaryImageOfPage":{"@id":"https:\/\/szekacske.hu\/new\/2023\/11\/26\/leany-u10-bekescsaban-volt-az-i-fordulo\/#primaryimage"},"image":{"@id":"https:\/\/szekacske.hu\/new\/2023\/11\/26\/leany-u10-bekescsaban-volt-az-i-fordulo\/#primaryimage"},"thumbnailUrl":"http:\/\/szekacske.hu\/new\/wp-content\/uploads\/2023\/11\/image_50411009-300x225.jpg","datePublished":"2023-11-26T10:21:14+00:00","dateModified":"2023-11-30T15:37:27+00:00","author":{"@id":"https:\/\/szekacske.hu\/new\/#\/schema\/person\/1b98dcad88a429be1d6d889d1ceff05c"},"breadcrumb":{"@id":"https:\/\/szekacske.hu\/new\/2023\/11\/26\/leany-u10-bekescsaban-volt-az-i-fordulo\/#breadcrumb"},"inLanguage":"hu","potentialAction":[{"@type":"ReadAction","target":["https:\/\/szekacske.hu\/new\/2023\/11\/26\/leany-u10-bekescsaban-volt-az-i-fordulo\/"]}]},{"@type":"ImageObject","inLanguage":"hu","@id":"https:\/\/szekacske.hu\/new\/2023\/11\/26\/leany-u10-bekescsaban-volt-az-i-fordulo\/#primaryimage","url":"http:\/\/szekacske.hu\/new\/wp-content\/uploads\/2023\/11\/image_50411009-300x225.jpg","contentUrl":"http:\/\/szekacske.hu\/new\/wp-content\/uploads\/2023\/11\/image_50411009-300x225.jpg"},{"@type":"BreadcrumbList","@id":"https:\/\/szekacske.hu\/new\/2023\/11\/26\/leany-u10-bekescsaban-volt-az-i-fordulo\/#breadcrumb","itemListElement":[{"@type":"ListItem","position":1,"name":"Kezd\u0151lap","item":"https:\/\/szekacske.hu\/new\/"},{"@type":"ListItem","position":2,"name":"Le\u00e1ny U10 &#8211; B\u00e9k\u00e9scsab\u00e1n volt az I. fordul\u00f3"}]},{"@type":"WebSite","@id":"https:\/\/szekacske.hu\/new\/#website","url":"https:\/\/szekacske.hu\/new\/","name":"Sz\u00e9k\u00e1cs KE","description":"T\u00f6r\u00f6kszentmikl\u00f3si Sz\u00e9k\u00e1cs KE hivatalos honlapja","potentialAction":[{"@type":"SearchAction","target":{"@type":"EntryPoint","urlTemplate":"https:\/\/szekacske.hu\/new\/?s={search_term_string}"},"query-input":{"@type":"PropertyValueSpecification","valueRequired":true,"valueName":"search_term_string"}}],"inLanguage":"hu"},{"@type":"Person","@id":"https:\/\/szekacske.hu\/new\/#\/schema\/person\/1b98dcad88a429be1d6d889d1ceff05c","name":"Hudu Csaba","image":{"@type":"ImageObject","inLanguage":"hu","@id":"https:\/\/secure.gravatar.com\/avatar\/eed0dafe15853c848fa7aa47475b14c1975c1fdb204811bb8c23c2cc7e066847?s=96&d=mm&r=g","url":"https:\/\/secure.gravatar.com\/avatar\/eed0dafe15853c848fa7aa47475b14c1975c1fdb204811bb8c23c2cc7e066847?s=96&d=mm&r=g","contentUrl":"https:\/\/secure.gravatar.com\/avatar\/eed0dafe15853c848fa7aa47475b14c1975c1fdb204811bb8c23c2cc7e066847?s=96&d=mm&r=g","caption":"Hudu Csaba"},"url":"https:\/\/szekacske.hu\/new\/author\/hcsaba\/"}]}},"_links":{"self":[{"href":"https:\/\/szekacske.hu\/new\/wp-json\/wp\/v2\/posts\/2327","targetHints":{"allow":["GET"]}}],"collection":[{"href":"https:\/\/szekacske.hu\/new\/wp-json\/wp\/v2\/posts"}],"about":[{"href":"https:\/\/szekacske.hu\/new\/wp-json\/wp\/v2\/types\/post"}],"author":[{"embeddable":true,"href":"https:\/\/szekacske.hu\/new\/wp-json\/wp\/v2\/users\/3"}],"replies":[{"embeddable":true,"href":"https:\/\/szekacske.hu\/new\/wp-json\/wp\/v2\/comments?post=2327"}],"version-history":[{"count":3,"href":"https:\/\/szekacske.hu\/new\/wp-json\/wp\/v2\/posts\/2327\/revisions"}],"predecessor-version":[{"id":2335,"href":"https:\/\/szekacske.hu\/new\/wp-json\/wp\/v2\/posts\/2327\/revisions\/2335"}],"wp:attachment":[{"href":"https:\/\/szekacske.hu\/new\/wp-json\/wp\/v2\/media?parent=2327"}],"wp:term":[{"taxonomy":"category","embeddable":true,"href":"https:\/\/szekacske.hu\/new\/wp-json\/wp\/v2\/categories?post=2327"},{"taxonomy":"post_tag","embeddable":true,"href":"https:\/\/szekacske.hu\/new\/wp-json\/wp\/v2\/tags?post=2327"}],"curies":[{"name":"wp","href":"https:\/\/api.w.org\/{rel}","templated":true}]}}