{"id":1853,"date":"2023-05-12T12:26:37","date_gmt":"2023-05-12T10:26:37","guid":{"rendered":"https:\/\/szekacske.hu\/new\/?p=1853"},"modified":"2023-05-15T12:56:18","modified_gmt":"2023-05-15T10:56:18","slug":"a-szezon-utolso-szivacskezis-jateknapja","status":"publish","type":"post","link":"https:\/\/szekacske.hu\/new\/2023\/05\/12\/a-szezon-utolso-szivacskezis-jateknapja\/","title":{"rendered":"A szezon utols\u00f3 szivacsk\u00e9zis j\u00e1t\u00e9knapja"},"content":{"rendered":"<p><strong>2023. 05. 06-\u00e1n Tiszaf\u00f6ldv\u00e1ron rendezt\u00e9k az U8-9-es koroszt\u00e1ly szezonbeli utols\u00f3 j\u00e1t\u00e9knapj\u00e1t, ahol minden csapatunk sz\u00e9pen szerepelt.<\/strong><\/p>\n<p><a href=\"https:\/\/szekacske.hu\/new\/wp-content\/uploads\/2023\/05\/IMG_9208-e1684146941650.jpg\"><img loading=\"lazy\" decoding=\"async\" class=\"alignnone wp-image-1855\" src=\"https:\/\/szekacske.hu\/new\/wp-content\/uploads\/2023\/05\/IMG_9208-e1684146941650-300x195.jpg\" alt=\"\" width=\"1024\" height=\"665\" \/><\/a><\/p>\n<blockquote><p><!--more-->Kat\u00f3 Fruzsina edz\u0151 (LU8, Sz\u00e9k\u00e1cs KE II.): A kezdeti megillet\u0151d\u00f6tts\u00e9g ut\u00e1n hamar fel\u00e9ledtek a l\u00e1nyok. Minden poszton j\u00e1tszott mindenki \u00e9s sok g\u00f3lt szerezve, \u00fcgyesen v\u00e9dekezve nagyon j\u00f3 kedvvel j\u00f6ttek le a p\u00e1ly\u00e1r\u00f3l. A d\u00e9lel\u0151tt folyam\u00e1n rengeteget mozogtak, j\u00e1tszottak, kellemesen el is f\u00e1radtak a csajok. Gratul\u00e1lok a kunhegyesi Sz\u00e9k\u00e1csos L\u00e1nyoknak az eg\u00e9sz \u00e9vben ny\u00fajtott teljes\u00edtm\u00e9ny\u00fckh\u00f6z.<\/p>\n<hr \/>\n<\/blockquote>\n<p><a href=\"https:\/\/szekacske.hu\/new\/wp-content\/uploads\/2023\/05\/image_50414849-scaled-e1684147047772.jpg\"><img loading=\"lazy\" decoding=\"async\" class=\"alignnone wp-image-1856\" src=\"https:\/\/szekacske.hu\/new\/wp-content\/uploads\/2023\/05\/image_50414849-scaled-e1684147047772-300x204.jpg\" alt=\"\" width=\"1024\" height=\"697\" srcset=\"https:\/\/szekacske.hu\/new\/wp-content\/uploads\/2023\/05\/image_50414849-scaled-e1684147047772-300x204.jpg 300w, https:\/\/szekacske.hu\/new\/wp-content\/uploads\/2023\/05\/image_50414849-scaled-e1684147047772-1024x697.jpg 1024w, https:\/\/szekacske.hu\/new\/wp-content\/uploads\/2023\/05\/image_50414849-scaled-e1684147047772-150x102.jpg 150w, https:\/\/szekacske.hu\/new\/wp-content\/uploads\/2023\/05\/image_50414849-scaled-e1684147047772-768x522.jpg 768w, https:\/\/szekacske.hu\/new\/wp-content\/uploads\/2023\/05\/image_50414849-scaled-e1684147047772-1536x1045.jpg 1536w, https:\/\/szekacske.hu\/new\/wp-content\/uploads\/2023\/05\/image_50414849-scaled-e1684147047772-2048x1393.jpg 2048w, https:\/\/szekacske.hu\/new\/wp-content\/uploads\/2023\/05\/image_50414849-scaled-e1684147047772-128x87.jpg 128w, https:\/\/szekacske.hu\/new\/wp-content\/uploads\/2023\/05\/image_50414849-scaled-e1684147047772-32x22.jpg 32w\" sizes=\"auto, (max-width: 1024px) 100vw, 1024px\" \/><\/a><\/p>\n<blockquote><p>Guba Attila edz\u0151 (LU9 Sz\u00e9k\u00e1cs KE II.): A l\u00e1nyok nagyon j\u00f3l, a megbesz\u00e9lteket maxim\u00e1lisan betartva j\u00e1tszottak.<\/p>\n<hr \/>\n<\/blockquote>\n<p><a href=\"https:\/\/szekacske.hu\/new\/wp-content\/uploads\/2023\/05\/image_50461185-scaled.jpg\"><img loading=\"lazy\" decoding=\"async\" class=\"alignnone wp-image-1859\" src=\"https:\/\/szekacske.hu\/new\/wp-content\/uploads\/2023\/05\/image_50461185-300x225.jpg\" alt=\"\" width=\"1024\" height=\"768\" srcset=\"https:\/\/szekacske.hu\/new\/wp-content\/uploads\/2023\/05\/image_50461185-300x225.jpg 300w, https:\/\/szekacske.hu\/new\/wp-content\/uploads\/2023\/05\/image_50461185-1024x768.jpg 1024w, https:\/\/szekacske.hu\/new\/wp-content\/uploads\/2023\/05\/image_50461185-150x113.jpg 150w, https:\/\/szekacske.hu\/new\/wp-content\/uploads\/2023\/05\/image_50461185-768x576.jpg 768w, https:\/\/szekacske.hu\/new\/wp-content\/uploads\/2023\/05\/image_50461185-1536x1152.jpg 1536w, https:\/\/szekacske.hu\/new\/wp-content\/uploads\/2023\/05\/image_50461185-2048x1536.jpg 2048w, https:\/\/szekacske.hu\/new\/wp-content\/uploads\/2023\/05\/image_50461185-128x96.jpg 128w, https:\/\/szekacske.hu\/new\/wp-content\/uploads\/2023\/05\/image_50461185-32x24.jpg 32w\" sizes=\"auto, (max-width: 1024px) 100vw, 1024px\" \/><\/a><\/p>\n<blockquote><p>Nyes\u0151 P\u00e9ter edz\u0151 (FU8 koroszt\u00e1ly): Az utols\u00f3 fordul\u00f3 sorsol\u00e1sa \u00fagy alakult, hogy a j\u00e1t\u00e9knapon k\u00e9tszer j\u00e1tszottunk azonos ellenf\u00e9l ellen. Az els\u0151 m\u00e9rk\u0151z\u00e9sen akadtak hib\u00e1k, valamint olykor nem tudtunk mit kezdeni az eg\u00e9szp\u00e1ly\u00e1s let\u00e1mad\u00e1ssal, de ennek ellen\u00e9re magabiztosan \u00e9rt\u00e9kes\u00edtett\u00fck a helyzeteinket. A m\u00e1sodik m\u00e9rk\u0151z\u00e9sre a hib\u00e1inkat kijav\u00edtottuk, melyet k\u00f6vet\u0151en k\u00f6nny\u0171 g\u00f3lokat tudtunk szerezni. \u00d6r\u00f6mmel t\u00f6lt\u00f6tt el, hogy a gyerekek csapatk\u00e9nt kezdtek el egy\u00fcttm\u0171k\u00f6dni \u00e9s az eg\u00e9szp\u00e1ly\u00e1s let\u00e1mad\u00e1s alkalm\u00e1val \u00fcgyesen hozt\u00e1k egym\u00e1st helyzetbe. A v\u00e9dekez\u00e9sbe sokat fejl\u0151dt\u00fcnk, harciasak voltunk. Ez\u00faton szeretn\u00e9m megk\u00f6sz\u00f6nni a gyerekeknek az eg\u00e9sz \u00e9ves munk\u00e1jukat, illetve a Sz\u00fcl\u0151knek a t\u00e1mogat\u00f3 hozz\u00e1\u00e1ll\u00e1sukat.<\/p>\n<hr \/>\n<\/blockquote>\n<p><a href=\"https:\/\/szekacske.hu\/new\/wp-content\/uploads\/2023\/05\/image_50448129-scaled.jpg\"><img loading=\"lazy\" decoding=\"async\" class=\"alignnone wp-image-1860\" src=\"https:\/\/szekacske.hu\/new\/wp-content\/uploads\/2023\/05\/image_50448129-300x225.jpg\" alt=\"\" width=\"1024\" height=\"768\" srcset=\"https:\/\/szekacske.hu\/new\/wp-content\/uploads\/2023\/05\/image_50448129-300x225.jpg 300w, https:\/\/szekacske.hu\/new\/wp-content\/uploads\/2023\/05\/image_50448129-1024x768.jpg 1024w, https:\/\/szekacske.hu\/new\/wp-content\/uploads\/2023\/05\/image_50448129-150x113.jpg 150w, https:\/\/szekacske.hu\/new\/wp-content\/uploads\/2023\/05\/image_50448129-768x576.jpg 768w, https:\/\/szekacske.hu\/new\/wp-content\/uploads\/2023\/05\/image_50448129-1536x1152.jpg 1536w, https:\/\/szekacske.hu\/new\/wp-content\/uploads\/2023\/05\/image_50448129-2048x1536.jpg 2048w, https:\/\/szekacske.hu\/new\/wp-content\/uploads\/2023\/05\/image_50448129-128x96.jpg 128w, https:\/\/szekacske.hu\/new\/wp-content\/uploads\/2023\/05\/image_50448129-32x24.jpg 32w\" sizes=\"auto, (max-width: 1024px) 100vw, 1024px\" \/><\/a><\/p>\n<blockquote><p>Nyes\u0151 P\u00e9ter edz\u0151 (FU9 koroszt\u00e1ly): M\u00e1r az el\u0151z\u0151 fordul\u00f3kban is l\u00e1that\u00f3 volt, hogy a gyerekek ebben a koroszt\u00e1lyban igen magas sz\u00ednvonalat k\u00e9pviselnek, amelyet a h\u00e9tv\u00e9g\u00e9n ism\u00e9telten bemutattak \u00e9s nem hagytak k\u00e9ts\u00e9get a m\u00e9rk\u0151z\u00e9sek kimenetele fel\u0151l. T\u00e1mad\u00e1sban sz\u00e9pen hozt\u00e1k egym\u00e1st helyzetbe, az oldalir\u00e1ny\u00fa passzokb\u00f3l rendszerint helyzetbe tudt\u00e1k hozni egym\u00e1st, illetve sz\u00e9p cseleket bemutatva g\u00f3lokat tudtak szerezni. \u00d6r\u00f6m volt l\u00e1tni, hogy a gyerekek \u00e9lvezt\u00e9k a m\u00e9rk\u0151z\u00e9seket, passzoltak egym\u00e1snak \u00e9s egy\u00fctt \u00f6r\u00fcltek a g\u00f3loknak. B\u00edzom benne, hogy ezen az \u00faton megy\u00fcnk tov\u00e1bb \u00e9s tartani tudjuk ezt a sz\u00ednvonalat.<\/p>\n<hr \/>\n<\/blockquote>\n<p><a href=\"https:\/\/szekacske.hu\/new\/wp-content\/uploads\/2023\/05\/image_6483441-4.jpg\"><img loading=\"lazy\" decoding=\"async\" class=\"alignnone wp-image-1862\" src=\"https:\/\/szekacske.hu\/new\/wp-content\/uploads\/2023\/05\/image_6483441-4-300x261.jpg\" alt=\"\" width=\"1024\" height=\"889\" srcset=\"https:\/\/szekacske.hu\/new\/wp-content\/uploads\/2023\/05\/image_6483441-4-300x261.jpg 300w, https:\/\/szekacske.hu\/new\/wp-content\/uploads\/2023\/05\/image_6483441-4-1024x889.jpg 1024w, https:\/\/szekacske.hu\/new\/wp-content\/uploads\/2023\/05\/image_6483441-4-150x130.jpg 150w, https:\/\/szekacske.hu\/new\/wp-content\/uploads\/2023\/05\/image_6483441-4-768x667.jpg 768w, https:\/\/szekacske.hu\/new\/wp-content\/uploads\/2023\/05\/image_6483441-4-128x111.jpg 128w, https:\/\/szekacske.hu\/new\/wp-content\/uploads\/2023\/05\/image_6483441-4-32x28.jpg 32w, https:\/\/szekacske.hu\/new\/wp-content\/uploads\/2023\/05\/image_6483441-4.jpg 1170w\" sizes=\"auto, (max-width: 1024px) 100vw, 1024px\" \/><\/a><\/p>\n<blockquote><p>G\u00f6bly\u00f6s Tibor edz\u0151 (LU8 koroszt\u00e1ly): A l\u00e1nyok mindk\u00e9t m\u00e9rk\u0151z\u00e9sen nagyon szerettek volna bizony\u00edtani, az \u00f6lt\u00f6z\u0151i hangulat j\u00f3 volt. V\u00e9dekez\u00e9s\u00fcnk b\u00e1tor \u00e9s harcias volt, j\u00f3 \u00fctemben l\u00e9pt\u00fcnk ki az ellenf\u00e9l j\u00e1t\u00e9kosaira. A t\u00e1mad\u00e1sok sor\u00e1n voltak apr\u00f3bb technikai hib\u00e1k, amiket majd jav\u00edtanunk kell, de ennek ellen\u00e9re siker\u00fclt g\u00f3lokat l\u0151ni! Brav\u00f3 l\u00e1nyok!<\/p>\n<hr \/>\n<\/blockquote>\n<p><a href=\"https:\/\/szekacske.hu\/new\/wp-content\/uploads\/2023\/05\/image_50748161-scaled.jpg\"><img loading=\"lazy\" decoding=\"async\" class=\"alignnone wp-image-1863\" src=\"https:\/\/szekacske.hu\/new\/wp-content\/uploads\/2023\/05\/image_50748161-300x225.jpg\" alt=\"\" width=\"1024\" height=\"768\" srcset=\"https:\/\/szekacske.hu\/new\/wp-content\/uploads\/2023\/05\/image_50748161-300x225.jpg 300w, https:\/\/szekacske.hu\/new\/wp-content\/uploads\/2023\/05\/image_50748161-1024x768.jpg 1024w, https:\/\/szekacske.hu\/new\/wp-content\/uploads\/2023\/05\/image_50748161-150x113.jpg 150w, https:\/\/szekacske.hu\/new\/wp-content\/uploads\/2023\/05\/image_50748161-768x576.jpg 768w, https:\/\/szekacske.hu\/new\/wp-content\/uploads\/2023\/05\/image_50748161-1536x1152.jpg 1536w, https:\/\/szekacske.hu\/new\/wp-content\/uploads\/2023\/05\/image_50748161-2048x1536.jpg 2048w, https:\/\/szekacske.hu\/new\/wp-content\/uploads\/2023\/05\/image_50748161-128x96.jpg 128w, https:\/\/szekacske.hu\/new\/wp-content\/uploads\/2023\/05\/image_50748161-32x24.jpg 32w\" sizes=\"auto, (max-width: 1024px) 100vw, 1024px\" \/><\/a><\/p>\n<blockquote><p>G\u00f6bly\u00f6s Tibor edz\u0151 (LU9 koroszt\u00e1ly Sz\u00e9k\u00e1cs KE I): Megfogyva, de \u00edgy sem tal\u00e1ltak legy\u0151z\u0151re a l\u00e1nyok az utols\u00f3 fordul\u00f3ban! Az els\u0151 m\u00e9rk\u0151z\u00e9sen j\u00f3l v\u00e9dekeztek a l\u00e1nyok, az ellenf\u00e9lnek kev\u00e9s mozg\u00e1steret adtak \u00e9s siker\u00fclt a t\u00e1mad\u00e1sokat lend\u00fcletesen l\u00f6v\u00e9ssel befejezni, melyek rendre a kapu h\u00e1l\u00f3j\u00e1t z\u00f6rgett\u00e9k. A m\u00e1sodik meccset is csere n\u00e9lk\u00fcl j\u00e1tszott\u00e1k le a csajok, v\u00e9dekez\u00e9s\u00fcnk j\u00f3 volt, de itt m\u00e1r \u00e9rezhet\u0151 volt a f\u00e1radts\u00e1g \u00e9s a befejez\u00e9sekn\u00e9l a koncentr\u00e1ci\u00f3 hi\u00e1nya. Ennek ellen\u00e9re nem volt k\u00e9rd\u00e9s, hogy melyik csapat l\u0151tte a t\u00f6bb g\u00f3lt. Gratul\u00e1lok az eg\u00e9sz csapatnak.<\/p><\/blockquote>\n","protected":false},"excerpt":{"rendered":"<p>2023. 05. 06-\u00e1n Tiszaf\u00f6ldv\u00e1ron rendezt\u00e9k az U8-9-es koroszt\u00e1ly szezonbeli utols\u00f3 j\u00e1t\u00e9knapj\u00e1t, ahol minden csapatunk sz\u00e9pen szerepelt.<\/p>\n","protected":false},"author":3,"featured_media":0,"comment_status":"open","ping_status":"open","sticky":false,"template":"","format":"standard","meta":{"footnotes":""},"categories":[1],"tags":[],"class_list":["post-1853","post","type-post","status-publish","format-standard","hentry","category-egyeb"],"yoast_head":"<!-- This site is optimized with the Yoast SEO plugin v27.5 - https:\/\/yoast.com\/product\/yoast-seo-wordpress\/ -->\n<title>A szezon utols\u00f3 szivacsk\u00e9zis j\u00e1t\u00e9knapja - Sz\u00e9k\u00e1cs KE<\/title>\n<meta name=\"robots\" content=\"index, follow, max-snippet:-1, max-image-preview:large, max-video-preview:-1\" \/>\n<link rel=\"canonical\" href=\"https:\/\/szekacske.hu\/new\/2023\/05\/12\/a-szezon-utolso-szivacskezis-jateknapja\/\" \/>\n<meta property=\"og:locale\" content=\"hu_HU\" \/>\n<meta property=\"og:type\" content=\"article\" \/>\n<meta property=\"og:title\" content=\"A szezon utols\u00f3 szivacsk\u00e9zis j\u00e1t\u00e9knapja - Sz\u00e9k\u00e1cs KE\" \/>\n<meta property=\"og:description\" content=\"2023. 05. 06-\u00e1n Tiszaf\u00f6ldv\u00e1ron rendezt\u00e9k az U8-9-es koroszt\u00e1ly szezonbeli utols\u00f3 j\u00e1t\u00e9knapj\u00e1t, ahol minden csapatunk sz\u00e9pen szerepelt.\" \/>\n<meta property=\"og:url\" content=\"https:\/\/szekacske.hu\/new\/2023\/05\/12\/a-szezon-utolso-szivacskezis-jateknapja\/\" \/>\n<meta property=\"og:site_name\" content=\"Sz\u00e9k\u00e1cs KE\" \/>\n<meta property=\"article:published_time\" content=\"2023-05-12T10:26:37+00:00\" \/>\n<meta property=\"article:modified_time\" content=\"2023-05-15T10:56:18+00:00\" \/>\n<meta property=\"og:image\" content=\"https:\/\/szekacske.hu\/new\/wp-content\/uploads\/2023\/05\/IMG_9208-e1684148215506.jpg\" \/>\n\t<meta property=\"og:image:width\" content=\"863\" \/>\n\t<meta property=\"og:image:height\" content=\"588\" \/>\n\t<meta property=\"og:image:type\" content=\"image\/jpeg\" \/>\n<meta name=\"author\" content=\"Hudu Csaba\" \/>\n<meta name=\"twitter:card\" content=\"summary_large_image\" \/>\n<meta name=\"twitter:label1\" content=\"Szerz\u0151:\" \/>\n\t<meta name=\"twitter:data1\" content=\"Hudu Csaba\" \/>\n\t<meta name=\"twitter:label2\" content=\"Becs\u00fclt olvas\u00e1si id\u0151\" \/>\n\t<meta name=\"twitter:data2\" content=\"4 perc\" \/>\n<script type=\"application\/ld+json\" class=\"yoast-schema-graph\">{\"@context\":\"https:\\\/\\\/schema.org\",\"@graph\":[{\"@type\":\"Article\",\"@id\":\"https:\\\/\\\/szekacske.hu\\\/new\\\/2023\\\/05\\\/12\\\/a-szezon-utolso-szivacskezis-jateknapja\\\/#article\",\"isPartOf\":{\"@id\":\"https:\\\/\\\/szekacske.hu\\\/new\\\/2023\\\/05\\\/12\\\/a-szezon-utolso-szivacskezis-jateknapja\\\/\"},\"author\":{\"name\":\"Hudu Csaba\",\"@id\":\"https:\\\/\\\/szekacske.hu\\\/new\\\/#\\\/schema\\\/person\\\/1b98dcad88a429be1d6d889d1ceff05c\"},\"headline\":\"A szezon utols\u00f3 szivacsk\u00e9zis j\u00e1t\u00e9knapja\",\"datePublished\":\"2023-05-12T10:26:37+00:00\",\"dateModified\":\"2023-05-15T10:56:18+00:00\",\"mainEntityOfPage\":{\"@id\":\"https:\\\/\\\/szekacske.hu\\\/new\\\/2023\\\/05\\\/12\\\/a-szezon-utolso-szivacskezis-jateknapja\\\/\"},\"wordCount\":641,\"commentCount\":0,\"image\":{\"@id\":\"https:\\\/\\\/szekacske.hu\\\/new\\\/2023\\\/05\\\/12\\\/a-szezon-utolso-szivacskezis-jateknapja\\\/#primaryimage\"},\"thumbnailUrl\":\"https:\\\/\\\/szekacske.hu\\\/new\\\/wp-content\\\/uploads\\\/2023\\\/05\\\/IMG_9208-e1684146941650-300x195.jpg\",\"articleSection\":[\"Egy\u00e9b kateg\u00f3ria\"],\"inLanguage\":\"hu\",\"potentialAction\":[{\"@type\":\"CommentAction\",\"name\":\"Comment\",\"target\":[\"https:\\\/\\\/szekacske.hu\\\/new\\\/2023\\\/05\\\/12\\\/a-szezon-utolso-szivacskezis-jateknapja\\\/#respond\"]}]},{\"@type\":\"WebPage\",\"@id\":\"https:\\\/\\\/szekacske.hu\\\/new\\\/2023\\\/05\\\/12\\\/a-szezon-utolso-szivacskezis-jateknapja\\\/\",\"url\":\"https:\\\/\\\/szekacske.hu\\\/new\\\/2023\\\/05\\\/12\\\/a-szezon-utolso-szivacskezis-jateknapja\\\/\",\"name\":\"A szezon utols\u00f3 szivacsk\u00e9zis j\u00e1t\u00e9knapja - Sz\u00e9k\u00e1cs KE\",\"isPartOf\":{\"@id\":\"https:\\\/\\\/szekacske.hu\\\/new\\\/#website\"},\"primaryImageOfPage\":{\"@id\":\"https:\\\/\\\/szekacske.hu\\\/new\\\/2023\\\/05\\\/12\\\/a-szezon-utolso-szivacskezis-jateknapja\\\/#primaryimage\"},\"image\":{\"@id\":\"https:\\\/\\\/szekacske.hu\\\/new\\\/2023\\\/05\\\/12\\\/a-szezon-utolso-szivacskezis-jateknapja\\\/#primaryimage\"},\"thumbnailUrl\":\"https:\\\/\\\/szekacske.hu\\\/new\\\/wp-content\\\/uploads\\\/2023\\\/05\\\/IMG_9208-e1684146941650-300x195.jpg\",\"datePublished\":\"2023-05-12T10:26:37+00:00\",\"dateModified\":\"2023-05-15T10:56:18+00:00\",\"author\":{\"@id\":\"https:\\\/\\\/szekacske.hu\\\/new\\\/#\\\/schema\\\/person\\\/1b98dcad88a429be1d6d889d1ceff05c\"},\"breadcrumb\":{\"@id\":\"https:\\\/\\\/szekacske.hu\\\/new\\\/2023\\\/05\\\/12\\\/a-szezon-utolso-szivacskezis-jateknapja\\\/#breadcrumb\"},\"inLanguage\":\"hu\",\"potentialAction\":[{\"@type\":\"ReadAction\",\"target\":[\"https:\\\/\\\/szekacske.hu\\\/new\\\/2023\\\/05\\\/12\\\/a-szezon-utolso-szivacskezis-jateknapja\\\/\"]}]},{\"@type\":\"ImageObject\",\"inLanguage\":\"hu\",\"@id\":\"https:\\\/\\\/szekacske.hu\\\/new\\\/2023\\\/05\\\/12\\\/a-szezon-utolso-szivacskezis-jateknapja\\\/#primaryimage\",\"url\":\"https:\\\/\\\/szekacske.hu\\\/new\\\/wp-content\\\/uploads\\\/2023\\\/05\\\/IMG_9208-e1684148215506.jpg\",\"contentUrl\":\"https:\\\/\\\/szekacske.hu\\\/new\\\/wp-content\\\/uploads\\\/2023\\\/05\\\/IMG_9208-e1684148215506.jpg\",\"width\":863,\"height\":588},{\"@type\":\"BreadcrumbList\",\"@id\":\"https:\\\/\\\/szekacske.hu\\\/new\\\/2023\\\/05\\\/12\\\/a-szezon-utolso-szivacskezis-jateknapja\\\/#breadcrumb\",\"itemListElement\":[{\"@type\":\"ListItem\",\"position\":1,\"name\":\"Kezd\u0151lap\",\"item\":\"https:\\\/\\\/szekacske.hu\\\/new\\\/\"},{\"@type\":\"ListItem\",\"position\":2,\"name\":\"A szezon utols\u00f3 szivacsk\u00e9zis j\u00e1t\u00e9knapja\"}]},{\"@type\":\"WebSite\",\"@id\":\"https:\\\/\\\/szekacske.hu\\\/new\\\/#website\",\"url\":\"https:\\\/\\\/szekacske.hu\\\/new\\\/\",\"name\":\"Sz\u00e9k\u00e1cs KE\",\"description\":\"T\u00f6r\u00f6kszentmikl\u00f3si Sz\u00e9k\u00e1cs KE hivatalos honlapja\",\"potentialAction\":[{\"@type\":\"SearchAction\",\"target\":{\"@type\":\"EntryPoint\",\"urlTemplate\":\"https:\\\/\\\/szekacske.hu\\\/new\\\/?s={search_term_string}\"},\"query-input\":{\"@type\":\"PropertyValueSpecification\",\"valueRequired\":true,\"valueName\":\"search_term_string\"}}],\"inLanguage\":\"hu\"},{\"@type\":\"Person\",\"@id\":\"https:\\\/\\\/szekacske.hu\\\/new\\\/#\\\/schema\\\/person\\\/1b98dcad88a429be1d6d889d1ceff05c\",\"name\":\"Hudu Csaba\",\"image\":{\"@type\":\"ImageObject\",\"inLanguage\":\"hu\",\"@id\":\"https:\\\/\\\/secure.gravatar.com\\\/avatar\\\/eed0dafe15853c848fa7aa47475b14c1975c1fdb204811bb8c23c2cc7e066847?s=96&d=mm&r=g\",\"url\":\"https:\\\/\\\/secure.gravatar.com\\\/avatar\\\/eed0dafe15853c848fa7aa47475b14c1975c1fdb204811bb8c23c2cc7e066847?s=96&d=mm&r=g\",\"contentUrl\":\"https:\\\/\\\/secure.gravatar.com\\\/avatar\\\/eed0dafe15853c848fa7aa47475b14c1975c1fdb204811bb8c23c2cc7e066847?s=96&d=mm&r=g\",\"caption\":\"Hudu Csaba\"},\"url\":\"https:\\\/\\\/szekacske.hu\\\/new\\\/author\\\/hcsaba\\\/\"}]}<\/script>\n<!-- \/ Yoast SEO plugin. -->","yoast_head_json":{"title":"A szezon utols\u00f3 szivacsk\u00e9zis j\u00e1t\u00e9knapja - Sz\u00e9k\u00e1cs KE","robots":{"index":"index","follow":"follow","max-snippet":"max-snippet:-1","max-image-preview":"max-image-preview:large","max-video-preview":"max-video-preview:-1"},"canonical":"https:\/\/szekacske.hu\/new\/2023\/05\/12\/a-szezon-utolso-szivacskezis-jateknapja\/","og_locale":"hu_HU","og_type":"article","og_title":"A szezon utols\u00f3 szivacsk\u00e9zis j\u00e1t\u00e9knapja - Sz\u00e9k\u00e1cs KE","og_description":"2023. 05. 06-\u00e1n Tiszaf\u00f6ldv\u00e1ron rendezt\u00e9k az U8-9-es koroszt\u00e1ly szezonbeli utols\u00f3 j\u00e1t\u00e9knapj\u00e1t, ahol minden csapatunk sz\u00e9pen szerepelt.","og_url":"https:\/\/szekacske.hu\/new\/2023\/05\/12\/a-szezon-utolso-szivacskezis-jateknapja\/","og_site_name":"Sz\u00e9k\u00e1cs KE","article_published_time":"2023-05-12T10:26:37+00:00","article_modified_time":"2023-05-15T10:56:18+00:00","og_image":[{"width":863,"height":588,"url":"https:\/\/szekacske.hu\/new\/wp-content\/uploads\/2023\/05\/IMG_9208-e1684148215506.jpg","type":"image\/jpeg"}],"author":"Hudu Csaba","twitter_card":"summary_large_image","twitter_misc":{"Szerz\u0151:":"Hudu Csaba","Becs\u00fclt olvas\u00e1si id\u0151":"4 perc"},"schema":{"@context":"https:\/\/schema.org","@graph":[{"@type":"Article","@id":"https:\/\/szekacske.hu\/new\/2023\/05\/12\/a-szezon-utolso-szivacskezis-jateknapja\/#article","isPartOf":{"@id":"https:\/\/szekacske.hu\/new\/2023\/05\/12\/a-szezon-utolso-szivacskezis-jateknapja\/"},"author":{"name":"Hudu Csaba","@id":"https:\/\/szekacske.hu\/new\/#\/schema\/person\/1b98dcad88a429be1d6d889d1ceff05c"},"headline":"A szezon utols\u00f3 szivacsk\u00e9zis j\u00e1t\u00e9knapja","datePublished":"2023-05-12T10:26:37+00:00","dateModified":"2023-05-15T10:56:18+00:00","mainEntityOfPage":{"@id":"https:\/\/szekacske.hu\/new\/2023\/05\/12\/a-szezon-utolso-szivacskezis-jateknapja\/"},"wordCount":641,"commentCount":0,"image":{"@id":"https:\/\/szekacske.hu\/new\/2023\/05\/12\/a-szezon-utolso-szivacskezis-jateknapja\/#primaryimage"},"thumbnailUrl":"https:\/\/szekacske.hu\/new\/wp-content\/uploads\/2023\/05\/IMG_9208-e1684146941650-300x195.jpg","articleSection":["Egy\u00e9b kateg\u00f3ria"],"inLanguage":"hu","potentialAction":[{"@type":"CommentAction","name":"Comment","target":["https:\/\/szekacske.hu\/new\/2023\/05\/12\/a-szezon-utolso-szivacskezis-jateknapja\/#respond"]}]},{"@type":"WebPage","@id":"https:\/\/szekacske.hu\/new\/2023\/05\/12\/a-szezon-utolso-szivacskezis-jateknapja\/","url":"https:\/\/szekacske.hu\/new\/2023\/05\/12\/a-szezon-utolso-szivacskezis-jateknapja\/","name":"A szezon utols\u00f3 szivacsk\u00e9zis j\u00e1t\u00e9knapja - Sz\u00e9k\u00e1cs KE","isPartOf":{"@id":"https:\/\/szekacske.hu\/new\/#website"},"primaryImageOfPage":{"@id":"https:\/\/szekacske.hu\/new\/2023\/05\/12\/a-szezon-utolso-szivacskezis-jateknapja\/#primaryimage"},"image":{"@id":"https:\/\/szekacske.hu\/new\/2023\/05\/12\/a-szezon-utolso-szivacskezis-jateknapja\/#primaryimage"},"thumbnailUrl":"https:\/\/szekacske.hu\/new\/wp-content\/uploads\/2023\/05\/IMG_9208-e1684146941650-300x195.jpg","datePublished":"2023-05-12T10:26:37+00:00","dateModified":"2023-05-15T10:56:18+00:00","author":{"@id":"https:\/\/szekacske.hu\/new\/#\/schema\/person\/1b98dcad88a429be1d6d889d1ceff05c"},"breadcrumb":{"@id":"https:\/\/szekacske.hu\/new\/2023\/05\/12\/a-szezon-utolso-szivacskezis-jateknapja\/#breadcrumb"},"inLanguage":"hu","potentialAction":[{"@type":"ReadAction","target":["https:\/\/szekacske.hu\/new\/2023\/05\/12\/a-szezon-utolso-szivacskezis-jateknapja\/"]}]},{"@type":"ImageObject","inLanguage":"hu","@id":"https:\/\/szekacske.hu\/new\/2023\/05\/12\/a-szezon-utolso-szivacskezis-jateknapja\/#primaryimage","url":"https:\/\/szekacske.hu\/new\/wp-content\/uploads\/2023\/05\/IMG_9208-e1684148215506.jpg","contentUrl":"https:\/\/szekacske.hu\/new\/wp-content\/uploads\/2023\/05\/IMG_9208-e1684148215506.jpg","width":863,"height":588},{"@type":"BreadcrumbList","@id":"https:\/\/szekacske.hu\/new\/2023\/05\/12\/a-szezon-utolso-szivacskezis-jateknapja\/#breadcrumb","itemListElement":[{"@type":"ListItem","position":1,"name":"Kezd\u0151lap","item":"https:\/\/szekacske.hu\/new\/"},{"@type":"ListItem","position":2,"name":"A szezon utols\u00f3 szivacsk\u00e9zis j\u00e1t\u00e9knapja"}]},{"@type":"WebSite","@id":"https:\/\/szekacske.hu\/new\/#website","url":"https:\/\/szekacske.hu\/new\/","name":"Sz\u00e9k\u00e1cs KE","description":"T\u00f6r\u00f6kszentmikl\u00f3si Sz\u00e9k\u00e1cs KE hivatalos honlapja","potentialAction":[{"@type":"SearchAction","target":{"@type":"EntryPoint","urlTemplate":"https:\/\/szekacske.hu\/new\/?s={search_term_string}"},"query-input":{"@type":"PropertyValueSpecification","valueRequired":true,"valueName":"search_term_string"}}],"inLanguage":"hu"},{"@type":"Person","@id":"https:\/\/szekacske.hu\/new\/#\/schema\/person\/1b98dcad88a429be1d6d889d1ceff05c","name":"Hudu Csaba","image":{"@type":"ImageObject","inLanguage":"hu","@id":"https:\/\/secure.gravatar.com\/avatar\/eed0dafe15853c848fa7aa47475b14c1975c1fdb204811bb8c23c2cc7e066847?s=96&d=mm&r=g","url":"https:\/\/secure.gravatar.com\/avatar\/eed0dafe15853c848fa7aa47475b14c1975c1fdb204811bb8c23c2cc7e066847?s=96&d=mm&r=g","contentUrl":"https:\/\/secure.gravatar.com\/avatar\/eed0dafe15853c848fa7aa47475b14c1975c1fdb204811bb8c23c2cc7e066847?s=96&d=mm&r=g","caption":"Hudu Csaba"},"url":"https:\/\/szekacske.hu\/new\/author\/hcsaba\/"}]}},"_links":{"self":[{"href":"https:\/\/szekacske.hu\/new\/wp-json\/wp\/v2\/posts\/1853","targetHints":{"allow":["GET"]}}],"collection":[{"href":"https:\/\/szekacske.hu\/new\/wp-json\/wp\/v2\/posts"}],"about":[{"href":"https:\/\/szekacske.hu\/new\/wp-json\/wp\/v2\/types\/post"}],"author":[{"embeddable":true,"href":"https:\/\/szekacske.hu\/new\/wp-json\/wp\/v2\/users\/3"}],"replies":[{"embeddable":true,"href":"https:\/\/szekacske.hu\/new\/wp-json\/wp\/v2\/comments?post=1853"}],"version-history":[{"count":4,"href":"https:\/\/szekacske.hu\/new\/wp-json\/wp\/v2\/posts\/1853\/revisions"}],"predecessor-version":[{"id":1864,"href":"https:\/\/szekacske.hu\/new\/wp-json\/wp\/v2\/posts\/1853\/revisions\/1864"}],"wp:attachment":[{"href":"https:\/\/szekacske.hu\/new\/wp-json\/wp\/v2\/media?parent=1853"}],"wp:term":[{"taxonomy":"category","embeddable":true,"href":"https:\/\/szekacske.hu\/new\/wp-json\/wp\/v2\/categories?post=1853"},{"taxonomy":"post_tag","embeddable":true,"href":"https:\/\/szekacske.hu\/new\/wp-json\/wp\/v2\/tags?post=1853"}],"curies":[{"name":"wp","href":"https:\/\/api.w.org\/{rel}","templated":true}]}}