{"id":1810,"date":"2023-05-03T16:18:28","date_gmt":"2023-05-03T14:18:28","guid":{"rendered":"https:\/\/szekacske.hu\/new\/?p=1810"},"modified":"2023-05-04T17:05:43","modified_gmt":"2023-05-04T15:05:43","slug":"szivacskezilabdas-jateknap-tiszafoldvaron","status":"publish","type":"post","link":"https:\/\/szekacske.hu\/new\/2023\/05\/03\/szivacskezilabdas-jateknap-tiszafoldvaron\/","title":{"rendered":"Szivacsk\u00e9zilabd\u00e1s j\u00e1t\u00e9knap Tiszaf\u00f6ldv\u00e1ron"},"content":{"rendered":"<p><strong>2023.04.15-\u00e9n ker\u00fclt megrendez\u00e9sre a soron k\u00f6vetkez\u0151 szivacsk\u00e9zilabd\u00e1s fordul\u00f3 Tiszaf\u00f6ldv\u00e1ron a Homoki Sportcsarnokban. A m\u00e9rk\u0151z\u00e9sek k\u00f6zt volt lehet\u0151s\u00e9g\u00fcnk r\u00e9szt venni a Kezd\u0151dob\u00e1s program feladataiban, j\u00e1t\u00e9kaiban.<\/strong><\/p>\n<p><a href=\"https:\/\/szekacske.hu\/new\/wp-content\/uploads\/2023\/05\/image_50397185-scaled-e1683211455795.jpg\"><img loading=\"lazy\" decoding=\"async\" class=\"alignnone wp-image-1812\" src=\"https:\/\/szekacske.hu\/new\/wp-content\/uploads\/2023\/05\/image_50397185-scaled-e1683211455795-300x164.jpg\" alt=\"\" width=\"1024\" height=\"561\" srcset=\"https:\/\/szekacske.hu\/new\/wp-content\/uploads\/2023\/05\/image_50397185-scaled-e1683211455795-300x164.jpg 300w, https:\/\/szekacske.hu\/new\/wp-content\/uploads\/2023\/05\/image_50397185-scaled-e1683211455795-1024x561.jpg 1024w, https:\/\/szekacske.hu\/new\/wp-content\/uploads\/2023\/05\/image_50397185-scaled-e1683211455795-150x82.jpg 150w, https:\/\/szekacske.hu\/new\/wp-content\/uploads\/2023\/05\/image_50397185-scaled-e1683211455795-768x421.jpg 768w, https:\/\/szekacske.hu\/new\/wp-content\/uploads\/2023\/05\/image_50397185-scaled-e1683211455795-1536x842.jpg 1536w, https:\/\/szekacske.hu\/new\/wp-content\/uploads\/2023\/05\/image_50397185-scaled-e1683211455795-2048x1122.jpg 2048w, https:\/\/szekacske.hu\/new\/wp-content\/uploads\/2023\/05\/image_50397185-scaled-e1683211455795-128x70.jpg 128w, https:\/\/szekacske.hu\/new\/wp-content\/uploads\/2023\/05\/image_50397185-scaled-e1683211455795-32x18.jpg 32w\" sizes=\"auto, (max-width: 1024px) 100vw, 1024px\" \/><\/a><!--more--><\/p>\n<blockquote>\n<p style=\"font-weight: 400;\">G\u00f6bly\u00f6s Tibor edz\u0151: (LU9 Sz\u00e9k\u00e1cs KE I.):\u00a0A l\u00e1nyok ism\u00e9t bizony\u00edtott\u00e1k, hogy nagyszer\u0171 csapatot alkotnak, a m\u00e9rk\u0151z\u00e9sek kimenetele nem volt k\u00e9rd\u00e9ses! A koroszt\u00e1lyos csapatokat messze t\u00falsz\u00e1rnyalva, magasabb szintet k\u00e9pviseltek a l\u00e1nyok! Ezt a fajta szint k\u00fcl\u00f6nbs\u00e9get csak is a tov\u00e1bbi rendszeres \u00e9s kem\u00e9ny edz\u00e9smunk\u00e1val lehet majd megtartani! Csak \u00edgy tov\u00e1bb l\u00e1nyok!<\/p>\n<\/blockquote>\n<hr \/>\n<p><a href=\"https:\/\/szekacske.hu\/new\/wp-content\/uploads\/2023\/05\/image_50445313-scaled.jpg\"><img loading=\"lazy\" decoding=\"async\" class=\"alignnone wp-image-1813\" src=\"https:\/\/szekacske.hu\/new\/wp-content\/uploads\/2023\/05\/image_50445313-300x225.jpg\" alt=\"\" width=\"1024\" height=\"768\" srcset=\"https:\/\/szekacske.hu\/new\/wp-content\/uploads\/2023\/05\/image_50445313-300x225.jpg 300w, https:\/\/szekacske.hu\/new\/wp-content\/uploads\/2023\/05\/image_50445313-1024x768.jpg 1024w, https:\/\/szekacske.hu\/new\/wp-content\/uploads\/2023\/05\/image_50445313-150x113.jpg 150w, https:\/\/szekacske.hu\/new\/wp-content\/uploads\/2023\/05\/image_50445313-768x576.jpg 768w, https:\/\/szekacske.hu\/new\/wp-content\/uploads\/2023\/05\/image_50445313-1536x1152.jpg 1536w, https:\/\/szekacske.hu\/new\/wp-content\/uploads\/2023\/05\/image_50445313-2048x1536.jpg 2048w, https:\/\/szekacske.hu\/new\/wp-content\/uploads\/2023\/05\/image_50445313-128x96.jpg 128w, https:\/\/szekacske.hu\/new\/wp-content\/uploads\/2023\/05\/image_50445313-32x24.jpg 32w\" sizes=\"auto, (max-width: 1024px) 100vw, 1024px\" \/><\/a><\/p>\n<blockquote>\n<p style=\"font-weight: 400;\">G\u00f6bly\u00f6s Tibor edz\u0151: (LU8 Sz\u00e9k\u00e1cs KE I.):\u00a0\u00dcgyesek voltak a mai j\u00e1t\u00e9knapon a l\u00e1nyok, a feladatok v\u00e9grehajt\u00e1s\u00e1n\u00e1l \u00e9s a m\u00e9rk\u0151z\u00e9seken egyar\u00e1nt! J\u00e1r a dics\u00e9ret mindenkinek! J\u00f3l ment a v\u00e9dekez\u00e9s, \u00fcgyesen k\u00f6vett\u00fck a labda ir\u00e1ny\u00e1t. A t\u00e1mad\u00e1sok sor\u00e1n \u00f6r\u00fcltem neki, hogy sok g\u00f3lt siker\u00fclt l\u0151ni \u00e9s b\u00e1tran j\u00e1tszottunk. A csapatj\u00e1t\u00e9k is j\u00f3 ir\u00e1nyba halad!<\/p>\n<\/blockquote>\n<hr \/>\n<p style=\"font-weight: 400;\"><a href=\"https:\/\/szekacske.hu\/new\/wp-content\/uploads\/2023\/05\/IMG_9031.jpg\"><img loading=\"lazy\" decoding=\"async\" class=\"alignnone wp-image-1811\" src=\"https:\/\/szekacske.hu\/new\/wp-content\/uploads\/2023\/05\/IMG_9031-300x225.jpg\" alt=\"\" width=\"1024\" height=\"768\" srcset=\"https:\/\/szekacske.hu\/new\/wp-content\/uploads\/2023\/05\/IMG_9031-300x225.jpg 300w, https:\/\/szekacske.hu\/new\/wp-content\/uploads\/2023\/05\/IMG_9031-1024x768.jpg 1024w, https:\/\/szekacske.hu\/new\/wp-content\/uploads\/2023\/05\/IMG_9031-150x113.jpg 150w, https:\/\/szekacske.hu\/new\/wp-content\/uploads\/2023\/05\/IMG_9031-768x576.jpg 768w, https:\/\/szekacske.hu\/new\/wp-content\/uploads\/2023\/05\/IMG_9031-1536x1152.jpg 1536w, https:\/\/szekacske.hu\/new\/wp-content\/uploads\/2023\/05\/IMG_9031-128x96.jpg 128w, https:\/\/szekacske.hu\/new\/wp-content\/uploads\/2023\/05\/IMG_9031-32x24.jpg 32w, https:\/\/szekacske.hu\/new\/wp-content\/uploads\/2023\/05\/IMG_9031.jpg 2048w\" sizes=\"auto, (max-width: 1024px) 100vw, 1024px\" \/><\/a><\/p>\n<blockquote>\n<p style=\"font-weight: 400;\">Kat\u00f3 Fruzsina edz\u0151: (LU8 Sz\u00e9k\u00e1cs KE II.): A l\u00e1nyok m\u00e1r nagyon v\u00e1rt\u00e1k a k\u00f6vetkez\u0151 fordul\u00f3t. Sajnos t\u00f6bb beteg gyerek is lett a h\u00e9tv\u00e9g\u00e9re. A megl\u00e9v\u0151 4 l\u00e1ny \u00fcgyesen j\u00e1tszott mindk\u00e9t m\u00e9rk\u0151z\u00e9sen: sok g\u00f3l l\u0151ttek, megfelel\u0151 id\u0151ben passzoltak a jobb helyzetben l\u00e9v\u0151 t\u00e1rsaiknak \u00e9s a kapuban is mindenki b\u00e1tran bele\u00e1llt a l\u00f6v\u00e9sekbe. A v\u00e9dekez\u00e9sben kicsit t\u00f6bb hi\u00e1nyt l\u00e1tok, b\u00e1tortalanabbak, de dolgozni fogunk ezen is.<\/p>\n<p style=\"font-weight: 400;\">Gratul\u00e1lok a csajoknak!<\/p>\n<\/blockquote>\n<hr \/>\n<p><a href=\"https:\/\/szekacske.hu\/new\/wp-content\/uploads\/2023\/05\/IMG_9029-scaled-e1683211594425.jpeg\"><img loading=\"lazy\" decoding=\"async\" class=\"alignnone wp-image-1818\" src=\"https:\/\/szekacske.hu\/new\/wp-content\/uploads\/2023\/05\/IMG_9029-scaled-e1683211594425-300x199.jpeg\" alt=\"\" width=\"1024\" height=\"681\" srcset=\"https:\/\/szekacske.hu\/new\/wp-content\/uploads\/2023\/05\/IMG_9029-scaled-e1683211594425-300x199.jpeg 300w, https:\/\/szekacske.hu\/new\/wp-content\/uploads\/2023\/05\/IMG_9029-scaled-e1683211594425-1024x681.jpeg 1024w, https:\/\/szekacske.hu\/new\/wp-content\/uploads\/2023\/05\/IMG_9029-scaled-e1683211594425-150x100.jpeg 150w, https:\/\/szekacske.hu\/new\/wp-content\/uploads\/2023\/05\/IMG_9029-scaled-e1683211594425-768x511.jpeg 768w, https:\/\/szekacske.hu\/new\/wp-content\/uploads\/2023\/05\/IMG_9029-scaled-e1683211594425-1536x1021.jpeg 1536w, https:\/\/szekacske.hu\/new\/wp-content\/uploads\/2023\/05\/IMG_9029-scaled-e1683211594425-2048x1361.jpeg 2048w, https:\/\/szekacske.hu\/new\/wp-content\/uploads\/2023\/05\/IMG_9029-scaled-e1683211594425-128x85.jpeg 128w, https:\/\/szekacske.hu\/new\/wp-content\/uploads\/2023\/05\/IMG_9029-scaled-e1683211594425-32x21.jpeg 32w\" sizes=\"auto, (max-width: 1024px) 100vw, 1024px\" \/><\/a><\/p>\n<blockquote>\n<p style=\"font-weight: 400;\">Bencsik Zolt\u00e1n edz\u0151 (LU9 Sz\u00e9k\u00e1cs KE II.): A l\u00e1nyok teljes\u00edtm\u00e9ny\u00e9vel nagyon meg vagyok el\u00e9gedve nagyon \u00fcgyesen j\u00e1tszottak. A m\u00e9rk\u0151z\u00e9s el\u0151tt megbesz\u00e9lt dolgokat t\u00e1mad\u00e1sban \u00e9s v\u00e9dekez\u00e9sben is j\u00f3l alkalmazt\u00e1k \u00fcgyesen cseleztek \u00e9s j\u00f3l helyezkedtek v\u00e9dekez\u00e9s k\u00f6zben. Gratul\u00e1lok a l\u00e1nyoknak! Hajr\u00e1 Sz\u00e9k\u00e1cs!<\/p>\n<\/blockquote>\n<hr \/>\n<p style=\"font-weight: 400;\"><a href=\"https:\/\/szekacske.hu\/new\/wp-content\/uploads\/2023\/05\/image_50431745-scaled.jpg\"><img loading=\"lazy\" decoding=\"async\" class=\"alignnone wp-image-1820\" src=\"https:\/\/szekacske.hu\/new\/wp-content\/uploads\/2023\/05\/image_50431745-300x225.jpg\" alt=\"\" width=\"1024\" height=\"768\" srcset=\"https:\/\/szekacske.hu\/new\/wp-content\/uploads\/2023\/05\/image_50431745-300x225.jpg 300w, https:\/\/szekacske.hu\/new\/wp-content\/uploads\/2023\/05\/image_50431745-1024x768.jpg 1024w, https:\/\/szekacske.hu\/new\/wp-content\/uploads\/2023\/05\/image_50431745-150x113.jpg 150w, https:\/\/szekacske.hu\/new\/wp-content\/uploads\/2023\/05\/image_50431745-768x576.jpg 768w, https:\/\/szekacske.hu\/new\/wp-content\/uploads\/2023\/05\/image_50431745-1536x1152.jpg 1536w, https:\/\/szekacske.hu\/new\/wp-content\/uploads\/2023\/05\/image_50431745-2048x1536.jpg 2048w, https:\/\/szekacske.hu\/new\/wp-content\/uploads\/2023\/05\/image_50431745-128x96.jpg 128w, https:\/\/szekacske.hu\/new\/wp-content\/uploads\/2023\/05\/image_50431745-32x24.jpg 32w\" sizes=\"auto, (max-width: 1024px) 100vw, 1024px\" \/><\/a><\/p>\n<blockquote>\n<p style=\"font-weight: 400;\">Nyes\u0151 P\u00e9ter edz\u0151 (FU8 Sz\u00e9k\u00e1cs KE): Mindk\u00e9t m\u00e9rk\u0151z\u00e9sen \u00fcgyesen teljes\u00edtettek a gyerekek \u00e9s egyre b\u00e1trabban j\u00e1tszottak, amely\u00a0 t\u00e1mad\u00e1sban \u00e9s v\u00e9dekez\u00e9sben is \u00e9rezhet\u0151 volt. A legels\u0151 fordul\u00f3hoz k\u00e9pest sokat fejl\u0151dt\u00fcnk, mind technik\u00e1ban, mind pedig csapategys\u00e9gben, amelynek nagyon \u00f6r\u00fcl\u00f6k. B\u00edzom benne, hogy ezen az \u00faton tudunk egy\u00fctt tov\u00e1bb dolgozni \u00e9s a j\u00f6v\u0151ben is sz\u00e9p sikereket fogunk el\u00e9rni.<\/p>\n<\/blockquote>\n<hr \/>\n<p><a href=\"https:\/\/szekacske.hu\/new\/wp-content\/uploads\/2023\/05\/image_50473217-scaled.jpg\"><img loading=\"lazy\" decoding=\"async\" class=\"alignnone wp-image-1819\" src=\"https:\/\/szekacske.hu\/new\/wp-content\/uploads\/2023\/05\/image_50473217-300x225.jpg\" alt=\"\" width=\"1024\" height=\"768\" srcset=\"https:\/\/szekacske.hu\/new\/wp-content\/uploads\/2023\/05\/image_50473217-300x225.jpg 300w, https:\/\/szekacske.hu\/new\/wp-content\/uploads\/2023\/05\/image_50473217-1024x768.jpg 1024w, https:\/\/szekacske.hu\/new\/wp-content\/uploads\/2023\/05\/image_50473217-150x113.jpg 150w, https:\/\/szekacske.hu\/new\/wp-content\/uploads\/2023\/05\/image_50473217-768x576.jpg 768w, https:\/\/szekacske.hu\/new\/wp-content\/uploads\/2023\/05\/image_50473217-1536x1152.jpg 1536w, https:\/\/szekacske.hu\/new\/wp-content\/uploads\/2023\/05\/image_50473217-2048x1536.jpg 2048w, https:\/\/szekacske.hu\/new\/wp-content\/uploads\/2023\/05\/image_50473217-128x96.jpg 128w, https:\/\/szekacske.hu\/new\/wp-content\/uploads\/2023\/05\/image_50473217-32x24.jpg 32w\" sizes=\"auto, (max-width: 1024px) 100vw, 1024px\" \/><\/a><\/p>\n<blockquote>\n<p style=\"font-weight: 400;\">Nyes\u0151 P\u00e9ter edz\u0151 (FU9 Sz\u00e9k\u00e1cs KE): Mindk\u00e9t m\u00e9rk\u0151z\u00e9sen a mi akaratunk \u00e9rv\u00e9nyes\u00fclt, mind t\u00e1mad\u00e1sban, mind pedig v\u00e9dekez\u00e9sben. K\u00fcl\u00f6n \u00f6r\u00f6m, hogy a gyerekek egyre kevesebb technikai hib\u00e1t v\u00e9tenek a m\u00e9rk\u0151z\u00e9sek alatt, valamint v\u00e9dekez\u00e9sben is betartott\u00e1k amit k\u00e9rtem t\u0151l\u00fck. T\u00e1mad\u00e1sban b\u00e1trabbnak kell lenn\u00fcnk \u00e9s g\u00f3lrat\u00f6r\u0151en kell j\u00e1tszanunk. Nagyon el\u00e9gedett vagyok a gyerekekkel, h\u00e9tr\u0151l-h\u00e9tre lelkiismeretesen dolgoznak \u00e9s sz\u00e9pen fejl\u0151dnek, amely a j\u00f6v\u0151re n\u00e9zve b\u00edztat\u00f3.<\/p>\n<\/blockquote>\n<p style=\"font-weight: 400;\">\n","protected":false},"excerpt":{"rendered":"<p>2023.04.15-\u00e9n ker\u00fclt megrendez\u00e9sre a soron k\u00f6vetkez\u0151 szivacsk\u00e9zilabd\u00e1s fordul\u00f3 Tiszaf\u00f6ldv\u00e1ron a Homoki Sportcsarnokban. A m\u00e9rk\u0151z\u00e9sek k\u00f6zt volt lehet\u0151s\u00e9g\u00fcnk r\u00e9szt venni a Kezd\u0151dob\u00e1s program feladataiban, j\u00e1t\u00e9kaiban.<\/p>\n","protected":false},"author":3,"featured_media":0,"comment_status":"open","ping_status":"open","sticky":false,"template":"","format":"standard","meta":{"footnotes":""},"categories":[24],"tags":[75],"class_list":["post-1810","post","type-post","status-publish","format-standard","hentry","category-hirek","tag-szivacskezi"],"yoast_head":"<!-- This site is optimized with the Yoast SEO plugin v27.5 - https:\/\/yoast.com\/product\/yoast-seo-wordpress\/ -->\n<title>Szivacsk\u00e9zilabd\u00e1s j\u00e1t\u00e9knap Tiszaf\u00f6ldv\u00e1ron - Sz\u00e9k\u00e1cs KE<\/title>\n<meta name=\"robots\" content=\"index, follow, max-snippet:-1, max-image-preview:large, max-video-preview:-1\" \/>\n<link rel=\"canonical\" href=\"https:\/\/szekacske.hu\/new\/2023\/05\/03\/szivacskezilabdas-jateknap-tiszafoldvaron\/\" \/>\n<meta property=\"og:locale\" content=\"hu_HU\" \/>\n<meta property=\"og:type\" content=\"article\" \/>\n<meta property=\"og:title\" content=\"Szivacsk\u00e9zilabd\u00e1s j\u00e1t\u00e9knap Tiszaf\u00f6ldv\u00e1ron - Sz\u00e9k\u00e1cs KE\" \/>\n<meta property=\"og:description\" content=\"2023.04.15-\u00e9n ker\u00fclt megrendez\u00e9sre a soron k\u00f6vetkez\u0151 szivacsk\u00e9zilabd\u00e1s fordul\u00f3 Tiszaf\u00f6ldv\u00e1ron a Homoki Sportcsarnokban. A m\u00e9rk\u0151z\u00e9sek k\u00f6zt volt lehet\u0151s\u00e9g\u00fcnk r\u00e9szt venni a Kezd\u0151dob\u00e1s program feladataiban, j\u00e1t\u00e9kaiban.\" \/>\n<meta property=\"og:url\" content=\"https:\/\/szekacske.hu\/new\/2023\/05\/03\/szivacskezilabdas-jateknap-tiszafoldvaron\/\" \/>\n<meta property=\"og:site_name\" content=\"Sz\u00e9k\u00e1cs KE\" \/>\n<meta property=\"article:published_time\" content=\"2023-05-03T14:18:28+00:00\" \/>\n<meta property=\"article:modified_time\" content=\"2023-05-04T15:05:43+00:00\" \/>\n<meta property=\"og:image\" content=\"https:\/\/szekacske.hu\/new\/wp-content\/uploads\/2023\/05\/image_50397185-scaled-e1683211455795.jpg\" \/>\n\t<meta property=\"og:image:width\" content=\"2265\" \/>\n\t<meta property=\"og:image:height\" content=\"1241\" \/>\n\t<meta property=\"og:image:type\" content=\"image\/jpeg\" \/>\n<meta name=\"author\" content=\"Hudu Csaba\" \/>\n<meta name=\"twitter:card\" content=\"summary_large_image\" \/>\n<meta name=\"twitter:label1\" content=\"Szerz\u0151:\" \/>\n\t<meta name=\"twitter:data1\" content=\"Hudu Csaba\" \/>\n\t<meta name=\"twitter:label2\" content=\"Becs\u00fclt olvas\u00e1si id\u0151\" \/>\n\t<meta name=\"twitter:data2\" content=\"4 perc\" \/>\n<script type=\"application\/ld+json\" class=\"yoast-schema-graph\">{\"@context\":\"https:\\\/\\\/schema.org\",\"@graph\":[{\"@type\":\"Article\",\"@id\":\"https:\\\/\\\/szekacske.hu\\\/new\\\/2023\\\/05\\\/03\\\/szivacskezilabdas-jateknap-tiszafoldvaron\\\/#article\",\"isPartOf\":{\"@id\":\"https:\\\/\\\/szekacske.hu\\\/new\\\/2023\\\/05\\\/03\\\/szivacskezilabdas-jateknap-tiszafoldvaron\\\/\"},\"author\":{\"name\":\"Hudu Csaba\",\"@id\":\"https:\\\/\\\/szekacske.hu\\\/new\\\/#\\\/schema\\\/person\\\/1b98dcad88a429be1d6d889d1ceff05c\"},\"headline\":\"Szivacsk\u00e9zilabd\u00e1s j\u00e1t\u00e9knap Tiszaf\u00f6ldv\u00e1ron\",\"datePublished\":\"2023-05-03T14:18:28+00:00\",\"dateModified\":\"2023-05-04T15:05:43+00:00\",\"mainEntityOfPage\":{\"@id\":\"https:\\\/\\\/szekacske.hu\\\/new\\\/2023\\\/05\\\/03\\\/szivacskezilabdas-jateknap-tiszafoldvaron\\\/\"},\"wordCount\":578,\"commentCount\":0,\"image\":{\"@id\":\"https:\\\/\\\/szekacske.hu\\\/new\\\/2023\\\/05\\\/03\\\/szivacskezilabdas-jateknap-tiszafoldvaron\\\/#primaryimage\"},\"thumbnailUrl\":\"https:\\\/\\\/szekacske.hu\\\/new\\\/wp-content\\\/uploads\\\/2023\\\/05\\\/image_50397185-scaled-e1683211455795-300x164.jpg\",\"keywords\":[\"szivacsk\u00e9zi\"],\"articleSection\":[\"H\u00edrek\"],\"inLanguage\":\"hu\",\"potentialAction\":[{\"@type\":\"CommentAction\",\"name\":\"Comment\",\"target\":[\"https:\\\/\\\/szekacske.hu\\\/new\\\/2023\\\/05\\\/03\\\/szivacskezilabdas-jateknap-tiszafoldvaron\\\/#respond\"]}]},{\"@type\":\"WebPage\",\"@id\":\"https:\\\/\\\/szekacske.hu\\\/new\\\/2023\\\/05\\\/03\\\/szivacskezilabdas-jateknap-tiszafoldvaron\\\/\",\"url\":\"https:\\\/\\\/szekacske.hu\\\/new\\\/2023\\\/05\\\/03\\\/szivacskezilabdas-jateknap-tiszafoldvaron\\\/\",\"name\":\"Szivacsk\u00e9zilabd\u00e1s j\u00e1t\u00e9knap Tiszaf\u00f6ldv\u00e1ron - Sz\u00e9k\u00e1cs KE\",\"isPartOf\":{\"@id\":\"https:\\\/\\\/szekacske.hu\\\/new\\\/#website\"},\"primaryImageOfPage\":{\"@id\":\"https:\\\/\\\/szekacske.hu\\\/new\\\/2023\\\/05\\\/03\\\/szivacskezilabdas-jateknap-tiszafoldvaron\\\/#primaryimage\"},\"image\":{\"@id\":\"https:\\\/\\\/szekacske.hu\\\/new\\\/2023\\\/05\\\/03\\\/szivacskezilabdas-jateknap-tiszafoldvaron\\\/#primaryimage\"},\"thumbnailUrl\":\"https:\\\/\\\/szekacske.hu\\\/new\\\/wp-content\\\/uploads\\\/2023\\\/05\\\/image_50397185-scaled-e1683211455795-300x164.jpg\",\"datePublished\":\"2023-05-03T14:18:28+00:00\",\"dateModified\":\"2023-05-04T15:05:43+00:00\",\"author\":{\"@id\":\"https:\\\/\\\/szekacske.hu\\\/new\\\/#\\\/schema\\\/person\\\/1b98dcad88a429be1d6d889d1ceff05c\"},\"breadcrumb\":{\"@id\":\"https:\\\/\\\/szekacske.hu\\\/new\\\/2023\\\/05\\\/03\\\/szivacskezilabdas-jateknap-tiszafoldvaron\\\/#breadcrumb\"},\"inLanguage\":\"hu\",\"potentialAction\":[{\"@type\":\"ReadAction\",\"target\":[\"https:\\\/\\\/szekacske.hu\\\/new\\\/2023\\\/05\\\/03\\\/szivacskezilabdas-jateknap-tiszafoldvaron\\\/\"]}]},{\"@type\":\"ImageObject\",\"inLanguage\":\"hu\",\"@id\":\"https:\\\/\\\/szekacske.hu\\\/new\\\/2023\\\/05\\\/03\\\/szivacskezilabdas-jateknap-tiszafoldvaron\\\/#primaryimage\",\"url\":\"https:\\\/\\\/szekacske.hu\\\/new\\\/wp-content\\\/uploads\\\/2023\\\/05\\\/image_50397185-scaled-e1683211455795.jpg\",\"contentUrl\":\"https:\\\/\\\/szekacske.hu\\\/new\\\/wp-content\\\/uploads\\\/2023\\\/05\\\/image_50397185-scaled-e1683211455795.jpg\",\"width\":2265,\"height\":1241},{\"@type\":\"BreadcrumbList\",\"@id\":\"https:\\\/\\\/szekacske.hu\\\/new\\\/2023\\\/05\\\/03\\\/szivacskezilabdas-jateknap-tiszafoldvaron\\\/#breadcrumb\",\"itemListElement\":[{\"@type\":\"ListItem\",\"position\":1,\"name\":\"Kezd\u0151lap\",\"item\":\"https:\\\/\\\/szekacske.hu\\\/new\\\/\"},{\"@type\":\"ListItem\",\"position\":2,\"name\":\"Szivacsk\u00e9zilabd\u00e1s j\u00e1t\u00e9knap Tiszaf\u00f6ldv\u00e1ron\"}]},{\"@type\":\"WebSite\",\"@id\":\"https:\\\/\\\/szekacske.hu\\\/new\\\/#website\",\"url\":\"https:\\\/\\\/szekacske.hu\\\/new\\\/\",\"name\":\"Sz\u00e9k\u00e1cs KE\",\"description\":\"T\u00f6r\u00f6kszentmikl\u00f3si Sz\u00e9k\u00e1cs KE hivatalos honlapja\",\"potentialAction\":[{\"@type\":\"SearchAction\",\"target\":{\"@type\":\"EntryPoint\",\"urlTemplate\":\"https:\\\/\\\/szekacske.hu\\\/new\\\/?s={search_term_string}\"},\"query-input\":{\"@type\":\"PropertyValueSpecification\",\"valueRequired\":true,\"valueName\":\"search_term_string\"}}],\"inLanguage\":\"hu\"},{\"@type\":\"Person\",\"@id\":\"https:\\\/\\\/szekacske.hu\\\/new\\\/#\\\/schema\\\/person\\\/1b98dcad88a429be1d6d889d1ceff05c\",\"name\":\"Hudu Csaba\",\"image\":{\"@type\":\"ImageObject\",\"inLanguage\":\"hu\",\"@id\":\"https:\\\/\\\/secure.gravatar.com\\\/avatar\\\/eed0dafe15853c848fa7aa47475b14c1975c1fdb204811bb8c23c2cc7e066847?s=96&d=mm&r=g\",\"url\":\"https:\\\/\\\/secure.gravatar.com\\\/avatar\\\/eed0dafe15853c848fa7aa47475b14c1975c1fdb204811bb8c23c2cc7e066847?s=96&d=mm&r=g\",\"contentUrl\":\"https:\\\/\\\/secure.gravatar.com\\\/avatar\\\/eed0dafe15853c848fa7aa47475b14c1975c1fdb204811bb8c23c2cc7e066847?s=96&d=mm&r=g\",\"caption\":\"Hudu Csaba\"},\"url\":\"https:\\\/\\\/szekacske.hu\\\/new\\\/author\\\/hcsaba\\\/\"}]}<\/script>\n<!-- \/ Yoast SEO plugin. -->","yoast_head_json":{"title":"Szivacsk\u00e9zilabd\u00e1s j\u00e1t\u00e9knap Tiszaf\u00f6ldv\u00e1ron - Sz\u00e9k\u00e1cs KE","robots":{"index":"index","follow":"follow","max-snippet":"max-snippet:-1","max-image-preview":"max-image-preview:large","max-video-preview":"max-video-preview:-1"},"canonical":"https:\/\/szekacske.hu\/new\/2023\/05\/03\/szivacskezilabdas-jateknap-tiszafoldvaron\/","og_locale":"hu_HU","og_type":"article","og_title":"Szivacsk\u00e9zilabd\u00e1s j\u00e1t\u00e9knap Tiszaf\u00f6ldv\u00e1ron - Sz\u00e9k\u00e1cs KE","og_description":"2023.04.15-\u00e9n ker\u00fclt megrendez\u00e9sre a soron k\u00f6vetkez\u0151 szivacsk\u00e9zilabd\u00e1s fordul\u00f3 Tiszaf\u00f6ldv\u00e1ron a Homoki Sportcsarnokban. A m\u00e9rk\u0151z\u00e9sek k\u00f6zt volt lehet\u0151s\u00e9g\u00fcnk r\u00e9szt venni a Kezd\u0151dob\u00e1s program feladataiban, j\u00e1t\u00e9kaiban.","og_url":"https:\/\/szekacske.hu\/new\/2023\/05\/03\/szivacskezilabdas-jateknap-tiszafoldvaron\/","og_site_name":"Sz\u00e9k\u00e1cs KE","article_published_time":"2023-05-03T14:18:28+00:00","article_modified_time":"2023-05-04T15:05:43+00:00","og_image":[{"width":2265,"height":1241,"url":"https:\/\/szekacske.hu\/new\/wp-content\/uploads\/2023\/05\/image_50397185-scaled-e1683211455795.jpg","type":"image\/jpeg"}],"author":"Hudu Csaba","twitter_card":"summary_large_image","twitter_misc":{"Szerz\u0151:":"Hudu Csaba","Becs\u00fclt olvas\u00e1si id\u0151":"4 perc"},"schema":{"@context":"https:\/\/schema.org","@graph":[{"@type":"Article","@id":"https:\/\/szekacske.hu\/new\/2023\/05\/03\/szivacskezilabdas-jateknap-tiszafoldvaron\/#article","isPartOf":{"@id":"https:\/\/szekacske.hu\/new\/2023\/05\/03\/szivacskezilabdas-jateknap-tiszafoldvaron\/"},"author":{"name":"Hudu Csaba","@id":"https:\/\/szekacske.hu\/new\/#\/schema\/person\/1b98dcad88a429be1d6d889d1ceff05c"},"headline":"Szivacsk\u00e9zilabd\u00e1s j\u00e1t\u00e9knap Tiszaf\u00f6ldv\u00e1ron","datePublished":"2023-05-03T14:18:28+00:00","dateModified":"2023-05-04T15:05:43+00:00","mainEntityOfPage":{"@id":"https:\/\/szekacske.hu\/new\/2023\/05\/03\/szivacskezilabdas-jateknap-tiszafoldvaron\/"},"wordCount":578,"commentCount":0,"image":{"@id":"https:\/\/szekacske.hu\/new\/2023\/05\/03\/szivacskezilabdas-jateknap-tiszafoldvaron\/#primaryimage"},"thumbnailUrl":"https:\/\/szekacske.hu\/new\/wp-content\/uploads\/2023\/05\/image_50397185-scaled-e1683211455795-300x164.jpg","keywords":["szivacsk\u00e9zi"],"articleSection":["H\u00edrek"],"inLanguage":"hu","potentialAction":[{"@type":"CommentAction","name":"Comment","target":["https:\/\/szekacske.hu\/new\/2023\/05\/03\/szivacskezilabdas-jateknap-tiszafoldvaron\/#respond"]}]},{"@type":"WebPage","@id":"https:\/\/szekacske.hu\/new\/2023\/05\/03\/szivacskezilabdas-jateknap-tiszafoldvaron\/","url":"https:\/\/szekacske.hu\/new\/2023\/05\/03\/szivacskezilabdas-jateknap-tiszafoldvaron\/","name":"Szivacsk\u00e9zilabd\u00e1s j\u00e1t\u00e9knap Tiszaf\u00f6ldv\u00e1ron - Sz\u00e9k\u00e1cs KE","isPartOf":{"@id":"https:\/\/szekacske.hu\/new\/#website"},"primaryImageOfPage":{"@id":"https:\/\/szekacske.hu\/new\/2023\/05\/03\/szivacskezilabdas-jateknap-tiszafoldvaron\/#primaryimage"},"image":{"@id":"https:\/\/szekacske.hu\/new\/2023\/05\/03\/szivacskezilabdas-jateknap-tiszafoldvaron\/#primaryimage"},"thumbnailUrl":"https:\/\/szekacske.hu\/new\/wp-content\/uploads\/2023\/05\/image_50397185-scaled-e1683211455795-300x164.jpg","datePublished":"2023-05-03T14:18:28+00:00","dateModified":"2023-05-04T15:05:43+00:00","author":{"@id":"https:\/\/szekacske.hu\/new\/#\/schema\/person\/1b98dcad88a429be1d6d889d1ceff05c"},"breadcrumb":{"@id":"https:\/\/szekacske.hu\/new\/2023\/05\/03\/szivacskezilabdas-jateknap-tiszafoldvaron\/#breadcrumb"},"inLanguage":"hu","potentialAction":[{"@type":"ReadAction","target":["https:\/\/szekacske.hu\/new\/2023\/05\/03\/szivacskezilabdas-jateknap-tiszafoldvaron\/"]}]},{"@type":"ImageObject","inLanguage":"hu","@id":"https:\/\/szekacske.hu\/new\/2023\/05\/03\/szivacskezilabdas-jateknap-tiszafoldvaron\/#primaryimage","url":"https:\/\/szekacske.hu\/new\/wp-content\/uploads\/2023\/05\/image_50397185-scaled-e1683211455795.jpg","contentUrl":"https:\/\/szekacske.hu\/new\/wp-content\/uploads\/2023\/05\/image_50397185-scaled-e1683211455795.jpg","width":2265,"height":1241},{"@type":"BreadcrumbList","@id":"https:\/\/szekacske.hu\/new\/2023\/05\/03\/szivacskezilabdas-jateknap-tiszafoldvaron\/#breadcrumb","itemListElement":[{"@type":"ListItem","position":1,"name":"Kezd\u0151lap","item":"https:\/\/szekacske.hu\/new\/"},{"@type":"ListItem","position":2,"name":"Szivacsk\u00e9zilabd\u00e1s j\u00e1t\u00e9knap Tiszaf\u00f6ldv\u00e1ron"}]},{"@type":"WebSite","@id":"https:\/\/szekacske.hu\/new\/#website","url":"https:\/\/szekacske.hu\/new\/","name":"Sz\u00e9k\u00e1cs KE","description":"T\u00f6r\u00f6kszentmikl\u00f3si Sz\u00e9k\u00e1cs KE hivatalos honlapja","potentialAction":[{"@type":"SearchAction","target":{"@type":"EntryPoint","urlTemplate":"https:\/\/szekacske.hu\/new\/?s={search_term_string}"},"query-input":{"@type":"PropertyValueSpecification","valueRequired":true,"valueName":"search_term_string"}}],"inLanguage":"hu"},{"@type":"Person","@id":"https:\/\/szekacske.hu\/new\/#\/schema\/person\/1b98dcad88a429be1d6d889d1ceff05c","name":"Hudu Csaba","image":{"@type":"ImageObject","inLanguage":"hu","@id":"https:\/\/secure.gravatar.com\/avatar\/eed0dafe15853c848fa7aa47475b14c1975c1fdb204811bb8c23c2cc7e066847?s=96&d=mm&r=g","url":"https:\/\/secure.gravatar.com\/avatar\/eed0dafe15853c848fa7aa47475b14c1975c1fdb204811bb8c23c2cc7e066847?s=96&d=mm&r=g","contentUrl":"https:\/\/secure.gravatar.com\/avatar\/eed0dafe15853c848fa7aa47475b14c1975c1fdb204811bb8c23c2cc7e066847?s=96&d=mm&r=g","caption":"Hudu Csaba"},"url":"https:\/\/szekacske.hu\/new\/author\/hcsaba\/"}]}},"_links":{"self":[{"href":"https:\/\/szekacske.hu\/new\/wp-json\/wp\/v2\/posts\/1810","targetHints":{"allow":["GET"]}}],"collection":[{"href":"https:\/\/szekacske.hu\/new\/wp-json\/wp\/v2\/posts"}],"about":[{"href":"https:\/\/szekacske.hu\/new\/wp-json\/wp\/v2\/types\/post"}],"author":[{"embeddable":true,"href":"https:\/\/szekacske.hu\/new\/wp-json\/wp\/v2\/users\/3"}],"replies":[{"embeddable":true,"href":"https:\/\/szekacske.hu\/new\/wp-json\/wp\/v2\/comments?post=1810"}],"version-history":[{"count":8,"href":"https:\/\/szekacske.hu\/new\/wp-json\/wp\/v2\/posts\/1810\/revisions"}],"predecessor-version":[{"id":1828,"href":"https:\/\/szekacske.hu\/new\/wp-json\/wp\/v2\/posts\/1810\/revisions\/1828"}],"wp:attachment":[{"href":"https:\/\/szekacske.hu\/new\/wp-json\/wp\/v2\/media?parent=1810"}],"wp:term":[{"taxonomy":"category","embeddable":true,"href":"https:\/\/szekacske.hu\/new\/wp-json\/wp\/v2\/categories?post=1810"},{"taxonomy":"post_tag","embeddable":true,"href":"https:\/\/szekacske.hu\/new\/wp-json\/wp\/v2\/tags?post=1810"}],"curies":[{"name":"wp","href":"https:\/\/api.w.org\/{rel}","templated":true}]}}