{"id":1789,"date":"2023-04-18T17:04:43","date_gmt":"2023-04-18T15:04:43","guid":{"rendered":"https:\/\/szekacske.hu\/new\/?p=1789"},"modified":"2023-04-26T17:06:02","modified_gmt":"2023-04-26T15:06:02","slug":"lu11-van-mire-epitkezni","status":"publish","type":"post","link":"https:\/\/szekacske.hu\/new\/2023\/04\/18\/lu11-van-mire-epitkezni\/","title":{"rendered":"LU11 &#8211; Van mire \u00e9p\u00edtkezni"},"content":{"rendered":"<p><strong>U11-es l\u00e1ny csapatunk 2023.04.16-\u00e1n Tiszak\u00e9csk\u00e9n szerepelt a bajnoks\u00e1g VII. fordul\u00f3j\u00e1ban, ahol az ENUSE I \u00e9s a Lajosmizse Fekete Istv\u00e1n ISE volt az ellenfel\u00fcnk.<\/strong><\/p>\n<p><a href=\"https:\/\/szekacske.hu\/new\/wp-content\/uploads\/2023\/04\/image_50740481-scaled-e1682521328270.jpg\"><img loading=\"lazy\" decoding=\"async\" class=\"alignnone wp-image-1790\" src=\"https:\/\/szekacske.hu\/new\/wp-content\/uploads\/2023\/04\/image_50740481-scaled-e1682521328270-300x176.jpg\" alt=\"\" width=\"1024\" height=\"601\" srcset=\"https:\/\/szekacske.hu\/new\/wp-content\/uploads\/2023\/04\/image_50740481-scaled-e1682521328270-300x176.jpg 300w, https:\/\/szekacske.hu\/new\/wp-content\/uploads\/2023\/04\/image_50740481-scaled-e1682521328270-1024x601.jpg 1024w, https:\/\/szekacske.hu\/new\/wp-content\/uploads\/2023\/04\/image_50740481-scaled-e1682521328270-150x88.jpg 150w, https:\/\/szekacske.hu\/new\/wp-content\/uploads\/2023\/04\/image_50740481-scaled-e1682521328270-768x451.jpg 768w, https:\/\/szekacske.hu\/new\/wp-content\/uploads\/2023\/04\/image_50740481-scaled-e1682521328270-1536x902.jpg 1536w, https:\/\/szekacske.hu\/new\/wp-content\/uploads\/2023\/04\/image_50740481-scaled-e1682521328270-2048x1202.jpg 2048w, https:\/\/szekacske.hu\/new\/wp-content\/uploads\/2023\/04\/image_50740481-scaled-e1682521328270-128x75.jpg 128w, https:\/\/szekacske.hu\/new\/wp-content\/uploads\/2023\/04\/image_50740481-scaled-e1682521328270-32x19.jpg 32w\" sizes=\"auto, (max-width: 1024px) 100vw, 1024px\" \/><\/a><\/p>\n<blockquote><p>G\u00f6bly\u00f6s Tibor edz\u0151: Az el\u0151z\u0151 hetek sikeres U10-es \u00e9s U12-es fordul\u00f3ja ut\u00e1n mindenki v\u00e1rta a j\u00e1t\u00e9knapot, hogy mire is lesz\u00fcnk k\u00e9pesek az U11-es koroszt\u00e1lyban! A l\u00e1nyokon \u00e9rezhet\u0151 volt az \u00f6lt\u00f6z\u0151ben, hogy nagyon akarnak bizony\u00edtani, de a p\u00e1ly\u00e1n g\u00f6rcs\u00f6sen kezdt\u00fcnk, nem \u00fagy alakultak a dolgok ahogy azt szerettem volna! V\u00e9dekez\u00e9sben sokkal jobbak voltunk mint el\u0151z\u0151leg, b\u00e1tran felv\u00e1llaltuk az \u00fctk\u00f6z\u00e9seket. A t\u00e1mad\u00e1sok sor\u00e1n volt m\u00e9g hi\u00e1ny\u00e9rzetem, mivel ha csak a 100%-os helyzeteinket g\u00f3lra v\u00e1ltjuk, akkor m\u00e1r t\u00f6bb g\u00f3lt szerezt\u00fcnk volna az ellenfelekn\u00e9l! Az biztos, hogy a csapat egys\u00e9g nagyon j\u00f3, van mire \u00e9p\u00edtkezni a tov\u00e1bbiakban! Gratul\u00e1lok a l\u00e1nyoknak!<\/p><\/blockquote>\n<p><a href=\"https:\/\/szekacske.hu\/new\/wp-content\/uploads\/2023\/04\/image_50439425-scaled-e1682521388739.jpg\"><img loading=\"lazy\" decoding=\"async\" class=\"alignnone wp-image-1791\" src=\"https:\/\/szekacske.hu\/new\/wp-content\/uploads\/2023\/04\/image_50439425-scaled-e1682521388739-300x191.jpg\" alt=\"\" width=\"1024\" height=\"651\" srcset=\"https:\/\/szekacske.hu\/new\/wp-content\/uploads\/2023\/04\/image_50439425-scaled-e1682521388739-300x191.jpg 300w, https:\/\/szekacske.hu\/new\/wp-content\/uploads\/2023\/04\/image_50439425-scaled-e1682521388739-1024x651.jpg 1024w, https:\/\/szekacske.hu\/new\/wp-content\/uploads\/2023\/04\/image_50439425-scaled-e1682521388739-150x95.jpg 150w, https:\/\/szekacske.hu\/new\/wp-content\/uploads\/2023\/04\/image_50439425-scaled-e1682521388739-768x488.jpg 768w, https:\/\/szekacske.hu\/new\/wp-content\/uploads\/2023\/04\/image_50439425-scaled-e1682521388739-1536x976.jpg 1536w, https:\/\/szekacske.hu\/new\/wp-content\/uploads\/2023\/04\/image_50439425-scaled-e1682521388739-128x81.jpg 128w, https:\/\/szekacske.hu\/new\/wp-content\/uploads\/2023\/04\/image_50439425-scaled-e1682521388739-32x20.jpg 32w, https:\/\/szekacske.hu\/new\/wp-content\/uploads\/2023\/04\/image_50439425-scaled-e1682521388739.jpg 1843w\" sizes=\"auto, (max-width: 1024px) 100vw, 1024px\" \/><\/a><\/p>\n","protected":false},"excerpt":{"rendered":"<p>U11-es l\u00e1ny csapatunk 2023.04.16-\u00e1n Tiszak\u00e9csk\u00e9n szerepelt a bajnoks\u00e1g VII. fordul\u00f3j\u00e1ban, ahol az ENUSE I \u00e9s a Lajosmizse Fekete Istv\u00e1n ISE volt az ellenfel\u00fcnk. G\u00f6bly\u00f6s Tibor edz\u0151: Az el\u0151z\u0151 hetek sikeres U10-es \u00e9s U12-es fordul\u00f3ja ut\u00e1n mindenki v\u00e1rta a j\u00e1t\u00e9knapot, hogy mire is lesz\u00fcnk k\u00e9pesek az U11-es koroszt\u00e1lyban! A l\u00e1nyokon \u00e9rezhet\u0151 volt az \u00f6lt\u00f6z\u0151ben, hogy nagyon [&hellip;]<\/p>\n","protected":false},"author":3,"featured_media":0,"comment_status":"open","ping_status":"open","sticky":false,"template":"","format":"standard","meta":{"footnotes":""},"categories":[1],"tags":[100],"class_list":["post-1789","post","type-post","status-publish","format-standard","hentry","category-egyeb","tag-lu11"],"yoast_head":"<!-- This site is optimized with the Yoast SEO plugin v27.5 - https:\/\/yoast.com\/product\/yoast-seo-wordpress\/ -->\n<title>LU11 - Van mire \u00e9p\u00edtkezni - Sz\u00e9k\u00e1cs KE<\/title>\n<meta name=\"robots\" content=\"index, follow, max-snippet:-1, max-image-preview:large, max-video-preview:-1\" \/>\n<link rel=\"canonical\" href=\"https:\/\/szekacske.hu\/new\/2023\/04\/18\/lu11-van-mire-epitkezni\/\" \/>\n<meta property=\"og:locale\" content=\"hu_HU\" \/>\n<meta property=\"og:type\" content=\"article\" \/>\n<meta property=\"og:title\" content=\"LU11 - Van mire \u00e9p\u00edtkezni - Sz\u00e9k\u00e1cs KE\" \/>\n<meta property=\"og:description\" content=\"U11-es l\u00e1ny csapatunk 2023.04.16-\u00e1n Tiszak\u00e9csk\u00e9n szerepelt a bajnoks\u00e1g VII. fordul\u00f3j\u00e1ban, ahol az ENUSE I \u00e9s a Lajosmizse Fekete Istv\u00e1n ISE volt az ellenfel\u00fcnk. G\u00f6bly\u00f6s Tibor edz\u0151: Az el\u0151z\u0151 hetek sikeres U10-es \u00e9s U12-es fordul\u00f3ja ut\u00e1n mindenki v\u00e1rta a j\u00e1t\u00e9knapot, hogy mire is lesz\u00fcnk k\u00e9pesek az U11-es koroszt\u00e1lyban! A l\u00e1nyokon \u00e9rezhet\u0151 volt az \u00f6lt\u00f6z\u0151ben, hogy nagyon [&hellip;]\" \/>\n<meta property=\"og:url\" content=\"https:\/\/szekacske.hu\/new\/2023\/04\/18\/lu11-van-mire-epitkezni\/\" \/>\n<meta property=\"og:site_name\" content=\"Sz\u00e9k\u00e1cs KE\" \/>\n<meta property=\"article:published_time\" content=\"2023-04-18T15:04:43+00:00\" \/>\n<meta property=\"article:modified_time\" content=\"2023-04-26T15:06:02+00:00\" \/>\n<meta property=\"og:image\" content=\"https:\/\/szekacske.hu\/new\/wp-content\/uploads\/2023\/04\/image_50740481-scaled-e1682521328270.jpg\" \/>\n\t<meta property=\"og:image:width\" content=\"2092\" \/>\n\t<meta property=\"og:image:height\" content=\"1228\" \/>\n\t<meta property=\"og:image:type\" content=\"image\/jpeg\" \/>\n<meta name=\"author\" content=\"Hudu Csaba\" \/>\n<meta name=\"twitter:card\" content=\"summary_large_image\" \/>\n<meta name=\"twitter:label1\" content=\"Szerz\u0151:\" \/>\n\t<meta name=\"twitter:data1\" content=\"Hudu Csaba\" \/>\n\t<meta name=\"twitter:label2\" content=\"Becs\u00fclt olvas\u00e1si id\u0151\" \/>\n\t<meta name=\"twitter:data2\" content=\"2 perc\" \/>\n<script type=\"application\/ld+json\" class=\"yoast-schema-graph\">{\"@context\":\"https:\\\/\\\/schema.org\",\"@graph\":[{\"@type\":\"Article\",\"@id\":\"https:\\\/\\\/szekacske.hu\\\/new\\\/2023\\\/04\\\/18\\\/lu11-van-mire-epitkezni\\\/#article\",\"isPartOf\":{\"@id\":\"https:\\\/\\\/szekacske.hu\\\/new\\\/2023\\\/04\\\/18\\\/lu11-van-mire-epitkezni\\\/\"},\"author\":{\"name\":\"Hudu Csaba\",\"@id\":\"https:\\\/\\\/szekacske.hu\\\/new\\\/#\\\/schema\\\/person\\\/1b98dcad88a429be1d6d889d1ceff05c\"},\"headline\":\"LU11 &#8211; Van mire \u00e9p\u00edtkezni\",\"datePublished\":\"2023-04-18T15:04:43+00:00\",\"dateModified\":\"2023-04-26T15:06:02+00:00\",\"mainEntityOfPage\":{\"@id\":\"https:\\\/\\\/szekacske.hu\\\/new\\\/2023\\\/04\\\/18\\\/lu11-van-mire-epitkezni\\\/\"},\"wordCount\":184,\"commentCount\":0,\"image\":{\"@id\":\"https:\\\/\\\/szekacske.hu\\\/new\\\/2023\\\/04\\\/18\\\/lu11-van-mire-epitkezni\\\/#primaryimage\"},\"thumbnailUrl\":\"https:\\\/\\\/szekacske.hu\\\/new\\\/wp-content\\\/uploads\\\/2023\\\/04\\\/image_50740481-scaled-e1682521328270-300x176.jpg\",\"keywords\":[\"LU11\"],\"articleSection\":[\"Egy\u00e9b kateg\u00f3ria\"],\"inLanguage\":\"hu\",\"potentialAction\":[{\"@type\":\"CommentAction\",\"name\":\"Comment\",\"target\":[\"https:\\\/\\\/szekacske.hu\\\/new\\\/2023\\\/04\\\/18\\\/lu11-van-mire-epitkezni\\\/#respond\"]}]},{\"@type\":\"WebPage\",\"@id\":\"https:\\\/\\\/szekacske.hu\\\/new\\\/2023\\\/04\\\/18\\\/lu11-van-mire-epitkezni\\\/\",\"url\":\"https:\\\/\\\/szekacske.hu\\\/new\\\/2023\\\/04\\\/18\\\/lu11-van-mire-epitkezni\\\/\",\"name\":\"LU11 - Van mire \u00e9p\u00edtkezni - Sz\u00e9k\u00e1cs KE\",\"isPartOf\":{\"@id\":\"https:\\\/\\\/szekacske.hu\\\/new\\\/#website\"},\"primaryImageOfPage\":{\"@id\":\"https:\\\/\\\/szekacske.hu\\\/new\\\/2023\\\/04\\\/18\\\/lu11-van-mire-epitkezni\\\/#primaryimage\"},\"image\":{\"@id\":\"https:\\\/\\\/szekacske.hu\\\/new\\\/2023\\\/04\\\/18\\\/lu11-van-mire-epitkezni\\\/#primaryimage\"},\"thumbnailUrl\":\"https:\\\/\\\/szekacske.hu\\\/new\\\/wp-content\\\/uploads\\\/2023\\\/04\\\/image_50740481-scaled-e1682521328270-300x176.jpg\",\"datePublished\":\"2023-04-18T15:04:43+00:00\",\"dateModified\":\"2023-04-26T15:06:02+00:00\",\"author\":{\"@id\":\"https:\\\/\\\/szekacske.hu\\\/new\\\/#\\\/schema\\\/person\\\/1b98dcad88a429be1d6d889d1ceff05c\"},\"breadcrumb\":{\"@id\":\"https:\\\/\\\/szekacske.hu\\\/new\\\/2023\\\/04\\\/18\\\/lu11-van-mire-epitkezni\\\/#breadcrumb\"},\"inLanguage\":\"hu\",\"potentialAction\":[{\"@type\":\"ReadAction\",\"target\":[\"https:\\\/\\\/szekacske.hu\\\/new\\\/2023\\\/04\\\/18\\\/lu11-van-mire-epitkezni\\\/\"]}]},{\"@type\":\"ImageObject\",\"inLanguage\":\"hu\",\"@id\":\"https:\\\/\\\/szekacske.hu\\\/new\\\/2023\\\/04\\\/18\\\/lu11-van-mire-epitkezni\\\/#primaryimage\",\"url\":\"https:\\\/\\\/szekacske.hu\\\/new\\\/wp-content\\\/uploads\\\/2023\\\/04\\\/image_50740481-scaled-e1682521328270.jpg\",\"contentUrl\":\"https:\\\/\\\/szekacske.hu\\\/new\\\/wp-content\\\/uploads\\\/2023\\\/04\\\/image_50740481-scaled-e1682521328270.jpg\",\"width\":2092,\"height\":1228},{\"@type\":\"BreadcrumbList\",\"@id\":\"https:\\\/\\\/szekacske.hu\\\/new\\\/2023\\\/04\\\/18\\\/lu11-van-mire-epitkezni\\\/#breadcrumb\",\"itemListElement\":[{\"@type\":\"ListItem\",\"position\":1,\"name\":\"Kezd\u0151lap\",\"item\":\"https:\\\/\\\/szekacske.hu\\\/new\\\/\"},{\"@type\":\"ListItem\",\"position\":2,\"name\":\"LU11 &#8211; Van mire \u00e9p\u00edtkezni\"}]},{\"@type\":\"WebSite\",\"@id\":\"https:\\\/\\\/szekacske.hu\\\/new\\\/#website\",\"url\":\"https:\\\/\\\/szekacske.hu\\\/new\\\/\",\"name\":\"Sz\u00e9k\u00e1cs KE\",\"description\":\"T\u00f6r\u00f6kszentmikl\u00f3si Sz\u00e9k\u00e1cs KE hivatalos honlapja\",\"potentialAction\":[{\"@type\":\"SearchAction\",\"target\":{\"@type\":\"EntryPoint\",\"urlTemplate\":\"https:\\\/\\\/szekacske.hu\\\/new\\\/?s={search_term_string}\"},\"query-input\":{\"@type\":\"PropertyValueSpecification\",\"valueRequired\":true,\"valueName\":\"search_term_string\"}}],\"inLanguage\":\"hu\"},{\"@type\":\"Person\",\"@id\":\"https:\\\/\\\/szekacske.hu\\\/new\\\/#\\\/schema\\\/person\\\/1b98dcad88a429be1d6d889d1ceff05c\",\"name\":\"Hudu Csaba\",\"image\":{\"@type\":\"ImageObject\",\"inLanguage\":\"hu\",\"@id\":\"https:\\\/\\\/secure.gravatar.com\\\/avatar\\\/eed0dafe15853c848fa7aa47475b14c1975c1fdb204811bb8c23c2cc7e066847?s=96&d=mm&r=g\",\"url\":\"https:\\\/\\\/secure.gravatar.com\\\/avatar\\\/eed0dafe15853c848fa7aa47475b14c1975c1fdb204811bb8c23c2cc7e066847?s=96&d=mm&r=g\",\"contentUrl\":\"https:\\\/\\\/secure.gravatar.com\\\/avatar\\\/eed0dafe15853c848fa7aa47475b14c1975c1fdb204811bb8c23c2cc7e066847?s=96&d=mm&r=g\",\"caption\":\"Hudu Csaba\"},\"url\":\"https:\\\/\\\/szekacske.hu\\\/new\\\/author\\\/hcsaba\\\/\"}]}<\/script>\n<!-- \/ Yoast SEO plugin. -->","yoast_head_json":{"title":"LU11 - Van mire \u00e9p\u00edtkezni - Sz\u00e9k\u00e1cs KE","robots":{"index":"index","follow":"follow","max-snippet":"max-snippet:-1","max-image-preview":"max-image-preview:large","max-video-preview":"max-video-preview:-1"},"canonical":"https:\/\/szekacske.hu\/new\/2023\/04\/18\/lu11-van-mire-epitkezni\/","og_locale":"hu_HU","og_type":"article","og_title":"LU11 - Van mire \u00e9p\u00edtkezni - Sz\u00e9k\u00e1cs KE","og_description":"U11-es l\u00e1ny csapatunk 2023.04.16-\u00e1n Tiszak\u00e9csk\u00e9n szerepelt a bajnoks\u00e1g VII. fordul\u00f3j\u00e1ban, ahol az ENUSE I \u00e9s a Lajosmizse Fekete Istv\u00e1n ISE volt az ellenfel\u00fcnk. G\u00f6bly\u00f6s Tibor edz\u0151: Az el\u0151z\u0151 hetek sikeres U10-es \u00e9s U12-es fordul\u00f3ja ut\u00e1n mindenki v\u00e1rta a j\u00e1t\u00e9knapot, hogy mire is lesz\u00fcnk k\u00e9pesek az U11-es koroszt\u00e1lyban! A l\u00e1nyokon \u00e9rezhet\u0151 volt az \u00f6lt\u00f6z\u0151ben, hogy nagyon [&hellip;]","og_url":"https:\/\/szekacske.hu\/new\/2023\/04\/18\/lu11-van-mire-epitkezni\/","og_site_name":"Sz\u00e9k\u00e1cs KE","article_published_time":"2023-04-18T15:04:43+00:00","article_modified_time":"2023-04-26T15:06:02+00:00","og_image":[{"width":2092,"height":1228,"url":"https:\/\/szekacske.hu\/new\/wp-content\/uploads\/2023\/04\/image_50740481-scaled-e1682521328270.jpg","type":"image\/jpeg"}],"author":"Hudu Csaba","twitter_card":"summary_large_image","twitter_misc":{"Szerz\u0151:":"Hudu Csaba","Becs\u00fclt olvas\u00e1si id\u0151":"2 perc"},"schema":{"@context":"https:\/\/schema.org","@graph":[{"@type":"Article","@id":"https:\/\/szekacske.hu\/new\/2023\/04\/18\/lu11-van-mire-epitkezni\/#article","isPartOf":{"@id":"https:\/\/szekacske.hu\/new\/2023\/04\/18\/lu11-van-mire-epitkezni\/"},"author":{"name":"Hudu Csaba","@id":"https:\/\/szekacske.hu\/new\/#\/schema\/person\/1b98dcad88a429be1d6d889d1ceff05c"},"headline":"LU11 &#8211; Van mire \u00e9p\u00edtkezni","datePublished":"2023-04-18T15:04:43+00:00","dateModified":"2023-04-26T15:06:02+00:00","mainEntityOfPage":{"@id":"https:\/\/szekacske.hu\/new\/2023\/04\/18\/lu11-van-mire-epitkezni\/"},"wordCount":184,"commentCount":0,"image":{"@id":"https:\/\/szekacske.hu\/new\/2023\/04\/18\/lu11-van-mire-epitkezni\/#primaryimage"},"thumbnailUrl":"https:\/\/szekacske.hu\/new\/wp-content\/uploads\/2023\/04\/image_50740481-scaled-e1682521328270-300x176.jpg","keywords":["LU11"],"articleSection":["Egy\u00e9b kateg\u00f3ria"],"inLanguage":"hu","potentialAction":[{"@type":"CommentAction","name":"Comment","target":["https:\/\/szekacske.hu\/new\/2023\/04\/18\/lu11-van-mire-epitkezni\/#respond"]}]},{"@type":"WebPage","@id":"https:\/\/szekacske.hu\/new\/2023\/04\/18\/lu11-van-mire-epitkezni\/","url":"https:\/\/szekacske.hu\/new\/2023\/04\/18\/lu11-van-mire-epitkezni\/","name":"LU11 - Van mire \u00e9p\u00edtkezni - Sz\u00e9k\u00e1cs KE","isPartOf":{"@id":"https:\/\/szekacske.hu\/new\/#website"},"primaryImageOfPage":{"@id":"https:\/\/szekacske.hu\/new\/2023\/04\/18\/lu11-van-mire-epitkezni\/#primaryimage"},"image":{"@id":"https:\/\/szekacske.hu\/new\/2023\/04\/18\/lu11-van-mire-epitkezni\/#primaryimage"},"thumbnailUrl":"https:\/\/szekacske.hu\/new\/wp-content\/uploads\/2023\/04\/image_50740481-scaled-e1682521328270-300x176.jpg","datePublished":"2023-04-18T15:04:43+00:00","dateModified":"2023-04-26T15:06:02+00:00","author":{"@id":"https:\/\/szekacske.hu\/new\/#\/schema\/person\/1b98dcad88a429be1d6d889d1ceff05c"},"breadcrumb":{"@id":"https:\/\/szekacske.hu\/new\/2023\/04\/18\/lu11-van-mire-epitkezni\/#breadcrumb"},"inLanguage":"hu","potentialAction":[{"@type":"ReadAction","target":["https:\/\/szekacske.hu\/new\/2023\/04\/18\/lu11-van-mire-epitkezni\/"]}]},{"@type":"ImageObject","inLanguage":"hu","@id":"https:\/\/szekacske.hu\/new\/2023\/04\/18\/lu11-van-mire-epitkezni\/#primaryimage","url":"https:\/\/szekacske.hu\/new\/wp-content\/uploads\/2023\/04\/image_50740481-scaled-e1682521328270.jpg","contentUrl":"https:\/\/szekacske.hu\/new\/wp-content\/uploads\/2023\/04\/image_50740481-scaled-e1682521328270.jpg","width":2092,"height":1228},{"@type":"BreadcrumbList","@id":"https:\/\/szekacske.hu\/new\/2023\/04\/18\/lu11-van-mire-epitkezni\/#breadcrumb","itemListElement":[{"@type":"ListItem","position":1,"name":"Kezd\u0151lap","item":"https:\/\/szekacske.hu\/new\/"},{"@type":"ListItem","position":2,"name":"LU11 &#8211; Van mire \u00e9p\u00edtkezni"}]},{"@type":"WebSite","@id":"https:\/\/szekacske.hu\/new\/#website","url":"https:\/\/szekacske.hu\/new\/","name":"Sz\u00e9k\u00e1cs KE","description":"T\u00f6r\u00f6kszentmikl\u00f3si Sz\u00e9k\u00e1cs KE hivatalos honlapja","potentialAction":[{"@type":"SearchAction","target":{"@type":"EntryPoint","urlTemplate":"https:\/\/szekacske.hu\/new\/?s={search_term_string}"},"query-input":{"@type":"PropertyValueSpecification","valueRequired":true,"valueName":"search_term_string"}}],"inLanguage":"hu"},{"@type":"Person","@id":"https:\/\/szekacske.hu\/new\/#\/schema\/person\/1b98dcad88a429be1d6d889d1ceff05c","name":"Hudu Csaba","image":{"@type":"ImageObject","inLanguage":"hu","@id":"https:\/\/secure.gravatar.com\/avatar\/eed0dafe15853c848fa7aa47475b14c1975c1fdb204811bb8c23c2cc7e066847?s=96&d=mm&r=g","url":"https:\/\/secure.gravatar.com\/avatar\/eed0dafe15853c848fa7aa47475b14c1975c1fdb204811bb8c23c2cc7e066847?s=96&d=mm&r=g","contentUrl":"https:\/\/secure.gravatar.com\/avatar\/eed0dafe15853c848fa7aa47475b14c1975c1fdb204811bb8c23c2cc7e066847?s=96&d=mm&r=g","caption":"Hudu Csaba"},"url":"https:\/\/szekacske.hu\/new\/author\/hcsaba\/"}]}},"_links":{"self":[{"href":"https:\/\/szekacske.hu\/new\/wp-json\/wp\/v2\/posts\/1789","targetHints":{"allow":["GET"]}}],"collection":[{"href":"https:\/\/szekacske.hu\/new\/wp-json\/wp\/v2\/posts"}],"about":[{"href":"https:\/\/szekacske.hu\/new\/wp-json\/wp\/v2\/types\/post"}],"author":[{"embeddable":true,"href":"https:\/\/szekacske.hu\/new\/wp-json\/wp\/v2\/users\/3"}],"replies":[{"embeddable":true,"href":"https:\/\/szekacske.hu\/new\/wp-json\/wp\/v2\/comments?post=1789"}],"version-history":[{"count":1,"href":"https:\/\/szekacske.hu\/new\/wp-json\/wp\/v2\/posts\/1789\/revisions"}],"predecessor-version":[{"id":1792,"href":"https:\/\/szekacske.hu\/new\/wp-json\/wp\/v2\/posts\/1789\/revisions\/1792"}],"wp:attachment":[{"href":"https:\/\/szekacske.hu\/new\/wp-json\/wp\/v2\/media?parent=1789"}],"wp:term":[{"taxonomy":"category","embeddable":true,"href":"https:\/\/szekacske.hu\/new\/wp-json\/wp\/v2\/categories?post=1789"},{"taxonomy":"post_tag","embeddable":true,"href":"https:\/\/szekacske.hu\/new\/wp-json\/wp\/v2\/tags?post=1789"}],"curies":[{"name":"wp","href":"https:\/\/api.w.org\/{rel}","templated":true}]}}