{"id":1743,"date":"2023-04-20T13:18:40","date_gmt":"2023-04-20T11:18:40","guid":{"rendered":"https:\/\/szekacske.hu\/new\/?p=1743"},"modified":"2023-05-15T11:15:22","modified_gmt":"2023-05-15T09:15:22","slug":"nbii-elso-vereseg","status":"publish","type":"post","link":"https:\/\/szekacske.hu\/new\/2023\/04\/20\/nbii-elso-vereseg\/","title":{"rendered":"NBII &#8211; Els\u0151 veres\u00e9g"},"content":{"rendered":"<p><strong>Igazi rangad\u00f3ra utazott a feln\u0151tt csapat Mez\u0151t\u00farra. A m\u00e1sodik helyezett otthon\u00e1ban telt h\u00e1z \u00e9s j\u00f3 hangulat uralkodott.<\/strong><\/p>\n<p><a href=\"https:\/\/szekacske.hu\/new\/wp-content\/uploads\/2023\/04\/mezotur-szekacs-cikkbe.jpg\"><img loading=\"lazy\" decoding=\"async\" class=\"alignnone wp-image-1840\" src=\"https:\/\/szekacske.hu\/new\/wp-content\/uploads\/2023\/04\/mezotur-szekacs-cikkbe-300x157.jpg\" alt=\"\" width=\"1024\" height=\"536\" srcset=\"https:\/\/szekacske.hu\/new\/wp-content\/uploads\/2023\/04\/mezotur-szekacs-cikkbe-300x157.jpg 300w, https:\/\/szekacske.hu\/new\/wp-content\/uploads\/2023\/04\/mezotur-szekacs-cikkbe-1024x536.jpg 1024w, https:\/\/szekacske.hu\/new\/wp-content\/uploads\/2023\/04\/mezotur-szekacs-cikkbe-150x79.jpg 150w, https:\/\/szekacske.hu\/new\/wp-content\/uploads\/2023\/04\/mezotur-szekacs-cikkbe-768x402.jpg 768w, https:\/\/szekacske.hu\/new\/wp-content\/uploads\/2023\/04\/mezotur-szekacs-cikkbe-1536x804.jpg 1536w, https:\/\/szekacske.hu\/new\/wp-content\/uploads\/2023\/04\/mezotur-szekacs-cikkbe-128x67.jpg 128w, https:\/\/szekacske.hu\/new\/wp-content\/uploads\/2023\/04\/mezotur-szekacs-cikkbe-32x17.jpg 32w, https:\/\/szekacske.hu\/new\/wp-content\/uploads\/2023\/04\/mezotur-szekacs-cikkbe.jpg 2048w\" sizes=\"auto, (max-width: 1024px) 100vw, 1024px\" \/><\/a><!--more--><\/p>\n<p>Az elej\u00e9n a Mez\u0151t\u00far csapata domin\u00e1lt, de siker\u00fclt a sorokat rendezni. N\u00e9h\u00e1ny furcsa j\u00e1t\u00e9kvezet\u0151i \u00edt\u00e9let borzolta a ked\u00e9lyeket. T\u00e1mad\u00e1sban kicsit lassan j\u00e1tszottunk, de ennek ellen\u00e9re az ellenf\u00e9l nyak\u00e1n voltunk. A f\u00e9lid\u0151re k\u00e9tg\u00f3los h\u00e1tr\u00e1nyt szedt\u00fcnk \u00f6ssze. A m\u00e1sodik j\u00e1t\u00e9kr\u00e9szben a ki\u00e1ll\u00edt\u00e1sok miatt nem tudtunk fel\u00e1llt fal ellen sokat j\u00e1tszani. V\u00e9dekez\u00e9s\u00fcnknek k\u00f6sz\u00f6nhet\u0151en ford\u00edtani siker\u00fclt. sajnos Zsigmond Gerg\u0151 \u00e9rthetetlen ki\u00e1ll\u00edt\u00e1sa neh\u00e9z helyzetbe hozta a sr\u00e1cokat, amit a Mez\u0151t\u00far ki is haszn\u00e1lt. A m\u00e9rk\u0151z\u00e9s befejez\u00e9sekor k\u00e9t g\u00f3llal maradtunk alul.<\/p>\n<blockquote><p>Szloska Kriszti\u00e1n edz\u0151: Az eleje nem tetszett. Ut\u00e1na viszont pr\u00f3b\u00e1ltunk k\u00e9zilabd\u00e1zni. A megbesz\u00e9lt v\u00e9dekez\u00e9s j\u00f3l m\u0171k\u00f6d\u00f6tt, de a sz\u00e9lr\u0151l kapott g\u00f3lok miatt kapaszkodni kellett. A m\u00e1sodik f\u00e9lid\u0151ben ford\u00edtottunk, de egy\u00e9b k\u00fcls\u0151 k\u00f6r\u00fclm\u00e9nyek miatt a gy\u0151zelem elmaradt. Minden elismer\u00e9sem a fi\u00fak\u00e9.<\/p><\/blockquote>\n","protected":false},"excerpt":{"rendered":"<p>Igazi rangad\u00f3ra utazott a feln\u0151tt csapat Mez\u0151t\u00farra. A m\u00e1sodik helyezett otthon\u00e1ban telt h\u00e1z \u00e9s j\u00f3 hangulat uralkodott.<\/p>\n","protected":false},"author":3,"featured_media":0,"comment_status":"open","ping_status":"open","sticky":false,"template":"","format":"standard","meta":{"footnotes":""},"categories":[31,24],"tags":[48],"class_list":["post-1743","post","type-post","status-publish","format-standard","hentry","category-felnott","category-hirek","tag-nbii"],"yoast_head":"<!-- This site is optimized with the Yoast SEO plugin v27.5 - https:\/\/yoast.com\/product\/yoast-seo-wordpress\/ -->\n<title>NBII - Els\u0151 veres\u00e9g - Sz\u00e9k\u00e1cs KE<\/title>\n<meta name=\"robots\" content=\"index, follow, max-snippet:-1, max-image-preview:large, max-video-preview:-1\" \/>\n<link rel=\"canonical\" href=\"https:\/\/szekacske.hu\/new\/2023\/04\/20\/nbii-elso-vereseg\/\" \/>\n<meta property=\"og:locale\" content=\"hu_HU\" \/>\n<meta property=\"og:type\" content=\"article\" \/>\n<meta property=\"og:title\" content=\"NBII - Els\u0151 veres\u00e9g - Sz\u00e9k\u00e1cs KE\" \/>\n<meta property=\"og:description\" content=\"Igazi rangad\u00f3ra utazott a feln\u0151tt csapat Mez\u0151t\u00farra. A m\u00e1sodik helyezett otthon\u00e1ban telt h\u00e1z \u00e9s j\u00f3 hangulat uralkodott.\" \/>\n<meta property=\"og:url\" content=\"https:\/\/szekacske.hu\/new\/2023\/04\/20\/nbii-elso-vereseg\/\" \/>\n<meta property=\"og:site_name\" content=\"Sz\u00e9k\u00e1cs KE\" \/>\n<meta property=\"article:published_time\" content=\"2023-04-20T11:18:40+00:00\" \/>\n<meta property=\"article:modified_time\" content=\"2023-05-15T09:15:22+00:00\" \/>\n<meta property=\"og:image\" content=\"https:\/\/szekacske.hu\/new\/wp-content\/uploads\/2023\/04\/mezotur-szekacs-cikkbe.jpg\" \/>\n\t<meta property=\"og:image:width\" content=\"2048\" \/>\n\t<meta property=\"og:image:height\" content=\"1072\" \/>\n\t<meta property=\"og:image:type\" content=\"image\/jpeg\" \/>\n<meta name=\"author\" content=\"Hudu Csaba\" \/>\n<meta name=\"twitter:card\" content=\"summary_large_image\" \/>\n<meta name=\"twitter:label1\" content=\"Szerz\u0151:\" \/>\n\t<meta name=\"twitter:data1\" content=\"Hudu Csaba\" \/>\n\t<meta name=\"twitter:label2\" content=\"Becs\u00fclt olvas\u00e1si id\u0151\" \/>\n\t<meta name=\"twitter:data2\" content=\"1 perc\" \/>\n<script type=\"application\/ld+json\" class=\"yoast-schema-graph\">{\"@context\":\"https:\\\/\\\/schema.org\",\"@graph\":[{\"@type\":\"Article\",\"@id\":\"https:\\\/\\\/szekacske.hu\\\/new\\\/2023\\\/04\\\/20\\\/nbii-elso-vereseg\\\/#article\",\"isPartOf\":{\"@id\":\"https:\\\/\\\/szekacske.hu\\\/new\\\/2023\\\/04\\\/20\\\/nbii-elso-vereseg\\\/\"},\"author\":{\"name\":\"Hudu Csaba\",\"@id\":\"https:\\\/\\\/szekacske.hu\\\/new\\\/#\\\/schema\\\/person\\\/1b98dcad88a429be1d6d889d1ceff05c\"},\"headline\":\"NBII &#8211; Els\u0151 veres\u00e9g\",\"datePublished\":\"2023-04-20T11:18:40+00:00\",\"dateModified\":\"2023-05-15T09:15:22+00:00\",\"mainEntityOfPage\":{\"@id\":\"https:\\\/\\\/szekacske.hu\\\/new\\\/2023\\\/04\\\/20\\\/nbii-elso-vereseg\\\/\"},\"wordCount\":228,\"commentCount\":0,\"image\":{\"@id\":\"https:\\\/\\\/szekacske.hu\\\/new\\\/2023\\\/04\\\/20\\\/nbii-elso-vereseg\\\/#primaryimage\"},\"thumbnailUrl\":\"https:\\\/\\\/szekacske.hu\\\/new\\\/wp-content\\\/uploads\\\/2023\\\/04\\\/mezotur-szekacs-cikkbe-300x157.jpg\",\"keywords\":[\"NBII\"],\"articleSection\":[\"Feln\u0151tt\",\"H\u00edrek\"],\"inLanguage\":\"hu\",\"potentialAction\":[{\"@type\":\"CommentAction\",\"name\":\"Comment\",\"target\":[\"https:\\\/\\\/szekacske.hu\\\/new\\\/2023\\\/04\\\/20\\\/nbii-elso-vereseg\\\/#respond\"]}]},{\"@type\":\"WebPage\",\"@id\":\"https:\\\/\\\/szekacske.hu\\\/new\\\/2023\\\/04\\\/20\\\/nbii-elso-vereseg\\\/\",\"url\":\"https:\\\/\\\/szekacske.hu\\\/new\\\/2023\\\/04\\\/20\\\/nbii-elso-vereseg\\\/\",\"name\":\"NBII - Els\u0151 veres\u00e9g - Sz\u00e9k\u00e1cs KE\",\"isPartOf\":{\"@id\":\"https:\\\/\\\/szekacske.hu\\\/new\\\/#website\"},\"primaryImageOfPage\":{\"@id\":\"https:\\\/\\\/szekacske.hu\\\/new\\\/2023\\\/04\\\/20\\\/nbii-elso-vereseg\\\/#primaryimage\"},\"image\":{\"@id\":\"https:\\\/\\\/szekacske.hu\\\/new\\\/2023\\\/04\\\/20\\\/nbii-elso-vereseg\\\/#primaryimage\"},\"thumbnailUrl\":\"https:\\\/\\\/szekacske.hu\\\/new\\\/wp-content\\\/uploads\\\/2023\\\/04\\\/mezotur-szekacs-cikkbe-300x157.jpg\",\"datePublished\":\"2023-04-20T11:18:40+00:00\",\"dateModified\":\"2023-05-15T09:15:22+00:00\",\"author\":{\"@id\":\"https:\\\/\\\/szekacske.hu\\\/new\\\/#\\\/schema\\\/person\\\/1b98dcad88a429be1d6d889d1ceff05c\"},\"breadcrumb\":{\"@id\":\"https:\\\/\\\/szekacske.hu\\\/new\\\/2023\\\/04\\\/20\\\/nbii-elso-vereseg\\\/#breadcrumb\"},\"inLanguage\":\"hu\",\"potentialAction\":[{\"@type\":\"ReadAction\",\"target\":[\"https:\\\/\\\/szekacske.hu\\\/new\\\/2023\\\/04\\\/20\\\/nbii-elso-vereseg\\\/\"]}]},{\"@type\":\"ImageObject\",\"inLanguage\":\"hu\",\"@id\":\"https:\\\/\\\/szekacske.hu\\\/new\\\/2023\\\/04\\\/20\\\/nbii-elso-vereseg\\\/#primaryimage\",\"url\":\"https:\\\/\\\/szekacske.hu\\\/new\\\/wp-content\\\/uploads\\\/2023\\\/04\\\/mezotur-szekacs-cikkbe.jpg\",\"contentUrl\":\"https:\\\/\\\/szekacske.hu\\\/new\\\/wp-content\\\/uploads\\\/2023\\\/04\\\/mezotur-szekacs-cikkbe.jpg\",\"width\":2048,\"height\":1072},{\"@type\":\"BreadcrumbList\",\"@id\":\"https:\\\/\\\/szekacske.hu\\\/new\\\/2023\\\/04\\\/20\\\/nbii-elso-vereseg\\\/#breadcrumb\",\"itemListElement\":[{\"@type\":\"ListItem\",\"position\":1,\"name\":\"Kezd\u0151lap\",\"item\":\"https:\\\/\\\/szekacske.hu\\\/new\\\/\"},{\"@type\":\"ListItem\",\"position\":2,\"name\":\"NBII &#8211; Els\u0151 veres\u00e9g\"}]},{\"@type\":\"WebSite\",\"@id\":\"https:\\\/\\\/szekacske.hu\\\/new\\\/#website\",\"url\":\"https:\\\/\\\/szekacske.hu\\\/new\\\/\",\"name\":\"Sz\u00e9k\u00e1cs KE\",\"description\":\"T\u00f6r\u00f6kszentmikl\u00f3si Sz\u00e9k\u00e1cs KE hivatalos honlapja\",\"potentialAction\":[{\"@type\":\"SearchAction\",\"target\":{\"@type\":\"EntryPoint\",\"urlTemplate\":\"https:\\\/\\\/szekacske.hu\\\/new\\\/?s={search_term_string}\"},\"query-input\":{\"@type\":\"PropertyValueSpecification\",\"valueRequired\":true,\"valueName\":\"search_term_string\"}}],\"inLanguage\":\"hu\"},{\"@type\":\"Person\",\"@id\":\"https:\\\/\\\/szekacske.hu\\\/new\\\/#\\\/schema\\\/person\\\/1b98dcad88a429be1d6d889d1ceff05c\",\"name\":\"Hudu Csaba\",\"image\":{\"@type\":\"ImageObject\",\"inLanguage\":\"hu\",\"@id\":\"https:\\\/\\\/secure.gravatar.com\\\/avatar\\\/eed0dafe15853c848fa7aa47475b14c1975c1fdb204811bb8c23c2cc7e066847?s=96&d=mm&r=g\",\"url\":\"https:\\\/\\\/secure.gravatar.com\\\/avatar\\\/eed0dafe15853c848fa7aa47475b14c1975c1fdb204811bb8c23c2cc7e066847?s=96&d=mm&r=g\",\"contentUrl\":\"https:\\\/\\\/secure.gravatar.com\\\/avatar\\\/eed0dafe15853c848fa7aa47475b14c1975c1fdb204811bb8c23c2cc7e066847?s=96&d=mm&r=g\",\"caption\":\"Hudu Csaba\"},\"url\":\"https:\\\/\\\/szekacske.hu\\\/new\\\/author\\\/hcsaba\\\/\"}]}<\/script>\n<!-- \/ Yoast SEO plugin. -->","yoast_head_json":{"title":"NBII - Els\u0151 veres\u00e9g - Sz\u00e9k\u00e1cs KE","robots":{"index":"index","follow":"follow","max-snippet":"max-snippet:-1","max-image-preview":"max-image-preview:large","max-video-preview":"max-video-preview:-1"},"canonical":"https:\/\/szekacske.hu\/new\/2023\/04\/20\/nbii-elso-vereseg\/","og_locale":"hu_HU","og_type":"article","og_title":"NBII - Els\u0151 veres\u00e9g - Sz\u00e9k\u00e1cs KE","og_description":"Igazi rangad\u00f3ra utazott a feln\u0151tt csapat Mez\u0151t\u00farra. A m\u00e1sodik helyezett otthon\u00e1ban telt h\u00e1z \u00e9s j\u00f3 hangulat uralkodott.","og_url":"https:\/\/szekacske.hu\/new\/2023\/04\/20\/nbii-elso-vereseg\/","og_site_name":"Sz\u00e9k\u00e1cs KE","article_published_time":"2023-04-20T11:18:40+00:00","article_modified_time":"2023-05-15T09:15:22+00:00","og_image":[{"width":2048,"height":1072,"url":"https:\/\/szekacske.hu\/new\/wp-content\/uploads\/2023\/04\/mezotur-szekacs-cikkbe.jpg","type":"image\/jpeg"}],"author":"Hudu Csaba","twitter_card":"summary_large_image","twitter_misc":{"Szerz\u0151:":"Hudu Csaba","Becs\u00fclt olvas\u00e1si id\u0151":"1 perc"},"schema":{"@context":"https:\/\/schema.org","@graph":[{"@type":"Article","@id":"https:\/\/szekacske.hu\/new\/2023\/04\/20\/nbii-elso-vereseg\/#article","isPartOf":{"@id":"https:\/\/szekacske.hu\/new\/2023\/04\/20\/nbii-elso-vereseg\/"},"author":{"name":"Hudu Csaba","@id":"https:\/\/szekacske.hu\/new\/#\/schema\/person\/1b98dcad88a429be1d6d889d1ceff05c"},"headline":"NBII &#8211; Els\u0151 veres\u00e9g","datePublished":"2023-04-20T11:18:40+00:00","dateModified":"2023-05-15T09:15:22+00:00","mainEntityOfPage":{"@id":"https:\/\/szekacske.hu\/new\/2023\/04\/20\/nbii-elso-vereseg\/"},"wordCount":228,"commentCount":0,"image":{"@id":"https:\/\/szekacske.hu\/new\/2023\/04\/20\/nbii-elso-vereseg\/#primaryimage"},"thumbnailUrl":"https:\/\/szekacske.hu\/new\/wp-content\/uploads\/2023\/04\/mezotur-szekacs-cikkbe-300x157.jpg","keywords":["NBII"],"articleSection":["Feln\u0151tt","H\u00edrek"],"inLanguage":"hu","potentialAction":[{"@type":"CommentAction","name":"Comment","target":["https:\/\/szekacske.hu\/new\/2023\/04\/20\/nbii-elso-vereseg\/#respond"]}]},{"@type":"WebPage","@id":"https:\/\/szekacske.hu\/new\/2023\/04\/20\/nbii-elso-vereseg\/","url":"https:\/\/szekacske.hu\/new\/2023\/04\/20\/nbii-elso-vereseg\/","name":"NBII - Els\u0151 veres\u00e9g - Sz\u00e9k\u00e1cs KE","isPartOf":{"@id":"https:\/\/szekacske.hu\/new\/#website"},"primaryImageOfPage":{"@id":"https:\/\/szekacske.hu\/new\/2023\/04\/20\/nbii-elso-vereseg\/#primaryimage"},"image":{"@id":"https:\/\/szekacske.hu\/new\/2023\/04\/20\/nbii-elso-vereseg\/#primaryimage"},"thumbnailUrl":"https:\/\/szekacske.hu\/new\/wp-content\/uploads\/2023\/04\/mezotur-szekacs-cikkbe-300x157.jpg","datePublished":"2023-04-20T11:18:40+00:00","dateModified":"2023-05-15T09:15:22+00:00","author":{"@id":"https:\/\/szekacske.hu\/new\/#\/schema\/person\/1b98dcad88a429be1d6d889d1ceff05c"},"breadcrumb":{"@id":"https:\/\/szekacske.hu\/new\/2023\/04\/20\/nbii-elso-vereseg\/#breadcrumb"},"inLanguage":"hu","potentialAction":[{"@type":"ReadAction","target":["https:\/\/szekacske.hu\/new\/2023\/04\/20\/nbii-elso-vereseg\/"]}]},{"@type":"ImageObject","inLanguage":"hu","@id":"https:\/\/szekacske.hu\/new\/2023\/04\/20\/nbii-elso-vereseg\/#primaryimage","url":"https:\/\/szekacske.hu\/new\/wp-content\/uploads\/2023\/04\/mezotur-szekacs-cikkbe.jpg","contentUrl":"https:\/\/szekacske.hu\/new\/wp-content\/uploads\/2023\/04\/mezotur-szekacs-cikkbe.jpg","width":2048,"height":1072},{"@type":"BreadcrumbList","@id":"https:\/\/szekacske.hu\/new\/2023\/04\/20\/nbii-elso-vereseg\/#breadcrumb","itemListElement":[{"@type":"ListItem","position":1,"name":"Kezd\u0151lap","item":"https:\/\/szekacske.hu\/new\/"},{"@type":"ListItem","position":2,"name":"NBII &#8211; Els\u0151 veres\u00e9g"}]},{"@type":"WebSite","@id":"https:\/\/szekacske.hu\/new\/#website","url":"https:\/\/szekacske.hu\/new\/","name":"Sz\u00e9k\u00e1cs KE","description":"T\u00f6r\u00f6kszentmikl\u00f3si Sz\u00e9k\u00e1cs KE hivatalos honlapja","potentialAction":[{"@type":"SearchAction","target":{"@type":"EntryPoint","urlTemplate":"https:\/\/szekacske.hu\/new\/?s={search_term_string}"},"query-input":{"@type":"PropertyValueSpecification","valueRequired":true,"valueName":"search_term_string"}}],"inLanguage":"hu"},{"@type":"Person","@id":"https:\/\/szekacske.hu\/new\/#\/schema\/person\/1b98dcad88a429be1d6d889d1ceff05c","name":"Hudu Csaba","image":{"@type":"ImageObject","inLanguage":"hu","@id":"https:\/\/secure.gravatar.com\/avatar\/eed0dafe15853c848fa7aa47475b14c1975c1fdb204811bb8c23c2cc7e066847?s=96&d=mm&r=g","url":"https:\/\/secure.gravatar.com\/avatar\/eed0dafe15853c848fa7aa47475b14c1975c1fdb204811bb8c23c2cc7e066847?s=96&d=mm&r=g","contentUrl":"https:\/\/secure.gravatar.com\/avatar\/eed0dafe15853c848fa7aa47475b14c1975c1fdb204811bb8c23c2cc7e066847?s=96&d=mm&r=g","caption":"Hudu Csaba"},"url":"https:\/\/szekacske.hu\/new\/author\/hcsaba\/"}]}},"_links":{"self":[{"href":"https:\/\/szekacske.hu\/new\/wp-json\/wp\/v2\/posts\/1743","targetHints":{"allow":["GET"]}}],"collection":[{"href":"https:\/\/szekacske.hu\/new\/wp-json\/wp\/v2\/posts"}],"about":[{"href":"https:\/\/szekacske.hu\/new\/wp-json\/wp\/v2\/types\/post"}],"author":[{"embeddable":true,"href":"https:\/\/szekacske.hu\/new\/wp-json\/wp\/v2\/users\/3"}],"replies":[{"embeddable":true,"href":"https:\/\/szekacske.hu\/new\/wp-json\/wp\/v2\/comments?post=1743"}],"version-history":[{"count":2,"href":"https:\/\/szekacske.hu\/new\/wp-json\/wp\/v2\/posts\/1743\/revisions"}],"predecessor-version":[{"id":1841,"href":"https:\/\/szekacske.hu\/new\/wp-json\/wp\/v2\/posts\/1743\/revisions\/1841"}],"wp:attachment":[{"href":"https:\/\/szekacske.hu\/new\/wp-json\/wp\/v2\/media?parent=1743"}],"wp:term":[{"taxonomy":"category","embeddable":true,"href":"https:\/\/szekacske.hu\/new\/wp-json\/wp\/v2\/categories?post=1743"},{"taxonomy":"post_tag","embeddable":true,"href":"https:\/\/szekacske.hu\/new\/wp-json\/wp\/v2\/tags?post=1743"}],"curies":[{"name":"wp","href":"https:\/\/api.w.org\/{rel}","templated":true}]}}