{"id":1713,"date":"2023-04-07T17:32:11","date_gmt":"2023-04-07T15:32:11","guid":{"rendered":"https:\/\/szekacske.hu\/new\/?p=1713"},"modified":"2023-04-27T11:00:03","modified_gmt":"2023-04-27T09:00:03","slug":"leany-u10-kisiskolas-bajnoki-fordulo-bekescsaban","status":"publish","type":"post","link":"https:\/\/szekacske.hu\/new\/2023\/04\/07\/leany-u10-kisiskolas-bajnoki-fordulo-bekescsaban\/","title":{"rendered":"Le\u00e1ny U10 &#8211; Kisiskol\u00e1s bajnoki fordul\u00f3 B\u00e9k\u00e9scsab\u00e1n"},"content":{"rendered":"<p><strong>Az LU10\u2013es koroszt\u00e1lyos csapataink 2023.04.01-\u00e9n B\u00e9k\u00e9scsab\u00e1n folytatt\u00e1k a kisiskol\u00e1s bajnoks\u00e1got, ahol mindh\u00e1rom csapatunk \u00fajabb 2-2 m\u00e9rk\u0151z\u00e9st j\u00e1tszott le.<\/strong><\/p>\n<p><a href=\"https:\/\/szekacske.hu\/new\/wp-content\/uploads\/2023\/04\/image_50740225-scaled-e1680881506369.jpg\"><img loading=\"lazy\" decoding=\"async\" class=\"alignnone wp-image-1714\" src=\"https:\/\/szekacske.hu\/new\/wp-content\/uploads\/2023\/04\/image_50740225-scaled-e1680881506369-300x185.jpg\" alt=\"\" width=\"1024\" height=\"632\" srcset=\"https:\/\/szekacske.hu\/new\/wp-content\/uploads\/2023\/04\/image_50740225-scaled-e1680881506369-300x185.jpg 300w, https:\/\/szekacske.hu\/new\/wp-content\/uploads\/2023\/04\/image_50740225-scaled-e1680881506369-1024x632.jpg 1024w, https:\/\/szekacske.hu\/new\/wp-content\/uploads\/2023\/04\/image_50740225-scaled-e1680881506369-150x93.jpg 150w, https:\/\/szekacske.hu\/new\/wp-content\/uploads\/2023\/04\/image_50740225-scaled-e1680881506369-768x474.jpg 768w, https:\/\/szekacske.hu\/new\/wp-content\/uploads\/2023\/04\/image_50740225-scaled-e1680881506369-1536x948.jpg 1536w, https:\/\/szekacske.hu\/new\/wp-content\/uploads\/2023\/04\/image_50740225-scaled-e1680881506369-2048x1265.jpg 2048w, https:\/\/szekacske.hu\/new\/wp-content\/uploads\/2023\/04\/image_50740225-scaled-e1680881506369-128x79.jpg 128w, https:\/\/szekacske.hu\/new\/wp-content\/uploads\/2023\/04\/image_50740225-scaled-e1680881506369-32x20.jpg 32w\" sizes=\"auto, (max-width: 1024px) 100vw, 1024px\" \/><\/a><!--more--><\/p>\n<blockquote><p>G\u00f6bly\u00f6s Tibor \u00e9s Guba Attila edz\u0151k: Mindenki v\u00e1rta m\u00e1r a soron k\u00f6vetkez\u0151 fordul\u00f3t, mivel \u00fajabb csapatokkal m\u00e9rk\u0151zhett\u00fcnk meg. Csapataink az er\u0151s B\u00e9k\u00e9s v\u00e1rmegyei csapatok ellen is b\u00e1tran j\u00e1tszottak. A kem\u00e9ny \u00e9s hat\u00e1rozott v\u00e9dekez\u00e9s\u00fcnkkel siker\u00fclt meglepni az ellenfeleket \u00e9s ism\u00e9telten sok g\u00f3lt l\u0151ttek a l\u00e1nyok. A m\u00e9rk\u0151z\u00e9seken j\u00f3 egy\u00e9ni teljes\u00edtm\u00e9nyeket l\u00e1thattunk \u00e9s m\u00e1r kezd\u00fcnk csapatk\u00e9nt \u00f6sszedolgozni! Ha ilyen lend\u00fclettel vessz\u00fck az akad\u00e1lyokat \u00e9s ezzel az elsz\u00e1nts\u00e1ggal dolgoznak tov\u00e1bb a l\u00e1nyok akkor eredm\u00e9nyes j\u00f6v\u0151 el\u0151tt \u00e1llunk!<\/p>\n<p>&nbsp;<\/p><\/blockquote>\n<p>&nbsp;<\/p>\n<blockquote><p><strong>Kat\u00f3 Fruzsina edz\u0151<\/strong>: Nagy kedvvel indultak el a l\u00e1nyok a hossz\u00fa \u00fatra, viszont ahogy k\u00f6zeled\u00fcnk a helysz\u00edn fel\u00e9 egyre jobban izgultak, mely az els\u0151 m\u00e9rk\u0151z\u00e9s\u00fcnkre r\u00e1 is nyomta a b\u00e9lyeg\u00e9t. Id\u0151 kellett, mire &#8222;meg\u00e9rkeztek&#8221; a l\u00e1nyok a meccsbe. T\u00e1mad\u00e1sban egyre t\u00f6bb bet\u00f6r\u00e9st, kapura l\u00f6v\u00e9st l\u00e1ttam. A v\u00e9dekez\u00e9sben pedig az \u00f6sszez\u00e1r\u00e1s, egym\u00e1s seg\u00edt\u00e9se nagyon j\u00f3l m\u0171k\u00f6d\u00f6tt. Az \u00e1tl\u00f6v\u00e9sekre val\u00f3 kil\u00e9p\u00e9st kell m\u00e9g meger\u0151s\u00edten\u00fcnk. Gratul\u00e1lok a l\u00e1nyoknak!<\/p><\/blockquote>\n<p>&nbsp;<\/p>\n<p>&nbsp;<\/p>\n","protected":false},"excerpt":{"rendered":"<p>Az LU10\u2013es koroszt\u00e1lyos csapataink 2023.04.01-\u00e9n B\u00e9k\u00e9scsab\u00e1n folytatt\u00e1k a kisiskol\u00e1s bajnoks\u00e1got, ahol mindh\u00e1rom csapatunk \u00fajabb 2-2 m\u00e9rk\u0151z\u00e9st j\u00e1tszott le.<\/p>\n","protected":false},"author":3,"featured_media":0,"comment_status":"open","ping_status":"open","sticky":false,"template":"","format":"standard","meta":{"footnotes":""},"categories":[24],"tags":[105],"class_list":["post-1713","post","type-post","status-publish","format-standard","hentry","category-hirek","tag-lu10"],"yoast_head":"<!-- This site is optimized with the Yoast SEO plugin v27.5 - https:\/\/yoast.com\/product\/yoast-seo-wordpress\/ -->\n<title>Le\u00e1ny U10 - Kisiskol\u00e1s bajnoki fordul\u00f3 B\u00e9k\u00e9scsab\u00e1n - Sz\u00e9k\u00e1cs KE<\/title>\n<meta name=\"robots\" content=\"index, follow, max-snippet:-1, max-image-preview:large, max-video-preview:-1\" \/>\n<link rel=\"canonical\" href=\"https:\/\/szekacske.hu\/new\/2023\/04\/07\/leany-u10-kisiskolas-bajnoki-fordulo-bekescsaban\/\" \/>\n<meta property=\"og:locale\" content=\"hu_HU\" \/>\n<meta property=\"og:type\" content=\"article\" \/>\n<meta property=\"og:title\" content=\"Le\u00e1ny U10 - Kisiskol\u00e1s bajnoki fordul\u00f3 B\u00e9k\u00e9scsab\u00e1n - Sz\u00e9k\u00e1cs KE\" \/>\n<meta property=\"og:description\" content=\"Az LU10\u2013es koroszt\u00e1lyos csapataink 2023.04.01-\u00e9n B\u00e9k\u00e9scsab\u00e1n folytatt\u00e1k a kisiskol\u00e1s bajnoks\u00e1got, ahol mindh\u00e1rom csapatunk \u00fajabb 2-2 m\u00e9rk\u0151z\u00e9st j\u00e1tszott le.\" \/>\n<meta property=\"og:url\" content=\"https:\/\/szekacske.hu\/new\/2023\/04\/07\/leany-u10-kisiskolas-bajnoki-fordulo-bekescsaban\/\" \/>\n<meta property=\"og:site_name\" content=\"Sz\u00e9k\u00e1cs KE\" \/>\n<meta property=\"article:published_time\" content=\"2023-04-07T15:32:11+00:00\" \/>\n<meta property=\"article:modified_time\" content=\"2023-04-27T09:00:03+00:00\" \/>\n<meta property=\"og:image\" content=\"https:\/\/szekacske.hu\/new\/wp-content\/uploads\/2023\/04\/image_50740225-scaled-e1680881506369.jpg\" \/>\n\t<meta property=\"og:image:width\" content=\"2528\" \/>\n\t<meta property=\"og:image:height\" content=\"1561\" \/>\n\t<meta property=\"og:image:type\" content=\"image\/jpeg\" \/>\n<meta name=\"author\" content=\"Hudu Csaba\" \/>\n<meta name=\"twitter:card\" content=\"summary_large_image\" \/>\n<meta name=\"twitter:label1\" content=\"Szerz\u0151:\" \/>\n\t<meta name=\"twitter:data1\" content=\"Hudu Csaba\" \/>\n\t<meta name=\"twitter:label2\" content=\"Becs\u00fclt olvas\u00e1si id\u0151\" \/>\n\t<meta name=\"twitter:data2\" content=\"2 perc\" \/>\n<script type=\"application\/ld+json\" class=\"yoast-schema-graph\">{\"@context\":\"https:\\\/\\\/schema.org\",\"@graph\":[{\"@type\":\"Article\",\"@id\":\"https:\\\/\\\/szekacske.hu\\\/new\\\/2023\\\/04\\\/07\\\/leany-u10-kisiskolas-bajnoki-fordulo-bekescsaban\\\/#article\",\"isPartOf\":{\"@id\":\"https:\\\/\\\/szekacske.hu\\\/new\\\/2023\\\/04\\\/07\\\/leany-u10-kisiskolas-bajnoki-fordulo-bekescsaban\\\/\"},\"author\":{\"name\":\"Hudu Csaba\",\"@id\":\"https:\\\/\\\/szekacske.hu\\\/new\\\/#\\\/schema\\\/person\\\/1b98dcad88a429be1d6d889d1ceff05c\"},\"headline\":\"Le\u00e1ny U10 &#8211; Kisiskol\u00e1s bajnoki fordul\u00f3 B\u00e9k\u00e9scsab\u00e1n\",\"datePublished\":\"2023-04-07T15:32:11+00:00\",\"dateModified\":\"2023-04-27T09:00:03+00:00\",\"mainEntityOfPage\":{\"@id\":\"https:\\\/\\\/szekacske.hu\\\/new\\\/2023\\\/04\\\/07\\\/leany-u10-kisiskolas-bajnoki-fordulo-bekescsaban\\\/\"},\"wordCount\":274,\"commentCount\":0,\"image\":{\"@id\":\"https:\\\/\\\/szekacske.hu\\\/new\\\/2023\\\/04\\\/07\\\/leany-u10-kisiskolas-bajnoki-fordulo-bekescsaban\\\/#primaryimage\"},\"thumbnailUrl\":\"https:\\\/\\\/szekacske.hu\\\/new\\\/wp-content\\\/uploads\\\/2023\\\/04\\\/image_50740225-scaled-e1680881506369-300x185.jpg\",\"keywords\":[\"LU10\"],\"articleSection\":[\"H\u00edrek\"],\"inLanguage\":\"hu\",\"potentialAction\":[{\"@type\":\"CommentAction\",\"name\":\"Comment\",\"target\":[\"https:\\\/\\\/szekacske.hu\\\/new\\\/2023\\\/04\\\/07\\\/leany-u10-kisiskolas-bajnoki-fordulo-bekescsaban\\\/#respond\"]}]},{\"@type\":\"WebPage\",\"@id\":\"https:\\\/\\\/szekacske.hu\\\/new\\\/2023\\\/04\\\/07\\\/leany-u10-kisiskolas-bajnoki-fordulo-bekescsaban\\\/\",\"url\":\"https:\\\/\\\/szekacske.hu\\\/new\\\/2023\\\/04\\\/07\\\/leany-u10-kisiskolas-bajnoki-fordulo-bekescsaban\\\/\",\"name\":\"Le\u00e1ny U10 - Kisiskol\u00e1s bajnoki fordul\u00f3 B\u00e9k\u00e9scsab\u00e1n - Sz\u00e9k\u00e1cs KE\",\"isPartOf\":{\"@id\":\"https:\\\/\\\/szekacske.hu\\\/new\\\/#website\"},\"primaryImageOfPage\":{\"@id\":\"https:\\\/\\\/szekacske.hu\\\/new\\\/2023\\\/04\\\/07\\\/leany-u10-kisiskolas-bajnoki-fordulo-bekescsaban\\\/#primaryimage\"},\"image\":{\"@id\":\"https:\\\/\\\/szekacske.hu\\\/new\\\/2023\\\/04\\\/07\\\/leany-u10-kisiskolas-bajnoki-fordulo-bekescsaban\\\/#primaryimage\"},\"thumbnailUrl\":\"https:\\\/\\\/szekacske.hu\\\/new\\\/wp-content\\\/uploads\\\/2023\\\/04\\\/image_50740225-scaled-e1680881506369-300x185.jpg\",\"datePublished\":\"2023-04-07T15:32:11+00:00\",\"dateModified\":\"2023-04-27T09:00:03+00:00\",\"author\":{\"@id\":\"https:\\\/\\\/szekacske.hu\\\/new\\\/#\\\/schema\\\/person\\\/1b98dcad88a429be1d6d889d1ceff05c\"},\"breadcrumb\":{\"@id\":\"https:\\\/\\\/szekacske.hu\\\/new\\\/2023\\\/04\\\/07\\\/leany-u10-kisiskolas-bajnoki-fordulo-bekescsaban\\\/#breadcrumb\"},\"inLanguage\":\"hu\",\"potentialAction\":[{\"@type\":\"ReadAction\",\"target\":[\"https:\\\/\\\/szekacske.hu\\\/new\\\/2023\\\/04\\\/07\\\/leany-u10-kisiskolas-bajnoki-fordulo-bekescsaban\\\/\"]}]},{\"@type\":\"ImageObject\",\"inLanguage\":\"hu\",\"@id\":\"https:\\\/\\\/szekacske.hu\\\/new\\\/2023\\\/04\\\/07\\\/leany-u10-kisiskolas-bajnoki-fordulo-bekescsaban\\\/#primaryimage\",\"url\":\"https:\\\/\\\/szekacske.hu\\\/new\\\/wp-content\\\/uploads\\\/2023\\\/04\\\/image_50740225-scaled-e1680881506369.jpg\",\"contentUrl\":\"https:\\\/\\\/szekacske.hu\\\/new\\\/wp-content\\\/uploads\\\/2023\\\/04\\\/image_50740225-scaled-e1680881506369.jpg\",\"width\":2528,\"height\":1561},{\"@type\":\"BreadcrumbList\",\"@id\":\"https:\\\/\\\/szekacske.hu\\\/new\\\/2023\\\/04\\\/07\\\/leany-u10-kisiskolas-bajnoki-fordulo-bekescsaban\\\/#breadcrumb\",\"itemListElement\":[{\"@type\":\"ListItem\",\"position\":1,\"name\":\"Kezd\u0151lap\",\"item\":\"https:\\\/\\\/szekacske.hu\\\/new\\\/\"},{\"@type\":\"ListItem\",\"position\":2,\"name\":\"Le\u00e1ny U10 &#8211; Kisiskol\u00e1s bajnoki fordul\u00f3 B\u00e9k\u00e9scsab\u00e1n\"}]},{\"@type\":\"WebSite\",\"@id\":\"https:\\\/\\\/szekacske.hu\\\/new\\\/#website\",\"url\":\"https:\\\/\\\/szekacske.hu\\\/new\\\/\",\"name\":\"Sz\u00e9k\u00e1cs KE\",\"description\":\"T\u00f6r\u00f6kszentmikl\u00f3si Sz\u00e9k\u00e1cs KE hivatalos honlapja\",\"potentialAction\":[{\"@type\":\"SearchAction\",\"target\":{\"@type\":\"EntryPoint\",\"urlTemplate\":\"https:\\\/\\\/szekacske.hu\\\/new\\\/?s={search_term_string}\"},\"query-input\":{\"@type\":\"PropertyValueSpecification\",\"valueRequired\":true,\"valueName\":\"search_term_string\"}}],\"inLanguage\":\"hu\"},{\"@type\":\"Person\",\"@id\":\"https:\\\/\\\/szekacske.hu\\\/new\\\/#\\\/schema\\\/person\\\/1b98dcad88a429be1d6d889d1ceff05c\",\"name\":\"Hudu Csaba\",\"image\":{\"@type\":\"ImageObject\",\"inLanguage\":\"hu\",\"@id\":\"https:\\\/\\\/secure.gravatar.com\\\/avatar\\\/eed0dafe15853c848fa7aa47475b14c1975c1fdb204811bb8c23c2cc7e066847?s=96&d=mm&r=g\",\"url\":\"https:\\\/\\\/secure.gravatar.com\\\/avatar\\\/eed0dafe15853c848fa7aa47475b14c1975c1fdb204811bb8c23c2cc7e066847?s=96&d=mm&r=g\",\"contentUrl\":\"https:\\\/\\\/secure.gravatar.com\\\/avatar\\\/eed0dafe15853c848fa7aa47475b14c1975c1fdb204811bb8c23c2cc7e066847?s=96&d=mm&r=g\",\"caption\":\"Hudu Csaba\"},\"url\":\"https:\\\/\\\/szekacske.hu\\\/new\\\/author\\\/hcsaba\\\/\"}]}<\/script>\n<!-- \/ Yoast SEO plugin. -->","yoast_head_json":{"title":"Le\u00e1ny U10 - Kisiskol\u00e1s bajnoki fordul\u00f3 B\u00e9k\u00e9scsab\u00e1n - Sz\u00e9k\u00e1cs KE","robots":{"index":"index","follow":"follow","max-snippet":"max-snippet:-1","max-image-preview":"max-image-preview:large","max-video-preview":"max-video-preview:-1"},"canonical":"https:\/\/szekacske.hu\/new\/2023\/04\/07\/leany-u10-kisiskolas-bajnoki-fordulo-bekescsaban\/","og_locale":"hu_HU","og_type":"article","og_title":"Le\u00e1ny U10 - Kisiskol\u00e1s bajnoki fordul\u00f3 B\u00e9k\u00e9scsab\u00e1n - Sz\u00e9k\u00e1cs KE","og_description":"Az LU10\u2013es koroszt\u00e1lyos csapataink 2023.04.01-\u00e9n B\u00e9k\u00e9scsab\u00e1n folytatt\u00e1k a kisiskol\u00e1s bajnoks\u00e1got, ahol mindh\u00e1rom csapatunk \u00fajabb 2-2 m\u00e9rk\u0151z\u00e9st j\u00e1tszott le.","og_url":"https:\/\/szekacske.hu\/new\/2023\/04\/07\/leany-u10-kisiskolas-bajnoki-fordulo-bekescsaban\/","og_site_name":"Sz\u00e9k\u00e1cs KE","article_published_time":"2023-04-07T15:32:11+00:00","article_modified_time":"2023-04-27T09:00:03+00:00","og_image":[{"width":2528,"height":1561,"url":"https:\/\/szekacske.hu\/new\/wp-content\/uploads\/2023\/04\/image_50740225-scaled-e1680881506369.jpg","type":"image\/jpeg"}],"author":"Hudu Csaba","twitter_card":"summary_large_image","twitter_misc":{"Szerz\u0151:":"Hudu Csaba","Becs\u00fclt olvas\u00e1si id\u0151":"2 perc"},"schema":{"@context":"https:\/\/schema.org","@graph":[{"@type":"Article","@id":"https:\/\/szekacske.hu\/new\/2023\/04\/07\/leany-u10-kisiskolas-bajnoki-fordulo-bekescsaban\/#article","isPartOf":{"@id":"https:\/\/szekacske.hu\/new\/2023\/04\/07\/leany-u10-kisiskolas-bajnoki-fordulo-bekescsaban\/"},"author":{"name":"Hudu Csaba","@id":"https:\/\/szekacske.hu\/new\/#\/schema\/person\/1b98dcad88a429be1d6d889d1ceff05c"},"headline":"Le\u00e1ny U10 &#8211; Kisiskol\u00e1s bajnoki fordul\u00f3 B\u00e9k\u00e9scsab\u00e1n","datePublished":"2023-04-07T15:32:11+00:00","dateModified":"2023-04-27T09:00:03+00:00","mainEntityOfPage":{"@id":"https:\/\/szekacske.hu\/new\/2023\/04\/07\/leany-u10-kisiskolas-bajnoki-fordulo-bekescsaban\/"},"wordCount":274,"commentCount":0,"image":{"@id":"https:\/\/szekacske.hu\/new\/2023\/04\/07\/leany-u10-kisiskolas-bajnoki-fordulo-bekescsaban\/#primaryimage"},"thumbnailUrl":"https:\/\/szekacske.hu\/new\/wp-content\/uploads\/2023\/04\/image_50740225-scaled-e1680881506369-300x185.jpg","keywords":["LU10"],"articleSection":["H\u00edrek"],"inLanguage":"hu","potentialAction":[{"@type":"CommentAction","name":"Comment","target":["https:\/\/szekacske.hu\/new\/2023\/04\/07\/leany-u10-kisiskolas-bajnoki-fordulo-bekescsaban\/#respond"]}]},{"@type":"WebPage","@id":"https:\/\/szekacske.hu\/new\/2023\/04\/07\/leany-u10-kisiskolas-bajnoki-fordulo-bekescsaban\/","url":"https:\/\/szekacske.hu\/new\/2023\/04\/07\/leany-u10-kisiskolas-bajnoki-fordulo-bekescsaban\/","name":"Le\u00e1ny U10 - Kisiskol\u00e1s bajnoki fordul\u00f3 B\u00e9k\u00e9scsab\u00e1n - Sz\u00e9k\u00e1cs KE","isPartOf":{"@id":"https:\/\/szekacske.hu\/new\/#website"},"primaryImageOfPage":{"@id":"https:\/\/szekacske.hu\/new\/2023\/04\/07\/leany-u10-kisiskolas-bajnoki-fordulo-bekescsaban\/#primaryimage"},"image":{"@id":"https:\/\/szekacske.hu\/new\/2023\/04\/07\/leany-u10-kisiskolas-bajnoki-fordulo-bekescsaban\/#primaryimage"},"thumbnailUrl":"https:\/\/szekacske.hu\/new\/wp-content\/uploads\/2023\/04\/image_50740225-scaled-e1680881506369-300x185.jpg","datePublished":"2023-04-07T15:32:11+00:00","dateModified":"2023-04-27T09:00:03+00:00","author":{"@id":"https:\/\/szekacske.hu\/new\/#\/schema\/person\/1b98dcad88a429be1d6d889d1ceff05c"},"breadcrumb":{"@id":"https:\/\/szekacske.hu\/new\/2023\/04\/07\/leany-u10-kisiskolas-bajnoki-fordulo-bekescsaban\/#breadcrumb"},"inLanguage":"hu","potentialAction":[{"@type":"ReadAction","target":["https:\/\/szekacske.hu\/new\/2023\/04\/07\/leany-u10-kisiskolas-bajnoki-fordulo-bekescsaban\/"]}]},{"@type":"ImageObject","inLanguage":"hu","@id":"https:\/\/szekacske.hu\/new\/2023\/04\/07\/leany-u10-kisiskolas-bajnoki-fordulo-bekescsaban\/#primaryimage","url":"https:\/\/szekacske.hu\/new\/wp-content\/uploads\/2023\/04\/image_50740225-scaled-e1680881506369.jpg","contentUrl":"https:\/\/szekacske.hu\/new\/wp-content\/uploads\/2023\/04\/image_50740225-scaled-e1680881506369.jpg","width":2528,"height":1561},{"@type":"BreadcrumbList","@id":"https:\/\/szekacske.hu\/new\/2023\/04\/07\/leany-u10-kisiskolas-bajnoki-fordulo-bekescsaban\/#breadcrumb","itemListElement":[{"@type":"ListItem","position":1,"name":"Kezd\u0151lap","item":"https:\/\/szekacske.hu\/new\/"},{"@type":"ListItem","position":2,"name":"Le\u00e1ny U10 &#8211; Kisiskol\u00e1s bajnoki fordul\u00f3 B\u00e9k\u00e9scsab\u00e1n"}]},{"@type":"WebSite","@id":"https:\/\/szekacske.hu\/new\/#website","url":"https:\/\/szekacske.hu\/new\/","name":"Sz\u00e9k\u00e1cs KE","description":"T\u00f6r\u00f6kszentmikl\u00f3si Sz\u00e9k\u00e1cs KE hivatalos honlapja","potentialAction":[{"@type":"SearchAction","target":{"@type":"EntryPoint","urlTemplate":"https:\/\/szekacske.hu\/new\/?s={search_term_string}"},"query-input":{"@type":"PropertyValueSpecification","valueRequired":true,"valueName":"search_term_string"}}],"inLanguage":"hu"},{"@type":"Person","@id":"https:\/\/szekacske.hu\/new\/#\/schema\/person\/1b98dcad88a429be1d6d889d1ceff05c","name":"Hudu Csaba","image":{"@type":"ImageObject","inLanguage":"hu","@id":"https:\/\/secure.gravatar.com\/avatar\/eed0dafe15853c848fa7aa47475b14c1975c1fdb204811bb8c23c2cc7e066847?s=96&d=mm&r=g","url":"https:\/\/secure.gravatar.com\/avatar\/eed0dafe15853c848fa7aa47475b14c1975c1fdb204811bb8c23c2cc7e066847?s=96&d=mm&r=g","contentUrl":"https:\/\/secure.gravatar.com\/avatar\/eed0dafe15853c848fa7aa47475b14c1975c1fdb204811bb8c23c2cc7e066847?s=96&d=mm&r=g","caption":"Hudu Csaba"},"url":"https:\/\/szekacske.hu\/new\/author\/hcsaba\/"}]}},"_links":{"self":[{"href":"https:\/\/szekacske.hu\/new\/wp-json\/wp\/v2\/posts\/1713","targetHints":{"allow":["GET"]}}],"collection":[{"href":"https:\/\/szekacske.hu\/new\/wp-json\/wp\/v2\/posts"}],"about":[{"href":"https:\/\/szekacske.hu\/new\/wp-json\/wp\/v2\/types\/post"}],"author":[{"embeddable":true,"href":"https:\/\/szekacske.hu\/new\/wp-json\/wp\/v2\/users\/3"}],"replies":[{"embeddable":true,"href":"https:\/\/szekacske.hu\/new\/wp-json\/wp\/v2\/comments?post=1713"}],"version-history":[{"count":8,"href":"https:\/\/szekacske.hu\/new\/wp-json\/wp\/v2\/posts\/1713\/revisions"}],"predecessor-version":[{"id":1722,"href":"https:\/\/szekacske.hu\/new\/wp-json\/wp\/v2\/posts\/1713\/revisions\/1722"}],"wp:attachment":[{"href":"https:\/\/szekacske.hu\/new\/wp-json\/wp\/v2\/media?parent=1713"}],"wp:term":[{"taxonomy":"category","embeddable":true,"href":"https:\/\/szekacske.hu\/new\/wp-json\/wp\/v2\/categories?post=1713"},{"taxonomy":"post_tag","embeddable":true,"href":"https:\/\/szekacske.hu\/new\/wp-json\/wp\/v2\/tags?post=1713"}],"curies":[{"name":"wp","href":"https:\/\/api.w.org\/{rel}","templated":true}]}}