{"id":1707,"date":"2023-04-06T21:43:04","date_gmt":"2023-04-06T19:43:04","guid":{"rendered":"https:\/\/szekacske.hu\/new\/?p=1707"},"modified":"2023-04-27T11:00:14","modified_gmt":"2023-04-27T09:00:14","slug":"leany-u17-nagyon-rossz-merkozesen-vereseg","status":"publish","type":"post","link":"https:\/\/szekacske.hu\/new\/2023\/04\/06\/leany-u17-nagyon-rossz-merkozesen-vereseg\/","title":{"rendered":"Le\u00e1ny U17 &#8211; Nagyon rossz m\u00e9rk\u0151z\u00e9sen veres\u00e9g"},"content":{"rendered":"<p><strong>U17-es l\u00e1nyaink Abonyba l\u00e1togattak<\/strong>.<\/p>\n<p>Sz\u00f3 szerint l\u00e1togat\u00e1s volt, mert j\u00e1t\u00e9knak nem lehetett nevezni. Teljesen rossz felfog\u00e1sban, rengeteg hib\u00e1val \u00e9s hit n\u00e9lk\u00fcl k\u00e9zilabd\u00e1ztunk. A m\u00e9rk\u0151z\u00e9snek egyetlen j\u00f3 peri\u00f3dusa sem volt. Sajnos v\u00e9gig futottunk az eredm\u00e9ny ut\u00e1n, \u00edgy nem lehetett a v\u00e9gkimenetel m\u00e1s, mint nyolc g\u00f3los veres\u00e9g.<\/p>\n<blockquote><p>Szloska Kriszti\u00e1n edz\u0151: Ha nem l\u00e1tom nem hiszem el. A m\u00falt heti remek j\u00e1t\u00e9k ut\u00e1n nem ezt v\u00e1rtam a l\u00e1nyokt\u00f3l. Keresem a hull\u00e1mz\u00f3 teljes\u00edtm\u00e9ny ok\u00e1t, de egyel\u0151re nem tal\u00e1lom.<\/p><\/blockquote>\n","protected":false},"excerpt":{"rendered":"<p>U17-es l\u00e1nyaink Abonyba l\u00e1togattak. Sz\u00f3 szerint l\u00e1togat\u00e1s volt, mert j\u00e1t\u00e9knak nem lehetett nevezni. Teljesen rossz felfog\u00e1sban, rengeteg hib\u00e1val \u00e9s hit n\u00e9lk\u00fcl k\u00e9zilabd\u00e1ztunk. A m\u00e9rk\u0151z\u00e9snek egyetlen j\u00f3 peri\u00f3dusa sem volt. Sajnos v\u00e9gig futottunk az eredm\u00e9ny ut\u00e1n, \u00edgy nem lehetett a v\u00e9gkimenetel m\u00e1s, mint nyolc g\u00f3los veres\u00e9g. Szloska Kriszti\u00e1n edz\u0151: Ha nem l\u00e1tom nem hiszem el. A [&hellip;]<\/p>\n","protected":false},"author":3,"featured_media":0,"comment_status":"open","ping_status":"open","sticky":false,"template":"","format":"standard","meta":{"footnotes":""},"categories":[24,82],"tags":[96],"class_list":["post-1707","post","type-post","status-publish","format-standard","hentry","category-hirek","category-leany-serdulo","tag-lu17"],"yoast_head":"<!-- This site is optimized with the Yoast SEO plugin v27.5 - https:\/\/yoast.com\/product\/yoast-seo-wordpress\/ -->\n<title>Le\u00e1ny U17 - Nagyon rossz m\u00e9rk\u0151z\u00e9sen veres\u00e9g - Sz\u00e9k\u00e1cs KE<\/title>\n<meta name=\"robots\" content=\"index, follow, max-snippet:-1, max-image-preview:large, max-video-preview:-1\" \/>\n<link rel=\"canonical\" href=\"https:\/\/szekacske.hu\/new\/2023\/04\/06\/leany-u17-nagyon-rossz-merkozesen-vereseg\/\" \/>\n<meta property=\"og:locale\" content=\"hu_HU\" \/>\n<meta property=\"og:type\" content=\"article\" \/>\n<meta property=\"og:title\" content=\"Le\u00e1ny U17 - Nagyon rossz m\u00e9rk\u0151z\u00e9sen veres\u00e9g - Sz\u00e9k\u00e1cs KE\" \/>\n<meta property=\"og:description\" content=\"U17-es l\u00e1nyaink Abonyba l\u00e1togattak. Sz\u00f3 szerint l\u00e1togat\u00e1s volt, mert j\u00e1t\u00e9knak nem lehetett nevezni. Teljesen rossz felfog\u00e1sban, rengeteg hib\u00e1val \u00e9s hit n\u00e9lk\u00fcl k\u00e9zilabd\u00e1ztunk. A m\u00e9rk\u0151z\u00e9snek egyetlen j\u00f3 peri\u00f3dusa sem volt. Sajnos v\u00e9gig futottunk az eredm\u00e9ny ut\u00e1n, \u00edgy nem lehetett a v\u00e9gkimenetel m\u00e1s, mint nyolc g\u00f3los veres\u00e9g. Szloska Kriszti\u00e1n edz\u0151: Ha nem l\u00e1tom nem hiszem el. A [&hellip;]\" \/>\n<meta property=\"og:url\" content=\"https:\/\/szekacske.hu\/new\/2023\/04\/06\/leany-u17-nagyon-rossz-merkozesen-vereseg\/\" \/>\n<meta property=\"og:site_name\" content=\"Sz\u00e9k\u00e1cs KE\" \/>\n<meta property=\"article:published_time\" content=\"2023-04-06T19:43:04+00:00\" \/>\n<meta property=\"article:modified_time\" content=\"2023-04-27T09:00:14+00:00\" \/>\n<meta property=\"og:image\" content=\"https:\/\/szekacske.hu\/new\/wp-content\/uploads\/2019\/09\/cropped-szekacske.png\" \/>\n\t<meta property=\"og:image:width\" content=\"512\" \/>\n\t<meta property=\"og:image:height\" content=\"512\" \/>\n\t<meta property=\"og:image:type\" content=\"image\/png\" \/>\n<meta name=\"author\" content=\"Hudu Csaba\" \/>\n<meta name=\"twitter:card\" content=\"summary_large_image\" \/>\n<meta name=\"twitter:label1\" content=\"Szerz\u0151:\" \/>\n\t<meta name=\"twitter:data1\" content=\"Hudu Csaba\" \/>\n\t<meta name=\"twitter:label2\" content=\"Becs\u00fclt olvas\u00e1si id\u0151\" \/>\n\t<meta name=\"twitter:data2\" content=\"1 perc\" \/>\n<script type=\"application\/ld+json\" class=\"yoast-schema-graph\">{\"@context\":\"https:\\\/\\\/schema.org\",\"@graph\":[{\"@type\":\"Article\",\"@id\":\"https:\\\/\\\/szekacske.hu\\\/new\\\/2023\\\/04\\\/06\\\/leany-u17-nagyon-rossz-merkozesen-vereseg\\\/#article\",\"isPartOf\":{\"@id\":\"https:\\\/\\\/szekacske.hu\\\/new\\\/2023\\\/04\\\/06\\\/leany-u17-nagyon-rossz-merkozesen-vereseg\\\/\"},\"author\":{\"name\":\"Hudu Csaba\",\"@id\":\"https:\\\/\\\/szekacske.hu\\\/new\\\/#\\\/schema\\\/person\\\/1b98dcad88a429be1d6d889d1ceff05c\"},\"headline\":\"Le\u00e1ny U17 &#8211; Nagyon rossz m\u00e9rk\u0151z\u00e9sen veres\u00e9g\",\"datePublished\":\"2023-04-06T19:43:04+00:00\",\"dateModified\":\"2023-04-27T09:00:14+00:00\",\"mainEntityOfPage\":{\"@id\":\"https:\\\/\\\/szekacske.hu\\\/new\\\/2023\\\/04\\\/06\\\/leany-u17-nagyon-rossz-merkozesen-vereseg\\\/\"},\"wordCount\":125,\"commentCount\":0,\"keywords\":[\"LU17\"],\"articleSection\":[\"H\u00edrek\",\"Le\u00e1ny serd\u00fcl\u0151\"],\"inLanguage\":\"hu\",\"potentialAction\":[{\"@type\":\"CommentAction\",\"name\":\"Comment\",\"target\":[\"https:\\\/\\\/szekacske.hu\\\/new\\\/2023\\\/04\\\/06\\\/leany-u17-nagyon-rossz-merkozesen-vereseg\\\/#respond\"]}]},{\"@type\":\"WebPage\",\"@id\":\"https:\\\/\\\/szekacske.hu\\\/new\\\/2023\\\/04\\\/06\\\/leany-u17-nagyon-rossz-merkozesen-vereseg\\\/\",\"url\":\"https:\\\/\\\/szekacske.hu\\\/new\\\/2023\\\/04\\\/06\\\/leany-u17-nagyon-rossz-merkozesen-vereseg\\\/\",\"name\":\"Le\u00e1ny U17 - Nagyon rossz m\u00e9rk\u0151z\u00e9sen veres\u00e9g - Sz\u00e9k\u00e1cs KE\",\"isPartOf\":{\"@id\":\"https:\\\/\\\/szekacske.hu\\\/new\\\/#website\"},\"datePublished\":\"2023-04-06T19:43:04+00:00\",\"dateModified\":\"2023-04-27T09:00:14+00:00\",\"author\":{\"@id\":\"https:\\\/\\\/szekacske.hu\\\/new\\\/#\\\/schema\\\/person\\\/1b98dcad88a429be1d6d889d1ceff05c\"},\"breadcrumb\":{\"@id\":\"https:\\\/\\\/szekacske.hu\\\/new\\\/2023\\\/04\\\/06\\\/leany-u17-nagyon-rossz-merkozesen-vereseg\\\/#breadcrumb\"},\"inLanguage\":\"hu\",\"potentialAction\":[{\"@type\":\"ReadAction\",\"target\":[\"https:\\\/\\\/szekacske.hu\\\/new\\\/2023\\\/04\\\/06\\\/leany-u17-nagyon-rossz-merkozesen-vereseg\\\/\"]}]},{\"@type\":\"BreadcrumbList\",\"@id\":\"https:\\\/\\\/szekacske.hu\\\/new\\\/2023\\\/04\\\/06\\\/leany-u17-nagyon-rossz-merkozesen-vereseg\\\/#breadcrumb\",\"itemListElement\":[{\"@type\":\"ListItem\",\"position\":1,\"name\":\"Kezd\u0151lap\",\"item\":\"https:\\\/\\\/szekacske.hu\\\/new\\\/\"},{\"@type\":\"ListItem\",\"position\":2,\"name\":\"Le\u00e1ny U17 &#8211; Nagyon rossz m\u00e9rk\u0151z\u00e9sen veres\u00e9g\"}]},{\"@type\":\"WebSite\",\"@id\":\"https:\\\/\\\/szekacske.hu\\\/new\\\/#website\",\"url\":\"https:\\\/\\\/szekacske.hu\\\/new\\\/\",\"name\":\"Sz\u00e9k\u00e1cs KE\",\"description\":\"T\u00f6r\u00f6kszentmikl\u00f3si Sz\u00e9k\u00e1cs KE hivatalos honlapja\",\"potentialAction\":[{\"@type\":\"SearchAction\",\"target\":{\"@type\":\"EntryPoint\",\"urlTemplate\":\"https:\\\/\\\/szekacske.hu\\\/new\\\/?s={search_term_string}\"},\"query-input\":{\"@type\":\"PropertyValueSpecification\",\"valueRequired\":true,\"valueName\":\"search_term_string\"}}],\"inLanguage\":\"hu\"},{\"@type\":\"Person\",\"@id\":\"https:\\\/\\\/szekacske.hu\\\/new\\\/#\\\/schema\\\/person\\\/1b98dcad88a429be1d6d889d1ceff05c\",\"name\":\"Hudu Csaba\",\"image\":{\"@type\":\"ImageObject\",\"inLanguage\":\"hu\",\"@id\":\"https:\\\/\\\/secure.gravatar.com\\\/avatar\\\/eed0dafe15853c848fa7aa47475b14c1975c1fdb204811bb8c23c2cc7e066847?s=96&d=mm&r=g\",\"url\":\"https:\\\/\\\/secure.gravatar.com\\\/avatar\\\/eed0dafe15853c848fa7aa47475b14c1975c1fdb204811bb8c23c2cc7e066847?s=96&d=mm&r=g\",\"contentUrl\":\"https:\\\/\\\/secure.gravatar.com\\\/avatar\\\/eed0dafe15853c848fa7aa47475b14c1975c1fdb204811bb8c23c2cc7e066847?s=96&d=mm&r=g\",\"caption\":\"Hudu Csaba\"},\"url\":\"https:\\\/\\\/szekacske.hu\\\/new\\\/author\\\/hcsaba\\\/\"}]}<\/script>\n<!-- \/ Yoast SEO plugin. -->","yoast_head_json":{"title":"Le\u00e1ny U17 - Nagyon rossz m\u00e9rk\u0151z\u00e9sen veres\u00e9g - Sz\u00e9k\u00e1cs KE","robots":{"index":"index","follow":"follow","max-snippet":"max-snippet:-1","max-image-preview":"max-image-preview:large","max-video-preview":"max-video-preview:-1"},"canonical":"https:\/\/szekacske.hu\/new\/2023\/04\/06\/leany-u17-nagyon-rossz-merkozesen-vereseg\/","og_locale":"hu_HU","og_type":"article","og_title":"Le\u00e1ny U17 - Nagyon rossz m\u00e9rk\u0151z\u00e9sen veres\u00e9g - Sz\u00e9k\u00e1cs KE","og_description":"U17-es l\u00e1nyaink Abonyba l\u00e1togattak. Sz\u00f3 szerint l\u00e1togat\u00e1s volt, mert j\u00e1t\u00e9knak nem lehetett nevezni. Teljesen rossz felfog\u00e1sban, rengeteg hib\u00e1val \u00e9s hit n\u00e9lk\u00fcl k\u00e9zilabd\u00e1ztunk. A m\u00e9rk\u0151z\u00e9snek egyetlen j\u00f3 peri\u00f3dusa sem volt. Sajnos v\u00e9gig futottunk az eredm\u00e9ny ut\u00e1n, \u00edgy nem lehetett a v\u00e9gkimenetel m\u00e1s, mint nyolc g\u00f3los veres\u00e9g. Szloska Kriszti\u00e1n edz\u0151: Ha nem l\u00e1tom nem hiszem el. A [&hellip;]","og_url":"https:\/\/szekacske.hu\/new\/2023\/04\/06\/leany-u17-nagyon-rossz-merkozesen-vereseg\/","og_site_name":"Sz\u00e9k\u00e1cs KE","article_published_time":"2023-04-06T19:43:04+00:00","article_modified_time":"2023-04-27T09:00:14+00:00","og_image":[{"width":512,"height":512,"url":"https:\/\/szekacske.hu\/new\/wp-content\/uploads\/2019\/09\/cropped-szekacske.png","type":"image\/png"}],"author":"Hudu Csaba","twitter_card":"summary_large_image","twitter_misc":{"Szerz\u0151:":"Hudu Csaba","Becs\u00fclt olvas\u00e1si id\u0151":"1 perc"},"schema":{"@context":"https:\/\/schema.org","@graph":[{"@type":"Article","@id":"https:\/\/szekacske.hu\/new\/2023\/04\/06\/leany-u17-nagyon-rossz-merkozesen-vereseg\/#article","isPartOf":{"@id":"https:\/\/szekacske.hu\/new\/2023\/04\/06\/leany-u17-nagyon-rossz-merkozesen-vereseg\/"},"author":{"name":"Hudu Csaba","@id":"https:\/\/szekacske.hu\/new\/#\/schema\/person\/1b98dcad88a429be1d6d889d1ceff05c"},"headline":"Le\u00e1ny U17 &#8211; Nagyon rossz m\u00e9rk\u0151z\u00e9sen veres\u00e9g","datePublished":"2023-04-06T19:43:04+00:00","dateModified":"2023-04-27T09:00:14+00:00","mainEntityOfPage":{"@id":"https:\/\/szekacske.hu\/new\/2023\/04\/06\/leany-u17-nagyon-rossz-merkozesen-vereseg\/"},"wordCount":125,"commentCount":0,"keywords":["LU17"],"articleSection":["H\u00edrek","Le\u00e1ny serd\u00fcl\u0151"],"inLanguage":"hu","potentialAction":[{"@type":"CommentAction","name":"Comment","target":["https:\/\/szekacske.hu\/new\/2023\/04\/06\/leany-u17-nagyon-rossz-merkozesen-vereseg\/#respond"]}]},{"@type":"WebPage","@id":"https:\/\/szekacske.hu\/new\/2023\/04\/06\/leany-u17-nagyon-rossz-merkozesen-vereseg\/","url":"https:\/\/szekacske.hu\/new\/2023\/04\/06\/leany-u17-nagyon-rossz-merkozesen-vereseg\/","name":"Le\u00e1ny U17 - Nagyon rossz m\u00e9rk\u0151z\u00e9sen veres\u00e9g - Sz\u00e9k\u00e1cs KE","isPartOf":{"@id":"https:\/\/szekacske.hu\/new\/#website"},"datePublished":"2023-04-06T19:43:04+00:00","dateModified":"2023-04-27T09:00:14+00:00","author":{"@id":"https:\/\/szekacske.hu\/new\/#\/schema\/person\/1b98dcad88a429be1d6d889d1ceff05c"},"breadcrumb":{"@id":"https:\/\/szekacske.hu\/new\/2023\/04\/06\/leany-u17-nagyon-rossz-merkozesen-vereseg\/#breadcrumb"},"inLanguage":"hu","potentialAction":[{"@type":"ReadAction","target":["https:\/\/szekacske.hu\/new\/2023\/04\/06\/leany-u17-nagyon-rossz-merkozesen-vereseg\/"]}]},{"@type":"BreadcrumbList","@id":"https:\/\/szekacske.hu\/new\/2023\/04\/06\/leany-u17-nagyon-rossz-merkozesen-vereseg\/#breadcrumb","itemListElement":[{"@type":"ListItem","position":1,"name":"Kezd\u0151lap","item":"https:\/\/szekacske.hu\/new\/"},{"@type":"ListItem","position":2,"name":"Le\u00e1ny U17 &#8211; Nagyon rossz m\u00e9rk\u0151z\u00e9sen veres\u00e9g"}]},{"@type":"WebSite","@id":"https:\/\/szekacske.hu\/new\/#website","url":"https:\/\/szekacske.hu\/new\/","name":"Sz\u00e9k\u00e1cs KE","description":"T\u00f6r\u00f6kszentmikl\u00f3si Sz\u00e9k\u00e1cs KE hivatalos honlapja","potentialAction":[{"@type":"SearchAction","target":{"@type":"EntryPoint","urlTemplate":"https:\/\/szekacske.hu\/new\/?s={search_term_string}"},"query-input":{"@type":"PropertyValueSpecification","valueRequired":true,"valueName":"search_term_string"}}],"inLanguage":"hu"},{"@type":"Person","@id":"https:\/\/szekacske.hu\/new\/#\/schema\/person\/1b98dcad88a429be1d6d889d1ceff05c","name":"Hudu Csaba","image":{"@type":"ImageObject","inLanguage":"hu","@id":"https:\/\/secure.gravatar.com\/avatar\/eed0dafe15853c848fa7aa47475b14c1975c1fdb204811bb8c23c2cc7e066847?s=96&d=mm&r=g","url":"https:\/\/secure.gravatar.com\/avatar\/eed0dafe15853c848fa7aa47475b14c1975c1fdb204811bb8c23c2cc7e066847?s=96&d=mm&r=g","contentUrl":"https:\/\/secure.gravatar.com\/avatar\/eed0dafe15853c848fa7aa47475b14c1975c1fdb204811bb8c23c2cc7e066847?s=96&d=mm&r=g","caption":"Hudu Csaba"},"url":"https:\/\/szekacske.hu\/new\/author\/hcsaba\/"}]}},"_links":{"self":[{"href":"https:\/\/szekacske.hu\/new\/wp-json\/wp\/v2\/posts\/1707","targetHints":{"allow":["GET"]}}],"collection":[{"href":"https:\/\/szekacske.hu\/new\/wp-json\/wp\/v2\/posts"}],"about":[{"href":"https:\/\/szekacske.hu\/new\/wp-json\/wp\/v2\/types\/post"}],"author":[{"embeddable":true,"href":"https:\/\/szekacske.hu\/new\/wp-json\/wp\/v2\/users\/3"}],"replies":[{"embeddable":true,"href":"https:\/\/szekacske.hu\/new\/wp-json\/wp\/v2\/comments?post=1707"}],"version-history":[{"count":1,"href":"https:\/\/szekacske.hu\/new\/wp-json\/wp\/v2\/posts\/1707\/revisions"}],"predecessor-version":[{"id":1708,"href":"https:\/\/szekacske.hu\/new\/wp-json\/wp\/v2\/posts\/1707\/revisions\/1708"}],"wp:attachment":[{"href":"https:\/\/szekacske.hu\/new\/wp-json\/wp\/v2\/media?parent=1707"}],"wp:term":[{"taxonomy":"category","embeddable":true,"href":"https:\/\/szekacske.hu\/new\/wp-json\/wp\/v2\/categories?post=1707"},{"taxonomy":"post_tag","embeddable":true,"href":"https:\/\/szekacske.hu\/new\/wp-json\/wp\/v2\/tags?post=1707"}],"curies":[{"name":"wp","href":"https:\/\/api.w.org\/{rel}","templated":true}]}}