{"id":1703,"date":"2023-03-18T19:53:16","date_gmt":"2023-03-18T18:53:16","guid":{"rendered":"https:\/\/szekacske.hu\/new\/?p=1703"},"modified":"2023-04-27T11:00:55","modified_gmt":"2023-04-27T09:00:55","slug":"leany-u17-vereseg-hevesen","status":"publish","type":"post","link":"https:\/\/szekacske.hu\/new\/2023\/03\/18\/leany-u17-vereseg-hevesen\/","title":{"rendered":"Le\u00e1ny U17 &#8211; Veres\u00e9g Hevesen"},"content":{"rendered":"<div><strong>LU 17 csapatunk Hevesen j\u00e1tszotta k\u00f6vetkez\u0151 bajnoki m\u00e9rk\u0151z\u00e9s\u00e9t a TFSE csapata ellen. <\/strong><\/div>\n<div><\/div>\n<div>Sajnos t\u00f6bb j\u00e1t\u00e9kos betegs\u00e9g miatt hi\u00e1nyzott. A felforgatott csapatunk nagyon enerv\u00e1ltan, sok hib\u00e1val kezdte a m\u00e9rk\u0151z\u00e9st. Az ellenf\u00e9l kihaszn\u00e1lva a technikai hib\u00e1inkat k\u00f6nny\u0171 g\u00f3lokat szerzett. A f\u00e9lid\u0151 derek\u00e1ra sajnos m\u00e1r nyolc g\u00f3l volt a k\u00fcl\u00f6nbs\u00e9g. Id\u0151k\u00e9r\u00e9s\u00fcnk ut\u00e1ni cser\u00e9kkel siker\u00fclt felr\u00e1zni\u00a0a t\u00e1rsas\u00e1got, \u00edgy hat g\u00f3llal vezetett az ellenf\u00e9l a sz\u00fcnetben. A m\u00e1sodik j\u00e1t\u00e9kr\u00e9szben \u00f6sszekapt\u00e1k a csajok magukat, \u00e9s egy g\u00f3lra megk\u00f6zel\u00edtett\u00fck\u00a0a TFSE csapat\u00e1t. Ut\u00e1na p\u00e1r hiba miatt \u00fajra elh\u00faztak a hazaiak. Az utols\u00f3 t\u00edz percben a kapus n\u00e9lk\u00fcli j\u00e1t\u00e9kot j\u00e1tszottuk.<\/div>\n<div><\/div>\n<blockquote>\n<div>Szloska Kriszti\u00e1n edz\u0151: &#8222;Az elej\u00e9n nagyon rossz felfog\u00e1sban, hit n\u00e9lk\u00fcl j\u00e1tszottunk. Ut\u00e1na viszont l\u00e1ttam j\u00f3 dolgokat is. Sajnos a mai m\u00e9rk\u0151z\u00e9sben ennyi volt.&#8221;<\/div>\n<\/blockquote>\n","protected":false},"excerpt":{"rendered":"<p>LU 17 csapatunk Hevesen j\u00e1tszotta k\u00f6vetkez\u0151 bajnoki m\u00e9rk\u0151z\u00e9s\u00e9t a TFSE csapata ellen. Sajnos t\u00f6bb j\u00e1t\u00e9kos betegs\u00e9g miatt hi\u00e1nyzott. A felforgatott csapatunk nagyon enerv\u00e1ltan, sok hib\u00e1val kezdte a m\u00e9rk\u0151z\u00e9st. Az ellenf\u00e9l kihaszn\u00e1lva a technikai hib\u00e1inkat k\u00f6nny\u0171 g\u00f3lokat szerzett. A f\u00e9lid\u0151 derek\u00e1ra sajnos m\u00e1r nyolc g\u00f3l volt a k\u00fcl\u00f6nbs\u00e9g. Id\u0151k\u00e9r\u00e9s\u00fcnk ut\u00e1ni cser\u00e9kkel siker\u00fclt felr\u00e1zni\u00a0a t\u00e1rsas\u00e1got, \u00edgy hat [&hellip;]<\/p>\n","protected":false},"author":3,"featured_media":0,"comment_status":"open","ping_status":"open","sticky":false,"template":"","format":"standard","meta":{"footnotes":""},"categories":[24,82],"tags":[96],"class_list":["post-1703","post","type-post","status-publish","format-standard","hentry","category-hirek","category-leany-serdulo","tag-lu17"],"yoast_head":"<!-- This site is optimized with the Yoast SEO plugin v27.5 - https:\/\/yoast.com\/product\/yoast-seo-wordpress\/ -->\n<title>Le\u00e1ny U17 - Veres\u00e9g Hevesen - Sz\u00e9k\u00e1cs KE<\/title>\n<meta name=\"robots\" content=\"index, follow, max-snippet:-1, max-image-preview:large, max-video-preview:-1\" \/>\n<link rel=\"canonical\" href=\"https:\/\/szekacske.hu\/new\/2023\/03\/18\/leany-u17-vereseg-hevesen\/\" \/>\n<meta property=\"og:locale\" content=\"hu_HU\" \/>\n<meta property=\"og:type\" content=\"article\" \/>\n<meta property=\"og:title\" content=\"Le\u00e1ny U17 - Veres\u00e9g Hevesen - Sz\u00e9k\u00e1cs KE\" \/>\n<meta property=\"og:description\" content=\"LU 17 csapatunk Hevesen j\u00e1tszotta k\u00f6vetkez\u0151 bajnoki m\u00e9rk\u0151z\u00e9s\u00e9t a TFSE csapata ellen. Sajnos t\u00f6bb j\u00e1t\u00e9kos betegs\u00e9g miatt hi\u00e1nyzott. A felforgatott csapatunk nagyon enerv\u00e1ltan, sok hib\u00e1val kezdte a m\u00e9rk\u0151z\u00e9st. Az ellenf\u00e9l kihaszn\u00e1lva a technikai hib\u00e1inkat k\u00f6nny\u0171 g\u00f3lokat szerzett. A f\u00e9lid\u0151 derek\u00e1ra sajnos m\u00e1r nyolc g\u00f3l volt a k\u00fcl\u00f6nbs\u00e9g. Id\u0151k\u00e9r\u00e9s\u00fcnk ut\u00e1ni cser\u00e9kkel siker\u00fclt felr\u00e1zni\u00a0a t\u00e1rsas\u00e1got, \u00edgy hat [&hellip;]\" \/>\n<meta property=\"og:url\" content=\"https:\/\/szekacske.hu\/new\/2023\/03\/18\/leany-u17-vereseg-hevesen\/\" \/>\n<meta property=\"og:site_name\" content=\"Sz\u00e9k\u00e1cs KE\" \/>\n<meta property=\"article:published_time\" content=\"2023-03-18T18:53:16+00:00\" \/>\n<meta property=\"article:modified_time\" content=\"2023-04-27T09:00:55+00:00\" \/>\n<meta property=\"og:image\" content=\"https:\/\/szekacske.hu\/new\/wp-content\/uploads\/2019\/09\/cropped-szekacske.png\" \/>\n\t<meta property=\"og:image:width\" content=\"512\" \/>\n\t<meta property=\"og:image:height\" content=\"512\" \/>\n\t<meta property=\"og:image:type\" content=\"image\/png\" \/>\n<meta name=\"author\" content=\"Hudu Csaba\" \/>\n<meta name=\"twitter:card\" content=\"summary_large_image\" \/>\n<meta name=\"twitter:label1\" content=\"Szerz\u0151:\" \/>\n\t<meta name=\"twitter:data1\" content=\"Hudu Csaba\" \/>\n\t<meta name=\"twitter:label2\" content=\"Becs\u00fclt olvas\u00e1si id\u0151\" \/>\n\t<meta name=\"twitter:data2\" content=\"1 perc\" \/>\n<script type=\"application\/ld+json\" class=\"yoast-schema-graph\">{\"@context\":\"https:\\\/\\\/schema.org\",\"@graph\":[{\"@type\":\"Article\",\"@id\":\"https:\\\/\\\/szekacske.hu\\\/new\\\/2023\\\/03\\\/18\\\/leany-u17-vereseg-hevesen\\\/#article\",\"isPartOf\":{\"@id\":\"https:\\\/\\\/szekacske.hu\\\/new\\\/2023\\\/03\\\/18\\\/leany-u17-vereseg-hevesen\\\/\"},\"author\":{\"name\":\"Hudu Csaba\",\"@id\":\"https:\\\/\\\/szekacske.hu\\\/new\\\/#\\\/schema\\\/person\\\/1b98dcad88a429be1d6d889d1ceff05c\"},\"headline\":\"Le\u00e1ny U17 &#8211; Veres\u00e9g Hevesen\",\"datePublished\":\"2023-03-18T18:53:16+00:00\",\"dateModified\":\"2023-04-27T09:00:55+00:00\",\"mainEntityOfPage\":{\"@id\":\"https:\\\/\\\/szekacske.hu\\\/new\\\/2023\\\/03\\\/18\\\/leany-u17-vereseg-hevesen\\\/\"},\"wordCount\":193,\"commentCount\":0,\"keywords\":[\"LU17\"],\"articleSection\":[\"H\u00edrek\",\"Le\u00e1ny serd\u00fcl\u0151\"],\"inLanguage\":\"hu\",\"potentialAction\":[{\"@type\":\"CommentAction\",\"name\":\"Comment\",\"target\":[\"https:\\\/\\\/szekacske.hu\\\/new\\\/2023\\\/03\\\/18\\\/leany-u17-vereseg-hevesen\\\/#respond\"]}]},{\"@type\":\"WebPage\",\"@id\":\"https:\\\/\\\/szekacske.hu\\\/new\\\/2023\\\/03\\\/18\\\/leany-u17-vereseg-hevesen\\\/\",\"url\":\"https:\\\/\\\/szekacske.hu\\\/new\\\/2023\\\/03\\\/18\\\/leany-u17-vereseg-hevesen\\\/\",\"name\":\"Le\u00e1ny U17 - Veres\u00e9g Hevesen - Sz\u00e9k\u00e1cs KE\",\"isPartOf\":{\"@id\":\"https:\\\/\\\/szekacske.hu\\\/new\\\/#website\"},\"datePublished\":\"2023-03-18T18:53:16+00:00\",\"dateModified\":\"2023-04-27T09:00:55+00:00\",\"author\":{\"@id\":\"https:\\\/\\\/szekacske.hu\\\/new\\\/#\\\/schema\\\/person\\\/1b98dcad88a429be1d6d889d1ceff05c\"},\"breadcrumb\":{\"@id\":\"https:\\\/\\\/szekacske.hu\\\/new\\\/2023\\\/03\\\/18\\\/leany-u17-vereseg-hevesen\\\/#breadcrumb\"},\"inLanguage\":\"hu\",\"potentialAction\":[{\"@type\":\"ReadAction\",\"target\":[\"https:\\\/\\\/szekacske.hu\\\/new\\\/2023\\\/03\\\/18\\\/leany-u17-vereseg-hevesen\\\/\"]}]},{\"@type\":\"BreadcrumbList\",\"@id\":\"https:\\\/\\\/szekacske.hu\\\/new\\\/2023\\\/03\\\/18\\\/leany-u17-vereseg-hevesen\\\/#breadcrumb\",\"itemListElement\":[{\"@type\":\"ListItem\",\"position\":1,\"name\":\"Kezd\u0151lap\",\"item\":\"https:\\\/\\\/szekacske.hu\\\/new\\\/\"},{\"@type\":\"ListItem\",\"position\":2,\"name\":\"Le\u00e1ny U17 &#8211; Veres\u00e9g Hevesen\"}]},{\"@type\":\"WebSite\",\"@id\":\"https:\\\/\\\/szekacske.hu\\\/new\\\/#website\",\"url\":\"https:\\\/\\\/szekacske.hu\\\/new\\\/\",\"name\":\"Sz\u00e9k\u00e1cs KE\",\"description\":\"T\u00f6r\u00f6kszentmikl\u00f3si Sz\u00e9k\u00e1cs KE hivatalos honlapja\",\"potentialAction\":[{\"@type\":\"SearchAction\",\"target\":{\"@type\":\"EntryPoint\",\"urlTemplate\":\"https:\\\/\\\/szekacske.hu\\\/new\\\/?s={search_term_string}\"},\"query-input\":{\"@type\":\"PropertyValueSpecification\",\"valueRequired\":true,\"valueName\":\"search_term_string\"}}],\"inLanguage\":\"hu\"},{\"@type\":\"Person\",\"@id\":\"https:\\\/\\\/szekacske.hu\\\/new\\\/#\\\/schema\\\/person\\\/1b98dcad88a429be1d6d889d1ceff05c\",\"name\":\"Hudu Csaba\",\"image\":{\"@type\":\"ImageObject\",\"inLanguage\":\"hu\",\"@id\":\"https:\\\/\\\/secure.gravatar.com\\\/avatar\\\/eed0dafe15853c848fa7aa47475b14c1975c1fdb204811bb8c23c2cc7e066847?s=96&d=mm&r=g\",\"url\":\"https:\\\/\\\/secure.gravatar.com\\\/avatar\\\/eed0dafe15853c848fa7aa47475b14c1975c1fdb204811bb8c23c2cc7e066847?s=96&d=mm&r=g\",\"contentUrl\":\"https:\\\/\\\/secure.gravatar.com\\\/avatar\\\/eed0dafe15853c848fa7aa47475b14c1975c1fdb204811bb8c23c2cc7e066847?s=96&d=mm&r=g\",\"caption\":\"Hudu Csaba\"},\"url\":\"https:\\\/\\\/szekacske.hu\\\/new\\\/author\\\/hcsaba\\\/\"}]}<\/script>\n<!-- \/ Yoast SEO plugin. -->","yoast_head_json":{"title":"Le\u00e1ny U17 - Veres\u00e9g Hevesen - Sz\u00e9k\u00e1cs KE","robots":{"index":"index","follow":"follow","max-snippet":"max-snippet:-1","max-image-preview":"max-image-preview:large","max-video-preview":"max-video-preview:-1"},"canonical":"https:\/\/szekacske.hu\/new\/2023\/03\/18\/leany-u17-vereseg-hevesen\/","og_locale":"hu_HU","og_type":"article","og_title":"Le\u00e1ny U17 - Veres\u00e9g Hevesen - Sz\u00e9k\u00e1cs KE","og_description":"LU 17 csapatunk Hevesen j\u00e1tszotta k\u00f6vetkez\u0151 bajnoki m\u00e9rk\u0151z\u00e9s\u00e9t a TFSE csapata ellen. Sajnos t\u00f6bb j\u00e1t\u00e9kos betegs\u00e9g miatt hi\u00e1nyzott. A felforgatott csapatunk nagyon enerv\u00e1ltan, sok hib\u00e1val kezdte a m\u00e9rk\u0151z\u00e9st. Az ellenf\u00e9l kihaszn\u00e1lva a technikai hib\u00e1inkat k\u00f6nny\u0171 g\u00f3lokat szerzett. A f\u00e9lid\u0151 derek\u00e1ra sajnos m\u00e1r nyolc g\u00f3l volt a k\u00fcl\u00f6nbs\u00e9g. Id\u0151k\u00e9r\u00e9s\u00fcnk ut\u00e1ni cser\u00e9kkel siker\u00fclt felr\u00e1zni\u00a0a t\u00e1rsas\u00e1got, \u00edgy hat [&hellip;]","og_url":"https:\/\/szekacske.hu\/new\/2023\/03\/18\/leany-u17-vereseg-hevesen\/","og_site_name":"Sz\u00e9k\u00e1cs KE","article_published_time":"2023-03-18T18:53:16+00:00","article_modified_time":"2023-04-27T09:00:55+00:00","og_image":[{"width":512,"height":512,"url":"https:\/\/szekacske.hu\/new\/wp-content\/uploads\/2019\/09\/cropped-szekacske.png","type":"image\/png"}],"author":"Hudu Csaba","twitter_card":"summary_large_image","twitter_misc":{"Szerz\u0151:":"Hudu Csaba","Becs\u00fclt olvas\u00e1si id\u0151":"1 perc"},"schema":{"@context":"https:\/\/schema.org","@graph":[{"@type":"Article","@id":"https:\/\/szekacske.hu\/new\/2023\/03\/18\/leany-u17-vereseg-hevesen\/#article","isPartOf":{"@id":"https:\/\/szekacske.hu\/new\/2023\/03\/18\/leany-u17-vereseg-hevesen\/"},"author":{"name":"Hudu Csaba","@id":"https:\/\/szekacske.hu\/new\/#\/schema\/person\/1b98dcad88a429be1d6d889d1ceff05c"},"headline":"Le\u00e1ny U17 &#8211; Veres\u00e9g Hevesen","datePublished":"2023-03-18T18:53:16+00:00","dateModified":"2023-04-27T09:00:55+00:00","mainEntityOfPage":{"@id":"https:\/\/szekacske.hu\/new\/2023\/03\/18\/leany-u17-vereseg-hevesen\/"},"wordCount":193,"commentCount":0,"keywords":["LU17"],"articleSection":["H\u00edrek","Le\u00e1ny serd\u00fcl\u0151"],"inLanguage":"hu","potentialAction":[{"@type":"CommentAction","name":"Comment","target":["https:\/\/szekacske.hu\/new\/2023\/03\/18\/leany-u17-vereseg-hevesen\/#respond"]}]},{"@type":"WebPage","@id":"https:\/\/szekacske.hu\/new\/2023\/03\/18\/leany-u17-vereseg-hevesen\/","url":"https:\/\/szekacske.hu\/new\/2023\/03\/18\/leany-u17-vereseg-hevesen\/","name":"Le\u00e1ny U17 - Veres\u00e9g Hevesen - Sz\u00e9k\u00e1cs KE","isPartOf":{"@id":"https:\/\/szekacske.hu\/new\/#website"},"datePublished":"2023-03-18T18:53:16+00:00","dateModified":"2023-04-27T09:00:55+00:00","author":{"@id":"https:\/\/szekacske.hu\/new\/#\/schema\/person\/1b98dcad88a429be1d6d889d1ceff05c"},"breadcrumb":{"@id":"https:\/\/szekacske.hu\/new\/2023\/03\/18\/leany-u17-vereseg-hevesen\/#breadcrumb"},"inLanguage":"hu","potentialAction":[{"@type":"ReadAction","target":["https:\/\/szekacske.hu\/new\/2023\/03\/18\/leany-u17-vereseg-hevesen\/"]}]},{"@type":"BreadcrumbList","@id":"https:\/\/szekacske.hu\/new\/2023\/03\/18\/leany-u17-vereseg-hevesen\/#breadcrumb","itemListElement":[{"@type":"ListItem","position":1,"name":"Kezd\u0151lap","item":"https:\/\/szekacske.hu\/new\/"},{"@type":"ListItem","position":2,"name":"Le\u00e1ny U17 &#8211; Veres\u00e9g Hevesen"}]},{"@type":"WebSite","@id":"https:\/\/szekacske.hu\/new\/#website","url":"https:\/\/szekacske.hu\/new\/","name":"Sz\u00e9k\u00e1cs KE","description":"T\u00f6r\u00f6kszentmikl\u00f3si Sz\u00e9k\u00e1cs KE hivatalos honlapja","potentialAction":[{"@type":"SearchAction","target":{"@type":"EntryPoint","urlTemplate":"https:\/\/szekacske.hu\/new\/?s={search_term_string}"},"query-input":{"@type":"PropertyValueSpecification","valueRequired":true,"valueName":"search_term_string"}}],"inLanguage":"hu"},{"@type":"Person","@id":"https:\/\/szekacske.hu\/new\/#\/schema\/person\/1b98dcad88a429be1d6d889d1ceff05c","name":"Hudu Csaba","image":{"@type":"ImageObject","inLanguage":"hu","@id":"https:\/\/secure.gravatar.com\/avatar\/eed0dafe15853c848fa7aa47475b14c1975c1fdb204811bb8c23c2cc7e066847?s=96&d=mm&r=g","url":"https:\/\/secure.gravatar.com\/avatar\/eed0dafe15853c848fa7aa47475b14c1975c1fdb204811bb8c23c2cc7e066847?s=96&d=mm&r=g","contentUrl":"https:\/\/secure.gravatar.com\/avatar\/eed0dafe15853c848fa7aa47475b14c1975c1fdb204811bb8c23c2cc7e066847?s=96&d=mm&r=g","caption":"Hudu Csaba"},"url":"https:\/\/szekacske.hu\/new\/author\/hcsaba\/"}]}},"_links":{"self":[{"href":"https:\/\/szekacske.hu\/new\/wp-json\/wp\/v2\/posts\/1703","targetHints":{"allow":["GET"]}}],"collection":[{"href":"https:\/\/szekacske.hu\/new\/wp-json\/wp\/v2\/posts"}],"about":[{"href":"https:\/\/szekacske.hu\/new\/wp-json\/wp\/v2\/types\/post"}],"author":[{"embeddable":true,"href":"https:\/\/szekacske.hu\/new\/wp-json\/wp\/v2\/users\/3"}],"replies":[{"embeddable":true,"href":"https:\/\/szekacske.hu\/new\/wp-json\/wp\/v2\/comments?post=1703"}],"version-history":[{"count":1,"href":"https:\/\/szekacske.hu\/new\/wp-json\/wp\/v2\/posts\/1703\/revisions"}],"predecessor-version":[{"id":1704,"href":"https:\/\/szekacske.hu\/new\/wp-json\/wp\/v2\/posts\/1703\/revisions\/1704"}],"wp:attachment":[{"href":"https:\/\/szekacske.hu\/new\/wp-json\/wp\/v2\/media?parent=1703"}],"wp:term":[{"taxonomy":"category","embeddable":true,"href":"https:\/\/szekacske.hu\/new\/wp-json\/wp\/v2\/categories?post=1703"},{"taxonomy":"post_tag","embeddable":true,"href":"https:\/\/szekacske.hu\/new\/wp-json\/wp\/v2\/tags?post=1703"}],"curies":[{"name":"wp","href":"https:\/\/api.w.org\/{rel}","templated":true}]}}