{"id":1686,"date":"2023-03-31T18:32:22","date_gmt":"2023-03-31T16:32:22","guid":{"rendered":"https:\/\/szekacske.hu\/new\/?p=1686"},"modified":"2023-03-31T18:35:00","modified_gmt":"2023-03-31T16:35:00","slug":"fiu-u11-tiszafoldvar-es-bekescsaba-volt-az-ellenfel","status":"publish","type":"post","link":"https:\/\/szekacske.hu\/new\/2023\/03\/31\/fiu-u11-tiszafoldvar-es-bekescsaba-volt-az-ellenfel\/","title":{"rendered":"Fi\u00fa U11 &#8211; Tiszaf\u00f6ldv\u00e1r \u00e9s B\u00e9k\u00e9scsaba volt az ellenf\u00e9l"},"content":{"rendered":"<p><strong>A h\u00e9tv\u00e9g\u00e9n a soron k\u00f6vetkez\u0151 m\u00e9rk\u0151z\u00e9seket B\u00e9k\u00e9scsab\u00e1n j\u00e1tszotta a fi\u00fa U11-es csapatunk. Ennek sor\u00e1n a Tiszaf\u00f6ldv\u00e1r, valamint a B\u00e9k\u00e9scsaba csapataival m\u00e9rk\u0151zt\u00fcnk meg.<\/strong><\/p>\n<p><a href=\"https:\/\/szekacske.hu\/new\/wp-content\/uploads\/2023\/03\/AD9C957F-0741-4BEC-B80D-DC1DE6823BCF.heic\"><img decoding=\"async\" class=\"alignnone size-full wp-image-1687\" src=\"https:\/\/szekacske.hu\/new\/wp-content\/uploads\/2023\/03\/AD9C957F-0741-4BEC-B80D-DC1DE6823BCF.heic\" alt=\"\" \/><\/a><a href=\"https:\/\/szekacske.hu\/new\/wp-content\/uploads\/2023\/03\/szekacs-f-u11.jpg\"><img loading=\"lazy\" decoding=\"async\" class=\"aligncenter wp-image-1688\" src=\"https:\/\/szekacske.hu\/new\/wp-content\/uploads\/2023\/03\/szekacs-f-u11-300x225.jpg\" alt=\"\" width=\"1024\" height=\"768\" srcset=\"https:\/\/szekacske.hu\/new\/wp-content\/uploads\/2023\/03\/szekacs-f-u11-300x225.jpg 300w, https:\/\/szekacske.hu\/new\/wp-content\/uploads\/2023\/03\/szekacs-f-u11-1024x768.jpg 1024w, https:\/\/szekacske.hu\/new\/wp-content\/uploads\/2023\/03\/szekacs-f-u11-150x113.jpg 150w, https:\/\/szekacske.hu\/new\/wp-content\/uploads\/2023\/03\/szekacs-f-u11-768x576.jpg 768w, https:\/\/szekacske.hu\/new\/wp-content\/uploads\/2023\/03\/szekacs-f-u11-1536x1152.jpg 1536w, https:\/\/szekacske.hu\/new\/wp-content\/uploads\/2023\/03\/szekacs-f-u11-128x96.jpg 128w, https:\/\/szekacske.hu\/new\/wp-content\/uploads\/2023\/03\/szekacs-f-u11-32x24.jpg 32w, https:\/\/szekacske.hu\/new\/wp-content\/uploads\/2023\/03\/szekacs-f-u11.jpg 2048w\" sizes=\"auto, (max-width: 1024px) 100vw, 1024px\" \/><\/a><\/p>\n<blockquote><p>Nyes\u0151 P\u00e9ter: A m\u00e9rk\u0151z\u00e9st megel\u0151z\u0151 hetekben t\u00f6bb betegs\u00e9g is s\u00falytotta a csapatot, amely miatt nem tudtunk mindig teljes l\u00e9tsz\u00e1mmal k\u00e9sz\u00fclni. Mindk\u00e9t m\u00e9rk\u0151z\u00e9sre egyar\u00e1nt igaz volt, hogy nem m\u0171k\u00f6dt\u00fcnk csapatk\u00e9nt egy\u00fctt, \u00e9s ink\u00e1bb az egy\u00e9ni megold\u00e1sokat er\u0151ltett\u00fck, amelyek nem vezettek eredm\u00e9nyre. V\u00e9dekez\u00e9sn\u00e9l rendszerint lemaradtunk a t\u00e1mad\u00f3 j\u00e1t\u00e9kosokr\u00f3l, \u00edgy k\u00f6nny\u0171 g\u00f3lokat szerzett az ellenf\u00e9l. Azt gondolom, hogy a csapat b\u0151ven a tud\u00e1sa alatt j\u00e1tszott mindk\u00e9t m\u00e9rk\u0151z\u00e9sen.<\/p><\/blockquote>\n","protected":false},"excerpt":{"rendered":"<p>A h\u00e9tv\u00e9g\u00e9n a soron k\u00f6vetkez\u0151 m\u00e9rk\u0151z\u00e9seket B\u00e9k\u00e9scsab\u00e1n j\u00e1tszotta a fi\u00fa U11-es csapatunk. Ennek sor\u00e1n a Tiszaf\u00f6ldv\u00e1r, valamint a B\u00e9k\u00e9scsaba csapataival m\u00e9rk\u0151zt\u00fcnk meg. Nyes\u0151 P\u00e9ter: A m\u00e9rk\u0151z\u00e9st megel\u0151z\u0151 hetekben t\u00f6bb betegs\u00e9g is s\u00falytotta a csapatot, amely miatt nem tudtunk mindig teljes l\u00e9tsz\u00e1mmal k\u00e9sz\u00fclni. Mindk\u00e9t m\u00e9rk\u0151z\u00e9sre egyar\u00e1nt igaz volt, hogy nem m\u0171k\u00f6dt\u00fcnk csapatk\u00e9nt egy\u00fctt, \u00e9s ink\u00e1bb az [&hellip;]<\/p>\n","protected":false},"author":3,"featured_media":0,"comment_status":"open","ping_status":"open","sticky":false,"template":"","format":"standard","meta":{"footnotes":""},"categories":[24],"tags":[99],"class_list":["post-1686","post","type-post","status-publish","format-standard","hentry","category-hirek","tag-fu11"],"yoast_head":"<!-- This site is optimized with the Yoast SEO plugin v27.5 - https:\/\/yoast.com\/product\/yoast-seo-wordpress\/ -->\n<title>Fi\u00fa U11 - Tiszaf\u00f6ldv\u00e1r \u00e9s B\u00e9k\u00e9scsaba volt az ellenf\u00e9l - Sz\u00e9k\u00e1cs KE<\/title>\n<meta name=\"robots\" content=\"index, follow, max-snippet:-1, max-image-preview:large, max-video-preview:-1\" \/>\n<link rel=\"canonical\" href=\"https:\/\/szekacske.hu\/new\/2023\/03\/31\/fiu-u11-tiszafoldvar-es-bekescsaba-volt-az-ellenfel\/\" \/>\n<meta property=\"og:locale\" content=\"hu_HU\" \/>\n<meta property=\"og:type\" content=\"article\" \/>\n<meta property=\"og:title\" content=\"Fi\u00fa U11 - Tiszaf\u00f6ldv\u00e1r \u00e9s B\u00e9k\u00e9scsaba volt az ellenf\u00e9l - Sz\u00e9k\u00e1cs KE\" \/>\n<meta property=\"og:description\" content=\"A h\u00e9tv\u00e9g\u00e9n a soron k\u00f6vetkez\u0151 m\u00e9rk\u0151z\u00e9seket B\u00e9k\u00e9scsab\u00e1n j\u00e1tszotta a fi\u00fa U11-es csapatunk. Ennek sor\u00e1n a Tiszaf\u00f6ldv\u00e1r, valamint a B\u00e9k\u00e9scsaba csapataival m\u00e9rk\u0151zt\u00fcnk meg. Nyes\u0151 P\u00e9ter: A m\u00e9rk\u0151z\u00e9st megel\u0151z\u0151 hetekben t\u00f6bb betegs\u00e9g is s\u00falytotta a csapatot, amely miatt nem tudtunk mindig teljes l\u00e9tsz\u00e1mmal k\u00e9sz\u00fclni. Mindk\u00e9t m\u00e9rk\u0151z\u00e9sre egyar\u00e1nt igaz volt, hogy nem m\u0171k\u00f6dt\u00fcnk csapatk\u00e9nt egy\u00fctt, \u00e9s ink\u00e1bb az [&hellip;]\" \/>\n<meta property=\"og:url\" content=\"https:\/\/szekacske.hu\/new\/2023\/03\/31\/fiu-u11-tiszafoldvar-es-bekescsaba-volt-az-ellenfel\/\" \/>\n<meta property=\"og:site_name\" content=\"Sz\u00e9k\u00e1cs KE\" \/>\n<meta property=\"article:published_time\" content=\"2023-03-31T16:32:22+00:00\" \/>\n<meta property=\"article:modified_time\" content=\"2023-03-31T16:35:00+00:00\" \/>\n<meta property=\"og:image\" content=\"https:\/\/szekacske.hu\/new\/wp-content\/uploads\/2023\/03\/szekacs-f-u11.jpg\" \/>\n\t<meta property=\"og:image:width\" content=\"2048\" \/>\n\t<meta property=\"og:image:height\" content=\"1536\" \/>\n\t<meta property=\"og:image:type\" content=\"image\/jpeg\" \/>\n<meta name=\"author\" content=\"Hudu Csaba\" \/>\n<meta name=\"twitter:card\" content=\"summary_large_image\" \/>\n<meta name=\"twitter:label1\" content=\"Szerz\u0151:\" \/>\n\t<meta name=\"twitter:data1\" content=\"Hudu Csaba\" \/>\n\t<meta name=\"twitter:label2\" content=\"Becs\u00fclt olvas\u00e1si id\u0151\" \/>\n\t<meta name=\"twitter:data2\" content=\"1 perc\" \/>\n<script type=\"application\/ld+json\" class=\"yoast-schema-graph\">{\"@context\":\"https:\\\/\\\/schema.org\",\"@graph\":[{\"@type\":\"Article\",\"@id\":\"https:\\\/\\\/szekacske.hu\\\/new\\\/2023\\\/03\\\/31\\\/fiu-u11-tiszafoldvar-es-bekescsaba-volt-az-ellenfel\\\/#article\",\"isPartOf\":{\"@id\":\"https:\\\/\\\/szekacske.hu\\\/new\\\/2023\\\/03\\\/31\\\/fiu-u11-tiszafoldvar-es-bekescsaba-volt-az-ellenfel\\\/\"},\"author\":{\"name\":\"Hudu Csaba\",\"@id\":\"https:\\\/\\\/szekacske.hu\\\/new\\\/#\\\/schema\\\/person\\\/1b98dcad88a429be1d6d889d1ceff05c\"},\"headline\":\"Fi\u00fa U11 &#8211; Tiszaf\u00f6ldv\u00e1r \u00e9s B\u00e9k\u00e9scsaba volt az ellenf\u00e9l\",\"datePublished\":\"2023-03-31T16:32:22+00:00\",\"dateModified\":\"2023-03-31T16:35:00+00:00\",\"mainEntityOfPage\":{\"@id\":\"https:\\\/\\\/szekacske.hu\\\/new\\\/2023\\\/03\\\/31\\\/fiu-u11-tiszafoldvar-es-bekescsaba-volt-az-ellenfel\\\/\"},\"wordCount\":165,\"commentCount\":0,\"image\":{\"@id\":\"https:\\\/\\\/szekacske.hu\\\/new\\\/2023\\\/03\\\/31\\\/fiu-u11-tiszafoldvar-es-bekescsaba-volt-az-ellenfel\\\/#primaryimage\"},\"thumbnailUrl\":\"https:\\\/\\\/szekacske.hu\\\/new\\\/wp-content\\\/uploads\\\/2023\\\/03\\\/AD9C957F-0741-4BEC-B80D-DC1DE6823BCF.heic\",\"keywords\":[\"FU11\"],\"articleSection\":[\"H\u00edrek\"],\"inLanguage\":\"hu\",\"potentialAction\":[{\"@type\":\"CommentAction\",\"name\":\"Comment\",\"target\":[\"https:\\\/\\\/szekacske.hu\\\/new\\\/2023\\\/03\\\/31\\\/fiu-u11-tiszafoldvar-es-bekescsaba-volt-az-ellenfel\\\/#respond\"]}]},{\"@type\":\"WebPage\",\"@id\":\"https:\\\/\\\/szekacske.hu\\\/new\\\/2023\\\/03\\\/31\\\/fiu-u11-tiszafoldvar-es-bekescsaba-volt-az-ellenfel\\\/\",\"url\":\"https:\\\/\\\/szekacske.hu\\\/new\\\/2023\\\/03\\\/31\\\/fiu-u11-tiszafoldvar-es-bekescsaba-volt-az-ellenfel\\\/\",\"name\":\"Fi\u00fa U11 - Tiszaf\u00f6ldv\u00e1r \u00e9s B\u00e9k\u00e9scsaba volt az ellenf\u00e9l - Sz\u00e9k\u00e1cs KE\",\"isPartOf\":{\"@id\":\"https:\\\/\\\/szekacske.hu\\\/new\\\/#website\"},\"primaryImageOfPage\":{\"@id\":\"https:\\\/\\\/szekacske.hu\\\/new\\\/2023\\\/03\\\/31\\\/fiu-u11-tiszafoldvar-es-bekescsaba-volt-az-ellenfel\\\/#primaryimage\"},\"image\":{\"@id\":\"https:\\\/\\\/szekacske.hu\\\/new\\\/2023\\\/03\\\/31\\\/fiu-u11-tiszafoldvar-es-bekescsaba-volt-az-ellenfel\\\/#primaryimage\"},\"thumbnailUrl\":\"https:\\\/\\\/szekacske.hu\\\/new\\\/wp-content\\\/uploads\\\/2023\\\/03\\\/AD9C957F-0741-4BEC-B80D-DC1DE6823BCF.heic\",\"datePublished\":\"2023-03-31T16:32:22+00:00\",\"dateModified\":\"2023-03-31T16:35:00+00:00\",\"author\":{\"@id\":\"https:\\\/\\\/szekacske.hu\\\/new\\\/#\\\/schema\\\/person\\\/1b98dcad88a429be1d6d889d1ceff05c\"},\"breadcrumb\":{\"@id\":\"https:\\\/\\\/szekacske.hu\\\/new\\\/2023\\\/03\\\/31\\\/fiu-u11-tiszafoldvar-es-bekescsaba-volt-az-ellenfel\\\/#breadcrumb\"},\"inLanguage\":\"hu\",\"potentialAction\":[{\"@type\":\"ReadAction\",\"target\":[\"https:\\\/\\\/szekacske.hu\\\/new\\\/2023\\\/03\\\/31\\\/fiu-u11-tiszafoldvar-es-bekescsaba-volt-az-ellenfel\\\/\"]}]},{\"@type\":\"ImageObject\",\"inLanguage\":\"hu\",\"@id\":\"https:\\\/\\\/szekacske.hu\\\/new\\\/2023\\\/03\\\/31\\\/fiu-u11-tiszafoldvar-es-bekescsaba-volt-az-ellenfel\\\/#primaryimage\",\"url\":\"https:\\\/\\\/szekacske.hu\\\/new\\\/wp-content\\\/uploads\\\/2023\\\/03\\\/AD9C957F-0741-4BEC-B80D-DC1DE6823BCF.heic\",\"contentUrl\":\"https:\\\/\\\/szekacske.hu\\\/new\\\/wp-content\\\/uploads\\\/2023\\\/03\\\/AD9C957F-0741-4BEC-B80D-DC1DE6823BCF.heic\"},{\"@type\":\"BreadcrumbList\",\"@id\":\"https:\\\/\\\/szekacske.hu\\\/new\\\/2023\\\/03\\\/31\\\/fiu-u11-tiszafoldvar-es-bekescsaba-volt-az-ellenfel\\\/#breadcrumb\",\"itemListElement\":[{\"@type\":\"ListItem\",\"position\":1,\"name\":\"Kezd\u0151lap\",\"item\":\"https:\\\/\\\/szekacske.hu\\\/new\\\/\"},{\"@type\":\"ListItem\",\"position\":2,\"name\":\"Fi\u00fa U11 &#8211; Tiszaf\u00f6ldv\u00e1r \u00e9s B\u00e9k\u00e9scsaba volt az ellenf\u00e9l\"}]},{\"@type\":\"WebSite\",\"@id\":\"https:\\\/\\\/szekacske.hu\\\/new\\\/#website\",\"url\":\"https:\\\/\\\/szekacske.hu\\\/new\\\/\",\"name\":\"Sz\u00e9k\u00e1cs KE\",\"description\":\"T\u00f6r\u00f6kszentmikl\u00f3si Sz\u00e9k\u00e1cs KE hivatalos honlapja\",\"potentialAction\":[{\"@type\":\"SearchAction\",\"target\":{\"@type\":\"EntryPoint\",\"urlTemplate\":\"https:\\\/\\\/szekacske.hu\\\/new\\\/?s={search_term_string}\"},\"query-input\":{\"@type\":\"PropertyValueSpecification\",\"valueRequired\":true,\"valueName\":\"search_term_string\"}}],\"inLanguage\":\"hu\"},{\"@type\":\"Person\",\"@id\":\"https:\\\/\\\/szekacske.hu\\\/new\\\/#\\\/schema\\\/person\\\/1b98dcad88a429be1d6d889d1ceff05c\",\"name\":\"Hudu Csaba\",\"image\":{\"@type\":\"ImageObject\",\"inLanguage\":\"hu\",\"@id\":\"https:\\\/\\\/secure.gravatar.com\\\/avatar\\\/eed0dafe15853c848fa7aa47475b14c1975c1fdb204811bb8c23c2cc7e066847?s=96&d=mm&r=g\",\"url\":\"https:\\\/\\\/secure.gravatar.com\\\/avatar\\\/eed0dafe15853c848fa7aa47475b14c1975c1fdb204811bb8c23c2cc7e066847?s=96&d=mm&r=g\",\"contentUrl\":\"https:\\\/\\\/secure.gravatar.com\\\/avatar\\\/eed0dafe15853c848fa7aa47475b14c1975c1fdb204811bb8c23c2cc7e066847?s=96&d=mm&r=g\",\"caption\":\"Hudu Csaba\"},\"url\":\"https:\\\/\\\/szekacske.hu\\\/new\\\/author\\\/hcsaba\\\/\"}]}<\/script>\n<!-- \/ Yoast SEO plugin. -->","yoast_head_json":{"title":"Fi\u00fa U11 - Tiszaf\u00f6ldv\u00e1r \u00e9s B\u00e9k\u00e9scsaba volt az ellenf\u00e9l - Sz\u00e9k\u00e1cs KE","robots":{"index":"index","follow":"follow","max-snippet":"max-snippet:-1","max-image-preview":"max-image-preview:large","max-video-preview":"max-video-preview:-1"},"canonical":"https:\/\/szekacske.hu\/new\/2023\/03\/31\/fiu-u11-tiszafoldvar-es-bekescsaba-volt-az-ellenfel\/","og_locale":"hu_HU","og_type":"article","og_title":"Fi\u00fa U11 - Tiszaf\u00f6ldv\u00e1r \u00e9s B\u00e9k\u00e9scsaba volt az ellenf\u00e9l - Sz\u00e9k\u00e1cs KE","og_description":"A h\u00e9tv\u00e9g\u00e9n a soron k\u00f6vetkez\u0151 m\u00e9rk\u0151z\u00e9seket B\u00e9k\u00e9scsab\u00e1n j\u00e1tszotta a fi\u00fa U11-es csapatunk. Ennek sor\u00e1n a Tiszaf\u00f6ldv\u00e1r, valamint a B\u00e9k\u00e9scsaba csapataival m\u00e9rk\u0151zt\u00fcnk meg. Nyes\u0151 P\u00e9ter: A m\u00e9rk\u0151z\u00e9st megel\u0151z\u0151 hetekben t\u00f6bb betegs\u00e9g is s\u00falytotta a csapatot, amely miatt nem tudtunk mindig teljes l\u00e9tsz\u00e1mmal k\u00e9sz\u00fclni. Mindk\u00e9t m\u00e9rk\u0151z\u00e9sre egyar\u00e1nt igaz volt, hogy nem m\u0171k\u00f6dt\u00fcnk csapatk\u00e9nt egy\u00fctt, \u00e9s ink\u00e1bb az [&hellip;]","og_url":"https:\/\/szekacske.hu\/new\/2023\/03\/31\/fiu-u11-tiszafoldvar-es-bekescsaba-volt-az-ellenfel\/","og_site_name":"Sz\u00e9k\u00e1cs KE","article_published_time":"2023-03-31T16:32:22+00:00","article_modified_time":"2023-03-31T16:35:00+00:00","og_image":[{"width":2048,"height":1536,"url":"https:\/\/szekacske.hu\/new\/wp-content\/uploads\/2023\/03\/szekacs-f-u11.jpg","type":"image\/jpeg"}],"author":"Hudu Csaba","twitter_card":"summary_large_image","twitter_misc":{"Szerz\u0151:":"Hudu Csaba","Becs\u00fclt olvas\u00e1si id\u0151":"1 perc"},"schema":{"@context":"https:\/\/schema.org","@graph":[{"@type":"Article","@id":"https:\/\/szekacske.hu\/new\/2023\/03\/31\/fiu-u11-tiszafoldvar-es-bekescsaba-volt-az-ellenfel\/#article","isPartOf":{"@id":"https:\/\/szekacske.hu\/new\/2023\/03\/31\/fiu-u11-tiszafoldvar-es-bekescsaba-volt-az-ellenfel\/"},"author":{"name":"Hudu Csaba","@id":"https:\/\/szekacske.hu\/new\/#\/schema\/person\/1b98dcad88a429be1d6d889d1ceff05c"},"headline":"Fi\u00fa U11 &#8211; Tiszaf\u00f6ldv\u00e1r \u00e9s B\u00e9k\u00e9scsaba volt az ellenf\u00e9l","datePublished":"2023-03-31T16:32:22+00:00","dateModified":"2023-03-31T16:35:00+00:00","mainEntityOfPage":{"@id":"https:\/\/szekacske.hu\/new\/2023\/03\/31\/fiu-u11-tiszafoldvar-es-bekescsaba-volt-az-ellenfel\/"},"wordCount":165,"commentCount":0,"image":{"@id":"https:\/\/szekacske.hu\/new\/2023\/03\/31\/fiu-u11-tiszafoldvar-es-bekescsaba-volt-az-ellenfel\/#primaryimage"},"thumbnailUrl":"https:\/\/szekacske.hu\/new\/wp-content\/uploads\/2023\/03\/AD9C957F-0741-4BEC-B80D-DC1DE6823BCF.heic","keywords":["FU11"],"articleSection":["H\u00edrek"],"inLanguage":"hu","potentialAction":[{"@type":"CommentAction","name":"Comment","target":["https:\/\/szekacske.hu\/new\/2023\/03\/31\/fiu-u11-tiszafoldvar-es-bekescsaba-volt-az-ellenfel\/#respond"]}]},{"@type":"WebPage","@id":"https:\/\/szekacske.hu\/new\/2023\/03\/31\/fiu-u11-tiszafoldvar-es-bekescsaba-volt-az-ellenfel\/","url":"https:\/\/szekacske.hu\/new\/2023\/03\/31\/fiu-u11-tiszafoldvar-es-bekescsaba-volt-az-ellenfel\/","name":"Fi\u00fa U11 - Tiszaf\u00f6ldv\u00e1r \u00e9s B\u00e9k\u00e9scsaba volt az ellenf\u00e9l - Sz\u00e9k\u00e1cs KE","isPartOf":{"@id":"https:\/\/szekacske.hu\/new\/#website"},"primaryImageOfPage":{"@id":"https:\/\/szekacske.hu\/new\/2023\/03\/31\/fiu-u11-tiszafoldvar-es-bekescsaba-volt-az-ellenfel\/#primaryimage"},"image":{"@id":"https:\/\/szekacske.hu\/new\/2023\/03\/31\/fiu-u11-tiszafoldvar-es-bekescsaba-volt-az-ellenfel\/#primaryimage"},"thumbnailUrl":"https:\/\/szekacske.hu\/new\/wp-content\/uploads\/2023\/03\/AD9C957F-0741-4BEC-B80D-DC1DE6823BCF.heic","datePublished":"2023-03-31T16:32:22+00:00","dateModified":"2023-03-31T16:35:00+00:00","author":{"@id":"https:\/\/szekacske.hu\/new\/#\/schema\/person\/1b98dcad88a429be1d6d889d1ceff05c"},"breadcrumb":{"@id":"https:\/\/szekacske.hu\/new\/2023\/03\/31\/fiu-u11-tiszafoldvar-es-bekescsaba-volt-az-ellenfel\/#breadcrumb"},"inLanguage":"hu","potentialAction":[{"@type":"ReadAction","target":["https:\/\/szekacske.hu\/new\/2023\/03\/31\/fiu-u11-tiszafoldvar-es-bekescsaba-volt-az-ellenfel\/"]}]},{"@type":"ImageObject","inLanguage":"hu","@id":"https:\/\/szekacske.hu\/new\/2023\/03\/31\/fiu-u11-tiszafoldvar-es-bekescsaba-volt-az-ellenfel\/#primaryimage","url":"https:\/\/szekacske.hu\/new\/wp-content\/uploads\/2023\/03\/AD9C957F-0741-4BEC-B80D-DC1DE6823BCF.heic","contentUrl":"https:\/\/szekacske.hu\/new\/wp-content\/uploads\/2023\/03\/AD9C957F-0741-4BEC-B80D-DC1DE6823BCF.heic"},{"@type":"BreadcrumbList","@id":"https:\/\/szekacske.hu\/new\/2023\/03\/31\/fiu-u11-tiszafoldvar-es-bekescsaba-volt-az-ellenfel\/#breadcrumb","itemListElement":[{"@type":"ListItem","position":1,"name":"Kezd\u0151lap","item":"https:\/\/szekacske.hu\/new\/"},{"@type":"ListItem","position":2,"name":"Fi\u00fa U11 &#8211; Tiszaf\u00f6ldv\u00e1r \u00e9s B\u00e9k\u00e9scsaba volt az ellenf\u00e9l"}]},{"@type":"WebSite","@id":"https:\/\/szekacske.hu\/new\/#website","url":"https:\/\/szekacske.hu\/new\/","name":"Sz\u00e9k\u00e1cs KE","description":"T\u00f6r\u00f6kszentmikl\u00f3si Sz\u00e9k\u00e1cs KE hivatalos honlapja","potentialAction":[{"@type":"SearchAction","target":{"@type":"EntryPoint","urlTemplate":"https:\/\/szekacske.hu\/new\/?s={search_term_string}"},"query-input":{"@type":"PropertyValueSpecification","valueRequired":true,"valueName":"search_term_string"}}],"inLanguage":"hu"},{"@type":"Person","@id":"https:\/\/szekacske.hu\/new\/#\/schema\/person\/1b98dcad88a429be1d6d889d1ceff05c","name":"Hudu Csaba","image":{"@type":"ImageObject","inLanguage":"hu","@id":"https:\/\/secure.gravatar.com\/avatar\/eed0dafe15853c848fa7aa47475b14c1975c1fdb204811bb8c23c2cc7e066847?s=96&d=mm&r=g","url":"https:\/\/secure.gravatar.com\/avatar\/eed0dafe15853c848fa7aa47475b14c1975c1fdb204811bb8c23c2cc7e066847?s=96&d=mm&r=g","contentUrl":"https:\/\/secure.gravatar.com\/avatar\/eed0dafe15853c848fa7aa47475b14c1975c1fdb204811bb8c23c2cc7e066847?s=96&d=mm&r=g","caption":"Hudu Csaba"},"url":"https:\/\/szekacske.hu\/new\/author\/hcsaba\/"}]}},"_links":{"self":[{"href":"https:\/\/szekacske.hu\/new\/wp-json\/wp\/v2\/posts\/1686","targetHints":{"allow":["GET"]}}],"collection":[{"href":"https:\/\/szekacske.hu\/new\/wp-json\/wp\/v2\/posts"}],"about":[{"href":"https:\/\/szekacske.hu\/new\/wp-json\/wp\/v2\/types\/post"}],"author":[{"embeddable":true,"href":"https:\/\/szekacske.hu\/new\/wp-json\/wp\/v2\/users\/3"}],"replies":[{"embeddable":true,"href":"https:\/\/szekacske.hu\/new\/wp-json\/wp\/v2\/comments?post=1686"}],"version-history":[{"count":3,"href":"https:\/\/szekacske.hu\/new\/wp-json\/wp\/v2\/posts\/1686\/revisions"}],"predecessor-version":[{"id":1691,"href":"https:\/\/szekacske.hu\/new\/wp-json\/wp\/v2\/posts\/1686\/revisions\/1691"}],"wp:attachment":[{"href":"https:\/\/szekacske.hu\/new\/wp-json\/wp\/v2\/media?parent=1686"}],"wp:term":[{"taxonomy":"category","embeddable":true,"href":"https:\/\/szekacske.hu\/new\/wp-json\/wp\/v2\/categories?post=1686"},{"taxonomy":"post_tag","embeddable":true,"href":"https:\/\/szekacske.hu\/new\/wp-json\/wp\/v2\/tags?post=1686"}],"curies":[{"name":"wp","href":"https:\/\/api.w.org\/{rel}","templated":true}]}}