{"id":1315,"date":"2022-10-19T23:05:18","date_gmt":"2022-10-19T21:05:18","guid":{"rendered":"http:\/\/szekacske.hu\/new\/?p=1315"},"modified":"2022-10-25T23:16:04","modified_gmt":"2022-10-25T21:16:04","slug":"leany-u11-tul-vagyunk-a-premieren","status":"publish","type":"post","link":"https:\/\/szekacske.hu\/new\/2022\/10\/19\/leany-u11-tul-vagyunk-a-premieren\/","title":{"rendered":"Le\u00e1ny U11 &#8211; T\u00fal vagyunk a premieren"},"content":{"rendered":"<p>Az U11\u2013es l\u00e1nycsapatunk Sz\u00e1szberekben l\u00e9pett p\u00e1ly\u00e1ra 2022.10.16-\u00e1n a kisiskol\u00e1s bajnoks\u00e1g I. fordul\u00f3j\u00e1ban, ahol az Abonyi KC \u00e9s az Euronovex USE csapataival m\u00e9rk\u0151ztek meg . Az U11-es l\u00e1nyok augusztusban kezdt\u00e9k meg a felk\u00e9sz\u00fcl\u00e9st \u00e9s nagyon v\u00e1rt\u00e1k m\u00e1r az els\u0151 fordul\u00f3t, mivel most l\u00e9phettek p\u00e1ly\u00e1ra el\u0151sz\u00f6r hivatalos m\u00e9rk\u0151z\u00e9sen nagyp\u00e1ly\u00e1n.<\/p>\n<p><img loading=\"lazy\" decoding=\"async\" class=\"alignnone wp-image-1316\" src=\"http:\/\/szekacske.hu\/new\/wp-content\/uploads\/2022\/10\/image_6483441-300x224.jpg\" alt=\"\" width=\"1024\" height=\"764\" srcset=\"https:\/\/szekacske.hu\/new\/wp-content\/uploads\/2022\/10\/image_6483441-300x224.jpg 300w, https:\/\/szekacske.hu\/new\/wp-content\/uploads\/2022\/10\/image_6483441-128x95.jpg 128w, https:\/\/szekacske.hu\/new\/wp-content\/uploads\/2022\/10\/image_6483441-32x24.jpg 32w, https:\/\/szekacske.hu\/new\/wp-content\/uploads\/2022\/10\/image_6483441.jpg 567w\" sizes=\"auto, (max-width: 1024px) 100vw, 1024px\" \/><\/p>\n<blockquote><p>G\u00f6bly\u00f6s Tibor edz\u0151: K\u00e9t er\u0151s \u00e9s j\u00f3l felk\u00e9sz\u00edtett csapattal m\u00e9rk\u0151zt\u00fcnk meg a h\u00e9tv\u00e9g\u00e9n. A l\u00e1nyok nagyon idegesen kezdt\u00e9k az els\u0151 m\u00e9rk\u0151z\u00e9st, ami r\u00e1nyomta a b\u00e9lyeg\u00e9t az eg\u00e9sz napra \u00e9s folyamatosan al\u00e1rendelt szerepet t\u00f6lt\u00f6tt\u00fcnk be a p\u00e1ly\u00e1n mindk\u00e9t m\u00e9rk\u0151z\u00e9sen. Sajnos nem \u00fagy alakultak a m\u00e9rk\u0151z\u00e9sek, ahogy elterveztem, a t\u00e1mad\u00e1sainkat nem tudtuk l\u00f6v\u00e9ssel befejezni, sok eladott labd\u00e1nk volt \u00e9s az ellenf\u00e9l agressz\u00edv, let\u00e1mad\u00f3 v\u00e9dekez\u00e9s\u00e9vel nem tudtunk mit kezdeni. El kell mondanom, hogy egy nagyon er\u0151s csoportba ker\u00fclt\u00fcnk, de minden egyes m\u00e9rk\u0151z\u00e9s a fejl\u0151d\u00e9s\u00fcnket szolg\u00e1lja. A bajnoks\u00e1gban a f\u0151 c\u00e9lunk a rutinszerz\u00e9s, mivel a csapat 80%-a m\u00e9g az U10-es koroszt\u00e1lyhoz tartozik. B\u00edzok a sikeres folytat\u00e1sban.<\/p><\/blockquote>\n<p><img loading=\"lazy\" decoding=\"async\" class=\"alignnone wp-image-1317\" src=\"http:\/\/szekacske.hu\/new\/wp-content\/uploads\/2022\/10\/image_6483441-1-300x224.jpg\" alt=\"\" width=\"1024\" height=\"764\" srcset=\"https:\/\/szekacske.hu\/new\/wp-content\/uploads\/2022\/10\/image_6483441-1-300x224.jpg 300w, https:\/\/szekacske.hu\/new\/wp-content\/uploads\/2022\/10\/image_6483441-1-128x95.jpg 128w, https:\/\/szekacske.hu\/new\/wp-content\/uploads\/2022\/10\/image_6483441-1-32x24.jpg 32w, https:\/\/szekacske.hu\/new\/wp-content\/uploads\/2022\/10\/image_6483441-1.jpg 567w\" sizes=\"auto, (max-width: 1024px) 100vw, 1024px\" \/><\/p>\n","protected":false},"excerpt":{"rendered":"<p>Az U11\u2013es l\u00e1nycsapatunk Sz\u00e1szberekben l\u00e9pett p\u00e1ly\u00e1ra 2022.10.16-\u00e1n a kisiskol\u00e1s bajnoks\u00e1g I. fordul\u00f3j\u00e1ban, ahol az Abonyi KC \u00e9s az Euronovex USE csapataival m\u00e9rk\u0151ztek meg . Az U11-es l\u00e1nyok augusztusban kezdt\u00e9k meg a felk\u00e9sz\u00fcl\u00e9st \u00e9s nagyon v\u00e1rt\u00e1k m\u00e1r az els\u0151 fordul\u00f3t, mivel most l\u00e9phettek p\u00e1ly\u00e1ra el\u0151sz\u00f6r hivatalos m\u00e9rk\u0151z\u00e9sen nagyp\u00e1ly\u00e1n. G\u00f6bly\u00f6s Tibor edz\u0151: K\u00e9t er\u0151s \u00e9s j\u00f3l felk\u00e9sz\u00edtett [&hellip;]<\/p>\n","protected":false},"author":3,"featured_media":0,"comment_status":"open","ping_status":"open","sticky":false,"template":"","format":"standard","meta":{"footnotes":""},"categories":[24],"tags":[100],"class_list":["post-1315","post","type-post","status-publish","format-standard","hentry","category-hirek","tag-lu11"],"yoast_head":"<!-- This site is optimized with the Yoast SEO plugin v27.5 - https:\/\/yoast.com\/product\/yoast-seo-wordpress\/ -->\n<title>Le\u00e1ny U11 - T\u00fal vagyunk a premieren - Sz\u00e9k\u00e1cs KE<\/title>\n<meta name=\"robots\" content=\"index, follow, max-snippet:-1, max-image-preview:large, max-video-preview:-1\" \/>\n<link rel=\"canonical\" href=\"https:\/\/szekacske.hu\/new\/2022\/10\/19\/leany-u11-tul-vagyunk-a-premieren\/\" \/>\n<meta property=\"og:locale\" content=\"hu_HU\" \/>\n<meta property=\"og:type\" content=\"article\" \/>\n<meta property=\"og:title\" content=\"Le\u00e1ny U11 - T\u00fal vagyunk a premieren - Sz\u00e9k\u00e1cs KE\" \/>\n<meta property=\"og:description\" content=\"Az U11\u2013es l\u00e1nycsapatunk Sz\u00e1szberekben l\u00e9pett p\u00e1ly\u00e1ra 2022.10.16-\u00e1n a kisiskol\u00e1s bajnoks\u00e1g I. fordul\u00f3j\u00e1ban, ahol az Abonyi KC \u00e9s az Euronovex USE csapataival m\u00e9rk\u0151ztek meg . Az U11-es l\u00e1nyok augusztusban kezdt\u00e9k meg a felk\u00e9sz\u00fcl\u00e9st \u00e9s nagyon v\u00e1rt\u00e1k m\u00e1r az els\u0151 fordul\u00f3t, mivel most l\u00e9phettek p\u00e1ly\u00e1ra el\u0151sz\u00f6r hivatalos m\u00e9rk\u0151z\u00e9sen nagyp\u00e1ly\u00e1n. G\u00f6bly\u00f6s Tibor edz\u0151: K\u00e9t er\u0151s \u00e9s j\u00f3l felk\u00e9sz\u00edtett [&hellip;]\" \/>\n<meta property=\"og:url\" content=\"https:\/\/szekacske.hu\/new\/2022\/10\/19\/leany-u11-tul-vagyunk-a-premieren\/\" \/>\n<meta property=\"og:site_name\" content=\"Sz\u00e9k\u00e1cs KE\" \/>\n<meta property=\"article:published_time\" content=\"2022-10-19T21:05:18+00:00\" \/>\n<meta property=\"article:modified_time\" content=\"2022-10-25T21:16:04+00:00\" \/>\n<meta property=\"og:image\" content=\"http:\/\/szekacske.hu\/new\/wp-content\/uploads\/2022\/10\/image_6483441-300x224.jpg\" \/>\n<meta name=\"author\" content=\"Hudu Csaba\" \/>\n<meta name=\"twitter:card\" content=\"summary_large_image\" \/>\n<meta name=\"twitter:label1\" content=\"Szerz\u0151:\" \/>\n\t<meta name=\"twitter:data1\" content=\"Hudu Csaba\" \/>\n\t<meta name=\"twitter:label2\" content=\"Becs\u00fclt olvas\u00e1si id\u0151\" \/>\n\t<meta name=\"twitter:data2\" content=\"2 perc\" \/>\n<script type=\"application\/ld+json\" class=\"yoast-schema-graph\">{\"@context\":\"https:\\\/\\\/schema.org\",\"@graph\":[{\"@type\":\"Article\",\"@id\":\"https:\\\/\\\/szekacske.hu\\\/new\\\/2022\\\/10\\\/19\\\/leany-u11-tul-vagyunk-a-premieren\\\/#article\",\"isPartOf\":{\"@id\":\"https:\\\/\\\/szekacske.hu\\\/new\\\/2022\\\/10\\\/19\\\/leany-u11-tul-vagyunk-a-premieren\\\/\"},\"author\":{\"name\":\"Hudu Csaba\",\"@id\":\"https:\\\/\\\/szekacske.hu\\\/new\\\/#\\\/schema\\\/person\\\/1b98dcad88a429be1d6d889d1ceff05c\"},\"headline\":\"Le\u00e1ny U11 &#8211; T\u00fal vagyunk a premieren\",\"datePublished\":\"2022-10-19T21:05:18+00:00\",\"dateModified\":\"2022-10-25T21:16:04+00:00\",\"mainEntityOfPage\":{\"@id\":\"https:\\\/\\\/szekacske.hu\\\/new\\\/2022\\\/10\\\/19\\\/leany-u11-tul-vagyunk-a-premieren\\\/\"},\"wordCount\":254,\"commentCount\":0,\"image\":{\"@id\":\"https:\\\/\\\/szekacske.hu\\\/new\\\/2022\\\/10\\\/19\\\/leany-u11-tul-vagyunk-a-premieren\\\/#primaryimage\"},\"thumbnailUrl\":\"http:\\\/\\\/szekacske.hu\\\/new\\\/wp-content\\\/uploads\\\/2022\\\/10\\\/image_6483441-300x224.jpg\",\"keywords\":[\"LU11\"],\"articleSection\":[\"H\u00edrek\"],\"inLanguage\":\"hu\",\"potentialAction\":[{\"@type\":\"CommentAction\",\"name\":\"Comment\",\"target\":[\"https:\\\/\\\/szekacske.hu\\\/new\\\/2022\\\/10\\\/19\\\/leany-u11-tul-vagyunk-a-premieren\\\/#respond\"]}]},{\"@type\":\"WebPage\",\"@id\":\"https:\\\/\\\/szekacske.hu\\\/new\\\/2022\\\/10\\\/19\\\/leany-u11-tul-vagyunk-a-premieren\\\/\",\"url\":\"https:\\\/\\\/szekacske.hu\\\/new\\\/2022\\\/10\\\/19\\\/leany-u11-tul-vagyunk-a-premieren\\\/\",\"name\":\"Le\u00e1ny U11 - T\u00fal vagyunk a premieren - Sz\u00e9k\u00e1cs KE\",\"isPartOf\":{\"@id\":\"https:\\\/\\\/szekacske.hu\\\/new\\\/#website\"},\"primaryImageOfPage\":{\"@id\":\"https:\\\/\\\/szekacske.hu\\\/new\\\/2022\\\/10\\\/19\\\/leany-u11-tul-vagyunk-a-premieren\\\/#primaryimage\"},\"image\":{\"@id\":\"https:\\\/\\\/szekacske.hu\\\/new\\\/2022\\\/10\\\/19\\\/leany-u11-tul-vagyunk-a-premieren\\\/#primaryimage\"},\"thumbnailUrl\":\"http:\\\/\\\/szekacske.hu\\\/new\\\/wp-content\\\/uploads\\\/2022\\\/10\\\/image_6483441-300x224.jpg\",\"datePublished\":\"2022-10-19T21:05:18+00:00\",\"dateModified\":\"2022-10-25T21:16:04+00:00\",\"author\":{\"@id\":\"https:\\\/\\\/szekacske.hu\\\/new\\\/#\\\/schema\\\/person\\\/1b98dcad88a429be1d6d889d1ceff05c\"},\"breadcrumb\":{\"@id\":\"https:\\\/\\\/szekacske.hu\\\/new\\\/2022\\\/10\\\/19\\\/leany-u11-tul-vagyunk-a-premieren\\\/#breadcrumb\"},\"inLanguage\":\"hu\",\"potentialAction\":[{\"@type\":\"ReadAction\",\"target\":[\"https:\\\/\\\/szekacske.hu\\\/new\\\/2022\\\/10\\\/19\\\/leany-u11-tul-vagyunk-a-premieren\\\/\"]}]},{\"@type\":\"ImageObject\",\"inLanguage\":\"hu\",\"@id\":\"https:\\\/\\\/szekacske.hu\\\/new\\\/2022\\\/10\\\/19\\\/leany-u11-tul-vagyunk-a-premieren\\\/#primaryimage\",\"url\":\"https:\\\/\\\/szekacske.hu\\\/new\\\/wp-content\\\/uploads\\\/2022\\\/10\\\/image_6483441.jpg\",\"contentUrl\":\"https:\\\/\\\/szekacske.hu\\\/new\\\/wp-content\\\/uploads\\\/2022\\\/10\\\/image_6483441.jpg\",\"width\":567,\"height\":423},{\"@type\":\"BreadcrumbList\",\"@id\":\"https:\\\/\\\/szekacske.hu\\\/new\\\/2022\\\/10\\\/19\\\/leany-u11-tul-vagyunk-a-premieren\\\/#breadcrumb\",\"itemListElement\":[{\"@type\":\"ListItem\",\"position\":1,\"name\":\"Kezd\u0151lap\",\"item\":\"https:\\\/\\\/szekacske.hu\\\/new\\\/\"},{\"@type\":\"ListItem\",\"position\":2,\"name\":\"Le\u00e1ny U11 &#8211; T\u00fal vagyunk a premieren\"}]},{\"@type\":\"WebSite\",\"@id\":\"https:\\\/\\\/szekacske.hu\\\/new\\\/#website\",\"url\":\"https:\\\/\\\/szekacske.hu\\\/new\\\/\",\"name\":\"Sz\u00e9k\u00e1cs KE\",\"description\":\"T\u00f6r\u00f6kszentmikl\u00f3si Sz\u00e9k\u00e1cs KE hivatalos honlapja\",\"potentialAction\":[{\"@type\":\"SearchAction\",\"target\":{\"@type\":\"EntryPoint\",\"urlTemplate\":\"https:\\\/\\\/szekacske.hu\\\/new\\\/?s={search_term_string}\"},\"query-input\":{\"@type\":\"PropertyValueSpecification\",\"valueRequired\":true,\"valueName\":\"search_term_string\"}}],\"inLanguage\":\"hu\"},{\"@type\":\"Person\",\"@id\":\"https:\\\/\\\/szekacske.hu\\\/new\\\/#\\\/schema\\\/person\\\/1b98dcad88a429be1d6d889d1ceff05c\",\"name\":\"Hudu Csaba\",\"image\":{\"@type\":\"ImageObject\",\"inLanguage\":\"hu\",\"@id\":\"https:\\\/\\\/secure.gravatar.com\\\/avatar\\\/eed0dafe15853c848fa7aa47475b14c1975c1fdb204811bb8c23c2cc7e066847?s=96&d=mm&r=g\",\"url\":\"https:\\\/\\\/secure.gravatar.com\\\/avatar\\\/eed0dafe15853c848fa7aa47475b14c1975c1fdb204811bb8c23c2cc7e066847?s=96&d=mm&r=g\",\"contentUrl\":\"https:\\\/\\\/secure.gravatar.com\\\/avatar\\\/eed0dafe15853c848fa7aa47475b14c1975c1fdb204811bb8c23c2cc7e066847?s=96&d=mm&r=g\",\"caption\":\"Hudu Csaba\"},\"url\":\"https:\\\/\\\/szekacske.hu\\\/new\\\/author\\\/hcsaba\\\/\"}]}<\/script>\n<!-- \/ Yoast SEO plugin. -->","yoast_head_json":{"title":"Le\u00e1ny U11 - T\u00fal vagyunk a premieren - Sz\u00e9k\u00e1cs KE","robots":{"index":"index","follow":"follow","max-snippet":"max-snippet:-1","max-image-preview":"max-image-preview:large","max-video-preview":"max-video-preview:-1"},"canonical":"https:\/\/szekacske.hu\/new\/2022\/10\/19\/leany-u11-tul-vagyunk-a-premieren\/","og_locale":"hu_HU","og_type":"article","og_title":"Le\u00e1ny U11 - T\u00fal vagyunk a premieren - Sz\u00e9k\u00e1cs KE","og_description":"Az U11\u2013es l\u00e1nycsapatunk Sz\u00e1szberekben l\u00e9pett p\u00e1ly\u00e1ra 2022.10.16-\u00e1n a kisiskol\u00e1s bajnoks\u00e1g I. fordul\u00f3j\u00e1ban, ahol az Abonyi KC \u00e9s az Euronovex USE csapataival m\u00e9rk\u0151ztek meg . Az U11-es l\u00e1nyok augusztusban kezdt\u00e9k meg a felk\u00e9sz\u00fcl\u00e9st \u00e9s nagyon v\u00e1rt\u00e1k m\u00e1r az els\u0151 fordul\u00f3t, mivel most l\u00e9phettek p\u00e1ly\u00e1ra el\u0151sz\u00f6r hivatalos m\u00e9rk\u0151z\u00e9sen nagyp\u00e1ly\u00e1n. G\u00f6bly\u00f6s Tibor edz\u0151: K\u00e9t er\u0151s \u00e9s j\u00f3l felk\u00e9sz\u00edtett [&hellip;]","og_url":"https:\/\/szekacske.hu\/new\/2022\/10\/19\/leany-u11-tul-vagyunk-a-premieren\/","og_site_name":"Sz\u00e9k\u00e1cs KE","article_published_time":"2022-10-19T21:05:18+00:00","article_modified_time":"2022-10-25T21:16:04+00:00","og_image":[{"url":"http:\/\/szekacske.hu\/new\/wp-content\/uploads\/2022\/10\/image_6483441-300x224.jpg","type":"","width":"","height":""}],"author":"Hudu Csaba","twitter_card":"summary_large_image","twitter_misc":{"Szerz\u0151:":"Hudu Csaba","Becs\u00fclt olvas\u00e1si id\u0151":"2 perc"},"schema":{"@context":"https:\/\/schema.org","@graph":[{"@type":"Article","@id":"https:\/\/szekacske.hu\/new\/2022\/10\/19\/leany-u11-tul-vagyunk-a-premieren\/#article","isPartOf":{"@id":"https:\/\/szekacske.hu\/new\/2022\/10\/19\/leany-u11-tul-vagyunk-a-premieren\/"},"author":{"name":"Hudu Csaba","@id":"https:\/\/szekacske.hu\/new\/#\/schema\/person\/1b98dcad88a429be1d6d889d1ceff05c"},"headline":"Le\u00e1ny U11 &#8211; T\u00fal vagyunk a premieren","datePublished":"2022-10-19T21:05:18+00:00","dateModified":"2022-10-25T21:16:04+00:00","mainEntityOfPage":{"@id":"https:\/\/szekacske.hu\/new\/2022\/10\/19\/leany-u11-tul-vagyunk-a-premieren\/"},"wordCount":254,"commentCount":0,"image":{"@id":"https:\/\/szekacske.hu\/new\/2022\/10\/19\/leany-u11-tul-vagyunk-a-premieren\/#primaryimage"},"thumbnailUrl":"http:\/\/szekacske.hu\/new\/wp-content\/uploads\/2022\/10\/image_6483441-300x224.jpg","keywords":["LU11"],"articleSection":["H\u00edrek"],"inLanguage":"hu","potentialAction":[{"@type":"CommentAction","name":"Comment","target":["https:\/\/szekacske.hu\/new\/2022\/10\/19\/leany-u11-tul-vagyunk-a-premieren\/#respond"]}]},{"@type":"WebPage","@id":"https:\/\/szekacske.hu\/new\/2022\/10\/19\/leany-u11-tul-vagyunk-a-premieren\/","url":"https:\/\/szekacske.hu\/new\/2022\/10\/19\/leany-u11-tul-vagyunk-a-premieren\/","name":"Le\u00e1ny U11 - T\u00fal vagyunk a premieren - Sz\u00e9k\u00e1cs KE","isPartOf":{"@id":"https:\/\/szekacske.hu\/new\/#website"},"primaryImageOfPage":{"@id":"https:\/\/szekacske.hu\/new\/2022\/10\/19\/leany-u11-tul-vagyunk-a-premieren\/#primaryimage"},"image":{"@id":"https:\/\/szekacske.hu\/new\/2022\/10\/19\/leany-u11-tul-vagyunk-a-premieren\/#primaryimage"},"thumbnailUrl":"http:\/\/szekacske.hu\/new\/wp-content\/uploads\/2022\/10\/image_6483441-300x224.jpg","datePublished":"2022-10-19T21:05:18+00:00","dateModified":"2022-10-25T21:16:04+00:00","author":{"@id":"https:\/\/szekacske.hu\/new\/#\/schema\/person\/1b98dcad88a429be1d6d889d1ceff05c"},"breadcrumb":{"@id":"https:\/\/szekacske.hu\/new\/2022\/10\/19\/leany-u11-tul-vagyunk-a-premieren\/#breadcrumb"},"inLanguage":"hu","potentialAction":[{"@type":"ReadAction","target":["https:\/\/szekacske.hu\/new\/2022\/10\/19\/leany-u11-tul-vagyunk-a-premieren\/"]}]},{"@type":"ImageObject","inLanguage":"hu","@id":"https:\/\/szekacske.hu\/new\/2022\/10\/19\/leany-u11-tul-vagyunk-a-premieren\/#primaryimage","url":"https:\/\/szekacske.hu\/new\/wp-content\/uploads\/2022\/10\/image_6483441.jpg","contentUrl":"https:\/\/szekacske.hu\/new\/wp-content\/uploads\/2022\/10\/image_6483441.jpg","width":567,"height":423},{"@type":"BreadcrumbList","@id":"https:\/\/szekacske.hu\/new\/2022\/10\/19\/leany-u11-tul-vagyunk-a-premieren\/#breadcrumb","itemListElement":[{"@type":"ListItem","position":1,"name":"Kezd\u0151lap","item":"https:\/\/szekacske.hu\/new\/"},{"@type":"ListItem","position":2,"name":"Le\u00e1ny U11 &#8211; T\u00fal vagyunk a premieren"}]},{"@type":"WebSite","@id":"https:\/\/szekacske.hu\/new\/#website","url":"https:\/\/szekacske.hu\/new\/","name":"Sz\u00e9k\u00e1cs KE","description":"T\u00f6r\u00f6kszentmikl\u00f3si Sz\u00e9k\u00e1cs KE hivatalos honlapja","potentialAction":[{"@type":"SearchAction","target":{"@type":"EntryPoint","urlTemplate":"https:\/\/szekacske.hu\/new\/?s={search_term_string}"},"query-input":{"@type":"PropertyValueSpecification","valueRequired":true,"valueName":"search_term_string"}}],"inLanguage":"hu"},{"@type":"Person","@id":"https:\/\/szekacske.hu\/new\/#\/schema\/person\/1b98dcad88a429be1d6d889d1ceff05c","name":"Hudu Csaba","image":{"@type":"ImageObject","inLanguage":"hu","@id":"https:\/\/secure.gravatar.com\/avatar\/eed0dafe15853c848fa7aa47475b14c1975c1fdb204811bb8c23c2cc7e066847?s=96&d=mm&r=g","url":"https:\/\/secure.gravatar.com\/avatar\/eed0dafe15853c848fa7aa47475b14c1975c1fdb204811bb8c23c2cc7e066847?s=96&d=mm&r=g","contentUrl":"https:\/\/secure.gravatar.com\/avatar\/eed0dafe15853c848fa7aa47475b14c1975c1fdb204811bb8c23c2cc7e066847?s=96&d=mm&r=g","caption":"Hudu Csaba"},"url":"https:\/\/szekacske.hu\/new\/author\/hcsaba\/"}]}},"_links":{"self":[{"href":"https:\/\/szekacske.hu\/new\/wp-json\/wp\/v2\/posts\/1315","targetHints":{"allow":["GET"]}}],"collection":[{"href":"https:\/\/szekacske.hu\/new\/wp-json\/wp\/v2\/posts"}],"about":[{"href":"https:\/\/szekacske.hu\/new\/wp-json\/wp\/v2\/types\/post"}],"author":[{"embeddable":true,"href":"https:\/\/szekacske.hu\/new\/wp-json\/wp\/v2\/users\/3"}],"replies":[{"embeddable":true,"href":"https:\/\/szekacske.hu\/new\/wp-json\/wp\/v2\/comments?post=1315"}],"version-history":[{"count":4,"href":"https:\/\/szekacske.hu\/new\/wp-json\/wp\/v2\/posts\/1315\/revisions"}],"predecessor-version":[{"id":1324,"href":"https:\/\/szekacske.hu\/new\/wp-json\/wp\/v2\/posts\/1315\/revisions\/1324"}],"wp:attachment":[{"href":"https:\/\/szekacske.hu\/new\/wp-json\/wp\/v2\/media?parent=1315"}],"wp:term":[{"taxonomy":"category","embeddable":true,"href":"https:\/\/szekacske.hu\/new\/wp-json\/wp\/v2\/categories?post=1315"},{"taxonomy":"post_tag","embeddable":true,"href":"https:\/\/szekacske.hu\/new\/wp-json\/wp\/v2\/tags?post=1315"}],"curies":[{"name":"wp","href":"https:\/\/api.w.org\/{rel}","templated":true}]}}