{"id":3750,"date":"2025-12-13T12:08:48","date_gmt":"2025-12-13T11:08:48","guid":{"rendered":"https:\/\/szekacske.hu\/new\/?p=3750"},"modified":"2025-12-13T12:13:59","modified_gmt":"2025-12-13T11:13:59","slug":"leany-u14-ujabb-ket-gyozelem-a-bajnoksagban","status":"publish","type":"post","link":"http:\/\/szekacske.hu\/new\/2025\/12\/13\/leany-u14-ujabb-ket-gyozelem-a-bajnoksagban\/","title":{"rendered":"Le\u00e1ny U14 &#8211; \u00dajabb k\u00e9t gy\u0151zelem a bajnoks\u00e1gban!"},"content":{"rendered":"<p><strong>2025.11.29-\u00e9n J\u00e1szber\u00e9nybe l\u00e1togatott a Sz\u00e9k\u00e1cs KE l\u00e1ny U14-es csapata a soron k\u00f6vetkez\u0151 bajnoki fordul\u00f3ra.<\/strong><\/p>\n<p><a href=\"http:\/\/szekacske.hu\/new\/wp-content\/uploads\/2025\/12\/image0-8-scaled-e1765624024963.jpeg\"><img loading=\"lazy\" decoding=\"async\" class=\"alignnone wp-image-3751\" src=\"http:\/\/szekacske.hu\/new\/wp-content\/uploads\/2025\/12\/image0-8-scaled-e1765624024963-300x215.jpeg\" alt=\"\" width=\"1024\" height=\"735\" srcset=\"http:\/\/szekacske.hu\/new\/wp-content\/uploads\/2025\/12\/image0-8-scaled-e1765624024963-300x215.jpeg 300w, http:\/\/szekacske.hu\/new\/wp-content\/uploads\/2025\/12\/image0-8-scaled-e1765624024963-1024x735.jpeg 1024w, http:\/\/szekacske.hu\/new\/wp-content\/uploads\/2025\/12\/image0-8-scaled-e1765624024963-150x108.jpeg 150w, http:\/\/szekacske.hu\/new\/wp-content\/uploads\/2025\/12\/image0-8-scaled-e1765624024963-768x551.jpeg 768w, http:\/\/szekacske.hu\/new\/wp-content\/uploads\/2025\/12\/image0-8-scaled-e1765624024963-1536x1102.jpeg 1536w, http:\/\/szekacske.hu\/new\/wp-content\/uploads\/2025\/12\/image0-8-scaled-e1765624024963-2048x1469.jpeg 2048w, http:\/\/szekacske.hu\/new\/wp-content\/uploads\/2025\/12\/image0-8-scaled-e1765624024963-128x92.jpeg 128w, http:\/\/szekacske.hu\/new\/wp-content\/uploads\/2025\/12\/image0-8-scaled-e1765624024963-32x23.jpeg 32w\" sizes=\"auto, (max-width: 1024px) 100vw, 1024px\" \/><\/a><br \/>\n<!--more--><\/p>\n<p>Els\u0151 m\u00e9rk\u0151z\u00e9st a Mez\u0151t\u00fari AFC csapat\u00e1val j\u00e1tszott\u00e1k, melyen v\u00e9gig koncentr\u00e1lva, t\u00fcrelmes \u00e9s j\u00f3 v\u00e9dekez\u00e9s mellett siker\u00fclt gyors t\u00e1mad\u00e1sokat vezetni, \u00edgy a meccs v\u00e9ge nagy ar\u00e1ny\u00fa gy\u0151zelem lett.<br \/>\nA m\u00e1sodik m\u00e9rk\u0151z\u00e9st a Zeng\u0151 Alf\u00f6ld Orosh\u00e1zi KCE II. csapat\u00e1val j\u00e1tszotta a Sz\u00e9k\u00e1cs KE csapata. Az okt\u00f3beri haza p\u00e1ly\u00e1n elszenvedett 1 g\u00f3los veres\u00e9g ut\u00e1n a l\u00e1nyok nagyon motiv\u00e1ltan l\u00e9ptek p\u00e1ly\u00e1ra. A kem\u00e9ny, hat\u00e1rozott, hat\u00e9kony hatos falas v\u00e9dekez\u00e9s megalapozta a meccset, ellenfel\u00fcnk elbizonytalanodott, \u00edgy a f\u00e9lid\u0151ben 6 g\u00f3los vezet\u00e9ssel fordult a csapat. Ezt k\u00f6vet\u0151en a m\u00e1sodik f\u00e9lid\u0151ben magasabb fordulatra kapcsolt a Sz\u00e9k\u00e1cs \u00e9s a lend\u00fcletes t\u00e1mad\u00f3j\u00e1t\u00e9knak k\u00f6sz\u00f6nhet\u0151en folyamatosan n\u00f6velte az el\u0151ny\u00e9t, \u00edgy nagy ar\u00e1ny\u00fa gy\u0151zelem lett a m\u00e1sodik meccs v\u00e9ge.<\/p>\n<p><strong><em>A fordul\u00f3 eredm\u00e9nyei:<\/em><br \/>\n<\/strong><strong>Sz\u00e9k\u00e1cs KE-Mez\u0151t\u00fari AFC 30:3<\/strong><br \/>\n<strong>Sz\u00e9k\u00e1cs KE-Zeng\u0151 Alf\u00f6ld Orosh\u00e1zi KCE II. 29:14<\/strong><\/p>\n<blockquote><p>G\u00f6bly\u00f6s Tibor edz\u0151: Eg\u00e9sz h\u00e9ten az Orosh\u00e1za j\u00e1t\u00e9k\u00e1ra k\u00e9sz\u00fclt\u00fcnk, hogy azokat a hib\u00e1kat ki tudjuk jav\u00edtani, amelyeket a hazai m\u00e9rk\u0151z\u00e9sen elk\u00f6vett\u00fcnk. Voltak h\u00e1tr\u00e1ltat\u00f3 t\u00e9nyez\u0151k \u00e9s az orosh\u00e1zi k\u00e9t be\u00e1ll\u00f3s j\u00e1t\u00e9k is meglepte a csapatot, de egy olyan meccset siker\u00fclt j\u00e1tszani, amit a kispadr\u00f3l, \u00fagy \u00e9reztem, hogy ak\u00e1rmeddig is j\u00e1tszottuk volna a mai napon nem kaphatott volna ki a csapat. V\u00e9gig koncentr\u00e1lva, nagyon kev\u00e9s technikai hib\u00e1t v\u00e9tettek a l\u00e1nyok \u00e9s nagyon akart\u00e1k, ezt a gy\u0151zelmet. Nagyon b\u00fcszke vagyok a csapatomra.<\/p><\/blockquote>\n<p><a href=\"http:\/\/szekacske.hu\/new\/wp-content\/uploads\/2025\/12\/image2-scaled.jpeg\"><img loading=\"lazy\" decoding=\"async\" class=\"alignnone wp-image-3752\" src=\"http:\/\/szekacske.hu\/new\/wp-content\/uploads\/2025\/12\/image2-300x190.jpeg\" alt=\"\" width=\"1024\" height=\"647\" srcset=\"http:\/\/szekacske.hu\/new\/wp-content\/uploads\/2025\/12\/image2-300x190.jpeg 300w, http:\/\/szekacske.hu\/new\/wp-content\/uploads\/2025\/12\/image2-1024x647.jpeg 1024w, http:\/\/szekacske.hu\/new\/wp-content\/uploads\/2025\/12\/image2-150x95.jpeg 150w, http:\/\/szekacske.hu\/new\/wp-content\/uploads\/2025\/12\/image2-768x485.jpeg 768w, http:\/\/szekacske.hu\/new\/wp-content\/uploads\/2025\/12\/image2-1536x971.jpeg 1536w, http:\/\/szekacske.hu\/new\/wp-content\/uploads\/2025\/12\/image2-2048x1294.jpeg 2048w, http:\/\/szekacske.hu\/new\/wp-content\/uploads\/2025\/12\/image2-128x81.jpeg 128w, http:\/\/szekacske.hu\/new\/wp-content\/uploads\/2025\/12\/image2-32x20.jpeg 32w\" sizes=\"auto, (max-width: 1024px) 100vw, 1024px\" \/><\/a><\/p>\n","protected":false},"excerpt":{"rendered":"<p>2025.11.29-\u00e9n J\u00e1szber\u00e9nybe l\u00e1togatott a Sz\u00e9k\u00e1cs KE l\u00e1ny U14-es csapata a soron k\u00f6vetkez\u0151 bajnoki fordul\u00f3ra.<\/p>\n","protected":false},"author":3,"featured_media":0,"comment_status":"open","ping_status":"open","sticky":false,"template":"","format":"standard","meta":{"footnotes":""},"categories":[24],"tags":[125],"class_list":["post-3750","post","type-post","status-publish","format-standard","hentry","category-hirek","tag-lu14"],"yoast_head":"<!-- This site is optimized with the Yoast SEO plugin v27.5 - https:\/\/yoast.com\/product\/yoast-seo-wordpress\/ -->\n<title>Le\u00e1ny U14 - \u00dajabb k\u00e9t gy\u0151zelem a bajnoks\u00e1gban! - Sz\u00e9k\u00e1cs KE<\/title>\n<meta name=\"robots\" content=\"index, follow, max-snippet:-1, max-image-preview:large, max-video-preview:-1\" \/>\n<link rel=\"canonical\" href=\"http:\/\/szekacske.hu\/new\/2025\/12\/13\/leany-u14-ujabb-ket-gyozelem-a-bajnoksagban\/\" \/>\n<meta property=\"og:locale\" content=\"hu_HU\" \/>\n<meta property=\"og:type\" content=\"article\" \/>\n<meta property=\"og:title\" content=\"Le\u00e1ny U14 - \u00dajabb k\u00e9t gy\u0151zelem a bajnoks\u00e1gban! - Sz\u00e9k\u00e1cs KE\" \/>\n<meta property=\"og:description\" content=\"2025.11.29-\u00e9n J\u00e1szber\u00e9nybe l\u00e1togatott a Sz\u00e9k\u00e1cs KE l\u00e1ny U14-es csapata a soron k\u00f6vetkez\u0151 bajnoki fordul\u00f3ra.\" \/>\n<meta property=\"og:url\" content=\"http:\/\/szekacske.hu\/new\/2025\/12\/13\/leany-u14-ujabb-ket-gyozelem-a-bajnoksagban\/\" \/>\n<meta property=\"og:site_name\" content=\"Sz\u00e9k\u00e1cs KE\" \/>\n<meta property=\"article:published_time\" content=\"2025-12-13T11:08:48+00:00\" \/>\n<meta property=\"article:modified_time\" content=\"2025-12-13T11:13:59+00:00\" \/>\n<meta property=\"og:image\" content=\"http:\/\/szekacske.hu\/new\/wp-content\/uploads\/2025\/12\/image0-8-scaled-e1765624024963.jpeg\" \/>\n\t<meta property=\"og:image:width\" content=\"2445\" \/>\n\t<meta property=\"og:image:height\" content=\"1754\" \/>\n\t<meta property=\"og:image:type\" content=\"image\/jpeg\" \/>\n<meta name=\"author\" content=\"Hudu Csaba\" \/>\n<meta name=\"twitter:card\" content=\"summary_large_image\" \/>\n<meta name=\"twitter:label1\" content=\"Szerz\u0151:\" \/>\n\t<meta name=\"twitter:data1\" content=\"Hudu Csaba\" \/>\n\t<meta name=\"twitter:label2\" content=\"Becs\u00fclt olvas\u00e1si id\u0151\" \/>\n\t<meta name=\"twitter:data2\" content=\"2 perc\" \/>\n<script type=\"application\/ld+json\" class=\"yoast-schema-graph\">{\"@context\":\"https:\\\/\\\/schema.org\",\"@graph\":[{\"@type\":\"Article\",\"@id\":\"http:\\\/\\\/szekacske.hu\\\/new\\\/2025\\\/12\\\/13\\\/leany-u14-ujabb-ket-gyozelem-a-bajnoksagban\\\/#article\",\"isPartOf\":{\"@id\":\"http:\\\/\\\/szekacske.hu\\\/new\\\/2025\\\/12\\\/13\\\/leany-u14-ujabb-ket-gyozelem-a-bajnoksagban\\\/\"},\"author\":{\"name\":\"Hudu Csaba\",\"@id\":\"https:\\\/\\\/szekacske.hu\\\/new\\\/#\\\/schema\\\/person\\\/1b98dcad88a429be1d6d889d1ceff05c\"},\"headline\":\"Le\u00e1ny U14 &#8211; \u00dajabb k\u00e9t gy\u0151zelem a bajnoks\u00e1gban!\",\"datePublished\":\"2025-12-13T11:08:48+00:00\",\"dateModified\":\"2025-12-13T11:13:59+00:00\",\"mainEntityOfPage\":{\"@id\":\"http:\\\/\\\/szekacske.hu\\\/new\\\/2025\\\/12\\\/13\\\/leany-u14-ujabb-ket-gyozelem-a-bajnoksagban\\\/\"},\"wordCount\":354,\"commentCount\":0,\"image\":{\"@id\":\"http:\\\/\\\/szekacske.hu\\\/new\\\/2025\\\/12\\\/13\\\/leany-u14-ujabb-ket-gyozelem-a-bajnoksagban\\\/#primaryimage\"},\"thumbnailUrl\":\"http:\\\/\\\/szekacske.hu\\\/new\\\/wp-content\\\/uploads\\\/2025\\\/12\\\/image0-8-scaled-e1765624024963-300x215.jpeg\",\"keywords\":[\"LU14\"],\"articleSection\":[\"H\u00edrek\"],\"inLanguage\":\"hu\",\"potentialAction\":[{\"@type\":\"CommentAction\",\"name\":\"Comment\",\"target\":[\"http:\\\/\\\/szekacske.hu\\\/new\\\/2025\\\/12\\\/13\\\/leany-u14-ujabb-ket-gyozelem-a-bajnoksagban\\\/#respond\"]}]},{\"@type\":\"WebPage\",\"@id\":\"http:\\\/\\\/szekacske.hu\\\/new\\\/2025\\\/12\\\/13\\\/leany-u14-ujabb-ket-gyozelem-a-bajnoksagban\\\/\",\"url\":\"http:\\\/\\\/szekacske.hu\\\/new\\\/2025\\\/12\\\/13\\\/leany-u14-ujabb-ket-gyozelem-a-bajnoksagban\\\/\",\"name\":\"Le\u00e1ny U14 - \u00dajabb k\u00e9t gy\u0151zelem a bajnoks\u00e1gban! - Sz\u00e9k\u00e1cs KE\",\"isPartOf\":{\"@id\":\"https:\\\/\\\/szekacske.hu\\\/new\\\/#website\"},\"primaryImageOfPage\":{\"@id\":\"http:\\\/\\\/szekacske.hu\\\/new\\\/2025\\\/12\\\/13\\\/leany-u14-ujabb-ket-gyozelem-a-bajnoksagban\\\/#primaryimage\"},\"image\":{\"@id\":\"http:\\\/\\\/szekacske.hu\\\/new\\\/2025\\\/12\\\/13\\\/leany-u14-ujabb-ket-gyozelem-a-bajnoksagban\\\/#primaryimage\"},\"thumbnailUrl\":\"http:\\\/\\\/szekacske.hu\\\/new\\\/wp-content\\\/uploads\\\/2025\\\/12\\\/image0-8-scaled-e1765624024963-300x215.jpeg\",\"datePublished\":\"2025-12-13T11:08:48+00:00\",\"dateModified\":\"2025-12-13T11:13:59+00:00\",\"author\":{\"@id\":\"https:\\\/\\\/szekacske.hu\\\/new\\\/#\\\/schema\\\/person\\\/1b98dcad88a429be1d6d889d1ceff05c\"},\"breadcrumb\":{\"@id\":\"http:\\\/\\\/szekacske.hu\\\/new\\\/2025\\\/12\\\/13\\\/leany-u14-ujabb-ket-gyozelem-a-bajnoksagban\\\/#breadcrumb\"},\"inLanguage\":\"hu\",\"potentialAction\":[{\"@type\":\"ReadAction\",\"target\":[\"http:\\\/\\\/szekacske.hu\\\/new\\\/2025\\\/12\\\/13\\\/leany-u14-ujabb-ket-gyozelem-a-bajnoksagban\\\/\"]}]},{\"@type\":\"ImageObject\",\"inLanguage\":\"hu\",\"@id\":\"http:\\\/\\\/szekacske.hu\\\/new\\\/2025\\\/12\\\/13\\\/leany-u14-ujabb-ket-gyozelem-a-bajnoksagban\\\/#primaryimage\",\"url\":\"http:\\\/\\\/szekacske.hu\\\/new\\\/wp-content\\\/uploads\\\/2025\\\/12\\\/image0-8-scaled-e1765624024963-300x215.jpeg\",\"contentUrl\":\"http:\\\/\\\/szekacske.hu\\\/new\\\/wp-content\\\/uploads\\\/2025\\\/12\\\/image0-8-scaled-e1765624024963-300x215.jpeg\"},{\"@type\":\"BreadcrumbList\",\"@id\":\"http:\\\/\\\/szekacske.hu\\\/new\\\/2025\\\/12\\\/13\\\/leany-u14-ujabb-ket-gyozelem-a-bajnoksagban\\\/#breadcrumb\",\"itemListElement\":[{\"@type\":\"ListItem\",\"position\":1,\"name\":\"Kezd\u0151lap\",\"item\":\"https:\\\/\\\/szekacske.hu\\\/new\\\/\"},{\"@type\":\"ListItem\",\"position\":2,\"name\":\"Le\u00e1ny U14 &#8211; \u00dajabb k\u00e9t gy\u0151zelem a bajnoks\u00e1gban!\"}]},{\"@type\":\"WebSite\",\"@id\":\"https:\\\/\\\/szekacske.hu\\\/new\\\/#website\",\"url\":\"https:\\\/\\\/szekacske.hu\\\/new\\\/\",\"name\":\"Sz\u00e9k\u00e1cs KE\",\"description\":\"T\u00f6r\u00f6kszentmikl\u00f3si Sz\u00e9k\u00e1cs KE hivatalos honlapja\",\"potentialAction\":[{\"@type\":\"SearchAction\",\"target\":{\"@type\":\"EntryPoint\",\"urlTemplate\":\"https:\\\/\\\/szekacske.hu\\\/new\\\/?s={search_term_string}\"},\"query-input\":{\"@type\":\"PropertyValueSpecification\",\"valueRequired\":true,\"valueName\":\"search_term_string\"}}],\"inLanguage\":\"hu\"},{\"@type\":\"Person\",\"@id\":\"https:\\\/\\\/szekacske.hu\\\/new\\\/#\\\/schema\\\/person\\\/1b98dcad88a429be1d6d889d1ceff05c\",\"name\":\"Hudu Csaba\",\"image\":{\"@type\":\"ImageObject\",\"inLanguage\":\"hu\",\"@id\":\"https:\\\/\\\/secure.gravatar.com\\\/avatar\\\/eed0dafe15853c848fa7aa47475b14c1975c1fdb204811bb8c23c2cc7e066847?s=96&d=mm&r=g\",\"url\":\"https:\\\/\\\/secure.gravatar.com\\\/avatar\\\/eed0dafe15853c848fa7aa47475b14c1975c1fdb204811bb8c23c2cc7e066847?s=96&d=mm&r=g\",\"contentUrl\":\"https:\\\/\\\/secure.gravatar.com\\\/avatar\\\/eed0dafe15853c848fa7aa47475b14c1975c1fdb204811bb8c23c2cc7e066847?s=96&d=mm&r=g\",\"caption\":\"Hudu Csaba\"},\"url\":\"http:\\\/\\\/szekacske.hu\\\/new\\\/author\\\/hcsaba\\\/\"}]}<\/script>\n<!-- \/ Yoast SEO plugin. -->","yoast_head_json":{"title":"Le\u00e1ny U14 - \u00dajabb k\u00e9t gy\u0151zelem a bajnoks\u00e1gban! - Sz\u00e9k\u00e1cs KE","robots":{"index":"index","follow":"follow","max-snippet":"max-snippet:-1","max-image-preview":"max-image-preview:large","max-video-preview":"max-video-preview:-1"},"canonical":"http:\/\/szekacske.hu\/new\/2025\/12\/13\/leany-u14-ujabb-ket-gyozelem-a-bajnoksagban\/","og_locale":"hu_HU","og_type":"article","og_title":"Le\u00e1ny U14 - \u00dajabb k\u00e9t gy\u0151zelem a bajnoks\u00e1gban! - Sz\u00e9k\u00e1cs KE","og_description":"2025.11.29-\u00e9n J\u00e1szber\u00e9nybe l\u00e1togatott a Sz\u00e9k\u00e1cs KE l\u00e1ny U14-es csapata a soron k\u00f6vetkez\u0151 bajnoki fordul\u00f3ra.","og_url":"http:\/\/szekacske.hu\/new\/2025\/12\/13\/leany-u14-ujabb-ket-gyozelem-a-bajnoksagban\/","og_site_name":"Sz\u00e9k\u00e1cs KE","article_published_time":"2025-12-13T11:08:48+00:00","article_modified_time":"2025-12-13T11:13:59+00:00","og_image":[{"width":2445,"height":1754,"url":"http:\/\/szekacske.hu\/new\/wp-content\/uploads\/2025\/12\/image0-8-scaled-e1765624024963.jpeg","type":"image\/jpeg"}],"author":"Hudu Csaba","twitter_card":"summary_large_image","twitter_misc":{"Szerz\u0151:":"Hudu Csaba","Becs\u00fclt olvas\u00e1si id\u0151":"2 perc"},"schema":{"@context":"https:\/\/schema.org","@graph":[{"@type":"Article","@id":"http:\/\/szekacske.hu\/new\/2025\/12\/13\/leany-u14-ujabb-ket-gyozelem-a-bajnoksagban\/#article","isPartOf":{"@id":"http:\/\/szekacske.hu\/new\/2025\/12\/13\/leany-u14-ujabb-ket-gyozelem-a-bajnoksagban\/"},"author":{"name":"Hudu Csaba","@id":"https:\/\/szekacske.hu\/new\/#\/schema\/person\/1b98dcad88a429be1d6d889d1ceff05c"},"headline":"Le\u00e1ny U14 &#8211; \u00dajabb k\u00e9t gy\u0151zelem a bajnoks\u00e1gban!","datePublished":"2025-12-13T11:08:48+00:00","dateModified":"2025-12-13T11:13:59+00:00","mainEntityOfPage":{"@id":"http:\/\/szekacske.hu\/new\/2025\/12\/13\/leany-u14-ujabb-ket-gyozelem-a-bajnoksagban\/"},"wordCount":354,"commentCount":0,"image":{"@id":"http:\/\/szekacske.hu\/new\/2025\/12\/13\/leany-u14-ujabb-ket-gyozelem-a-bajnoksagban\/#primaryimage"},"thumbnailUrl":"http:\/\/szekacske.hu\/new\/wp-content\/uploads\/2025\/12\/image0-8-scaled-e1765624024963-300x215.jpeg","keywords":["LU14"],"articleSection":["H\u00edrek"],"inLanguage":"hu","potentialAction":[{"@type":"CommentAction","name":"Comment","target":["http:\/\/szekacske.hu\/new\/2025\/12\/13\/leany-u14-ujabb-ket-gyozelem-a-bajnoksagban\/#respond"]}]},{"@type":"WebPage","@id":"http:\/\/szekacske.hu\/new\/2025\/12\/13\/leany-u14-ujabb-ket-gyozelem-a-bajnoksagban\/","url":"http:\/\/szekacske.hu\/new\/2025\/12\/13\/leany-u14-ujabb-ket-gyozelem-a-bajnoksagban\/","name":"Le\u00e1ny U14 - \u00dajabb k\u00e9t gy\u0151zelem a bajnoks\u00e1gban! - Sz\u00e9k\u00e1cs KE","isPartOf":{"@id":"https:\/\/szekacske.hu\/new\/#website"},"primaryImageOfPage":{"@id":"http:\/\/szekacske.hu\/new\/2025\/12\/13\/leany-u14-ujabb-ket-gyozelem-a-bajnoksagban\/#primaryimage"},"image":{"@id":"http:\/\/szekacske.hu\/new\/2025\/12\/13\/leany-u14-ujabb-ket-gyozelem-a-bajnoksagban\/#primaryimage"},"thumbnailUrl":"http:\/\/szekacske.hu\/new\/wp-content\/uploads\/2025\/12\/image0-8-scaled-e1765624024963-300x215.jpeg","datePublished":"2025-12-13T11:08:48+00:00","dateModified":"2025-12-13T11:13:59+00:00","author":{"@id":"https:\/\/szekacske.hu\/new\/#\/schema\/person\/1b98dcad88a429be1d6d889d1ceff05c"},"breadcrumb":{"@id":"http:\/\/szekacske.hu\/new\/2025\/12\/13\/leany-u14-ujabb-ket-gyozelem-a-bajnoksagban\/#breadcrumb"},"inLanguage":"hu","potentialAction":[{"@type":"ReadAction","target":["http:\/\/szekacske.hu\/new\/2025\/12\/13\/leany-u14-ujabb-ket-gyozelem-a-bajnoksagban\/"]}]},{"@type":"ImageObject","inLanguage":"hu","@id":"http:\/\/szekacske.hu\/new\/2025\/12\/13\/leany-u14-ujabb-ket-gyozelem-a-bajnoksagban\/#primaryimage","url":"http:\/\/szekacske.hu\/new\/wp-content\/uploads\/2025\/12\/image0-8-scaled-e1765624024963-300x215.jpeg","contentUrl":"http:\/\/szekacske.hu\/new\/wp-content\/uploads\/2025\/12\/image0-8-scaled-e1765624024963-300x215.jpeg"},{"@type":"BreadcrumbList","@id":"http:\/\/szekacske.hu\/new\/2025\/12\/13\/leany-u14-ujabb-ket-gyozelem-a-bajnoksagban\/#breadcrumb","itemListElement":[{"@type":"ListItem","position":1,"name":"Kezd\u0151lap","item":"https:\/\/szekacske.hu\/new\/"},{"@type":"ListItem","position":2,"name":"Le\u00e1ny U14 &#8211; \u00dajabb k\u00e9t gy\u0151zelem a bajnoks\u00e1gban!"}]},{"@type":"WebSite","@id":"https:\/\/szekacske.hu\/new\/#website","url":"https:\/\/szekacske.hu\/new\/","name":"Sz\u00e9k\u00e1cs KE","description":"T\u00f6r\u00f6kszentmikl\u00f3si Sz\u00e9k\u00e1cs KE hivatalos honlapja","potentialAction":[{"@type":"SearchAction","target":{"@type":"EntryPoint","urlTemplate":"https:\/\/szekacske.hu\/new\/?s={search_term_string}"},"query-input":{"@type":"PropertyValueSpecification","valueRequired":true,"valueName":"search_term_string"}}],"inLanguage":"hu"},{"@type":"Person","@id":"https:\/\/szekacske.hu\/new\/#\/schema\/person\/1b98dcad88a429be1d6d889d1ceff05c","name":"Hudu Csaba","image":{"@type":"ImageObject","inLanguage":"hu","@id":"https:\/\/secure.gravatar.com\/avatar\/eed0dafe15853c848fa7aa47475b14c1975c1fdb204811bb8c23c2cc7e066847?s=96&d=mm&r=g","url":"https:\/\/secure.gravatar.com\/avatar\/eed0dafe15853c848fa7aa47475b14c1975c1fdb204811bb8c23c2cc7e066847?s=96&d=mm&r=g","contentUrl":"https:\/\/secure.gravatar.com\/avatar\/eed0dafe15853c848fa7aa47475b14c1975c1fdb204811bb8c23c2cc7e066847?s=96&d=mm&r=g","caption":"Hudu Csaba"},"url":"http:\/\/szekacske.hu\/new\/author\/hcsaba\/"}]}},"_links":{"self":[{"href":"http:\/\/szekacske.hu\/new\/wp-json\/wp\/v2\/posts\/3750","targetHints":{"allow":["GET"]}}],"collection":[{"href":"http:\/\/szekacske.hu\/new\/wp-json\/wp\/v2\/posts"}],"about":[{"href":"http:\/\/szekacske.hu\/new\/wp-json\/wp\/v2\/types\/post"}],"author":[{"embeddable":true,"href":"http:\/\/szekacske.hu\/new\/wp-json\/wp\/v2\/users\/3"}],"replies":[{"embeddable":true,"href":"http:\/\/szekacske.hu\/new\/wp-json\/wp\/v2\/comments?post=3750"}],"version-history":[{"count":3,"href":"http:\/\/szekacske.hu\/new\/wp-json\/wp\/v2\/posts\/3750\/revisions"}],"predecessor-version":[{"id":3755,"href":"http:\/\/szekacske.hu\/new\/wp-json\/wp\/v2\/posts\/3750\/revisions\/3755"}],"wp:attachment":[{"href":"http:\/\/szekacske.hu\/new\/wp-json\/wp\/v2\/media?parent=3750"}],"wp:term":[{"taxonomy":"category","embeddable":true,"href":"http:\/\/szekacske.hu\/new\/wp-json\/wp\/v2\/categories?post=3750"},{"taxonomy":"post_tag","embeddable":true,"href":"http:\/\/szekacske.hu\/new\/wp-json\/wp\/v2\/tags?post=3750"}],"curies":[{"name":"wp","href":"https:\/\/api.w.org\/{rel}","templated":true}]}}