{"id":3463,"date":"2025-09-13T21:41:37","date_gmt":"2025-09-13T19:41:37","guid":{"rendered":"http:\/\/szekacske.hu\/new\/?p=3463"},"modified":"2025-09-13T21:46:25","modified_gmt":"2025-09-13T19:46:25","slug":"nbii-kezdodik-a-szezon","status":"publish","type":"post","link":"http:\/\/szekacske.hu\/new\/2025\/09\/13\/nbii-kezdodik-a-szezon\/","title":{"rendered":"NBII &#8211; Kezd\u0151dik a szezon"},"content":{"rendered":"<p>V\u00e9get \u00e9rt a Sz\u00e9k\u00e1cs KE feln\u0151tt f\u00e9rfi k\u00e9zilabdacsapat\u00e1nak felk\u00e9sz\u00fcl\u00e9se a 2025\/2026-os szezonra.<\/p>\n<p><a href=\"http:\/\/szekacske.hu\/new\/wp-content\/uploads\/2025\/09\/szekacs-ke-start2-cikk-2-scaled.jpg\"><img loading=\"lazy\" decoding=\"async\" class=\"alignnone wp-image-3465\" src=\"http:\/\/szekacske.hu\/new\/wp-content\/uploads\/2025\/09\/szekacs-ke-start2-cikk-2-300x157.jpg\" alt=\"\" width=\"1024\" height=\"536\" srcset=\"http:\/\/szekacske.hu\/new\/wp-content\/uploads\/2025\/09\/szekacs-ke-start2-cikk-2-300x157.jpg 300w, http:\/\/szekacske.hu\/new\/wp-content\/uploads\/2025\/09\/szekacs-ke-start2-cikk-2-1024x536.jpg 1024w, http:\/\/szekacske.hu\/new\/wp-content\/uploads\/2025\/09\/szekacs-ke-start2-cikk-2-150x78.jpg 150w, http:\/\/szekacske.hu\/new\/wp-content\/uploads\/2025\/09\/szekacs-ke-start2-cikk-2-768x402.jpg 768w, http:\/\/szekacske.hu\/new\/wp-content\/uploads\/2025\/09\/szekacs-ke-start2-cikk-2-1536x804.jpg 1536w, http:\/\/szekacske.hu\/new\/wp-content\/uploads\/2025\/09\/szekacs-ke-start2-cikk-2-2048x1071.jpg 2048w, http:\/\/szekacske.hu\/new\/wp-content\/uploads\/2025\/09\/szekacs-ke-start2-cikk-2-128x67.jpg 128w, http:\/\/szekacske.hu\/new\/wp-content\/uploads\/2025\/09\/szekacs-ke-start2-cikk-2-32x17.jpg 32w\" sizes=\"auto, (max-width: 1024px) 100vw, 1024px\" \/><\/a><\/p>\n<p><!--more--><\/p>\n<p>A majdani m\u00e9rk\u0151z\u00e9sek helysz\u00edn\u00e9n, a L\u00e1bassy tornacsarnokban zajlottak az tr\u00e9ningek. A h\u00e9tv\u00e9g\u00e9n m\u00e1r bajnoki meccs k\u00f6vetkezik.<\/p>\n<p><iframe loading=\"lazy\" title=\"Kezd\u0151dik az NBII-es k\u00e9zilabdabajnoks\u00e1g\" width=\"620\" height=\"349\" src=\"https:\/\/www.youtube.com\/embed\/Rr_l_FK_Ucw?feature=oembed\" frameborder=\"0\" allow=\"accelerometer; autoplay; clipboard-write; encrypted-media; gyroscope; picture-in-picture; web-share\" referrerpolicy=\"strict-origin-when-cross-origin\" allowfullscreen><\/iframe><\/p>\n<p>Az els\u0151 fordul\u00f3ra hazai p\u00e1ly\u00e1n a L\u00e1bassy torncsarnokban ker\u00fcl sor, szeptember 14-\u00e9n 17:00 \u00f3r\u00e1t\u00f3l a Kiskunmajs\u00e1t fogadja a Sz\u00e9k\u00e1cs KE.<\/p>\n","protected":false},"excerpt":{"rendered":"<p>V\u00e9get \u00e9rt a Sz\u00e9k\u00e1cs KE feln\u0151tt f\u00e9rfi k\u00e9zilabdacsapat\u00e1nak felk\u00e9sz\u00fcl\u00e9se a 2025\/2026-os szezonra.<\/p>\n","protected":false},"author":3,"featured_media":0,"comment_status":"open","ping_status":"open","sticky":false,"template":"","format":"standard","meta":{"footnotes":""},"categories":[31,24],"tags":[],"class_list":["post-3463","post","type-post","status-publish","format-standard","hentry","category-felnott","category-hirek"],"yoast_head":"<!-- This site is optimized with the Yoast SEO plugin v27.5 - https:\/\/yoast.com\/product\/yoast-seo-wordpress\/ -->\n<title>NBII - Kezd\u0151dik a szezon - Sz\u00e9k\u00e1cs KE<\/title>\n<meta name=\"robots\" content=\"index, follow, max-snippet:-1, max-image-preview:large, max-video-preview:-1\" \/>\n<link rel=\"canonical\" href=\"http:\/\/szekacske.hu\/new\/2025\/09\/13\/nbii-kezdodik-a-szezon\/\" \/>\n<meta property=\"og:locale\" content=\"hu_HU\" \/>\n<meta property=\"og:type\" content=\"article\" \/>\n<meta property=\"og:title\" content=\"NBII - Kezd\u0151dik a szezon - Sz\u00e9k\u00e1cs KE\" \/>\n<meta property=\"og:description\" content=\"V\u00e9get \u00e9rt a Sz\u00e9k\u00e1cs KE feln\u0151tt f\u00e9rfi k\u00e9zilabdacsapat\u00e1nak felk\u00e9sz\u00fcl\u00e9se a 2025\/2026-os szezonra.\" \/>\n<meta property=\"og:url\" content=\"http:\/\/szekacske.hu\/new\/2025\/09\/13\/nbii-kezdodik-a-szezon\/\" \/>\n<meta property=\"og:site_name\" content=\"Sz\u00e9k\u00e1cs KE\" \/>\n<meta property=\"article:published_time\" content=\"2025-09-13T19:41:37+00:00\" \/>\n<meta property=\"article:modified_time\" content=\"2025-09-13T19:46:25+00:00\" \/>\n<meta property=\"og:image\" content=\"http:\/\/szekacske.hu\/new\/wp-content\/uploads\/2025\/09\/szekacs-ke-start2-cikk-2-scaled.jpg\" \/>\n\t<meta property=\"og:image:width\" content=\"2560\" \/>\n\t<meta property=\"og:image:height\" content=\"1339\" \/>\n\t<meta property=\"og:image:type\" content=\"image\/jpeg\" \/>\n<meta name=\"author\" content=\"Hudu Csaba\" \/>\n<meta name=\"twitter:card\" content=\"summary_large_image\" \/>\n<meta name=\"twitter:label1\" content=\"Szerz\u0151:\" \/>\n\t<meta name=\"twitter:data1\" content=\"Hudu Csaba\" \/>\n\t<meta name=\"twitter:label2\" content=\"Becs\u00fclt olvas\u00e1si id\u0151\" \/>\n\t<meta name=\"twitter:data2\" content=\"1 perc\" \/>\n<script type=\"application\/ld+json\" class=\"yoast-schema-graph\">{\"@context\":\"https:\\\/\\\/schema.org\",\"@graph\":[{\"@type\":\"Article\",\"@id\":\"http:\\\/\\\/szekacske.hu\\\/new\\\/2025\\\/09\\\/13\\\/nbii-kezdodik-a-szezon\\\/#article\",\"isPartOf\":{\"@id\":\"http:\\\/\\\/szekacske.hu\\\/new\\\/2025\\\/09\\\/13\\\/nbii-kezdodik-a-szezon\\\/\"},\"author\":{\"name\":\"Hudu Csaba\",\"@id\":\"https:\\\/\\\/szekacske.hu\\\/new\\\/#\\\/schema\\\/person\\\/1b98dcad88a429be1d6d889d1ceff05c\"},\"headline\":\"NBII &#8211; Kezd\u0151dik a szezon\",\"datePublished\":\"2025-09-13T19:41:37+00:00\",\"dateModified\":\"2025-09-13T19:46:25+00:00\",\"mainEntityOfPage\":{\"@id\":\"http:\\\/\\\/szekacske.hu\\\/new\\\/2025\\\/09\\\/13\\\/nbii-kezdodik-a-szezon\\\/\"},\"wordCount\":93,\"commentCount\":0,\"image\":{\"@id\":\"http:\\\/\\\/szekacske.hu\\\/new\\\/2025\\\/09\\\/13\\\/nbii-kezdodik-a-szezon\\\/#primaryimage\"},\"thumbnailUrl\":\"http:\\\/\\\/szekacske.hu\\\/new\\\/wp-content\\\/uploads\\\/2025\\\/09\\\/szekacs-ke-start2-cikk-2-300x157.jpg\",\"articleSection\":[\"Feln\u0151tt\",\"H\u00edrek\"],\"inLanguage\":\"hu\",\"potentialAction\":[{\"@type\":\"CommentAction\",\"name\":\"Comment\",\"target\":[\"http:\\\/\\\/szekacske.hu\\\/new\\\/2025\\\/09\\\/13\\\/nbii-kezdodik-a-szezon\\\/#respond\"]}]},{\"@type\":\"WebPage\",\"@id\":\"http:\\\/\\\/szekacske.hu\\\/new\\\/2025\\\/09\\\/13\\\/nbii-kezdodik-a-szezon\\\/\",\"url\":\"http:\\\/\\\/szekacske.hu\\\/new\\\/2025\\\/09\\\/13\\\/nbii-kezdodik-a-szezon\\\/\",\"name\":\"NBII - Kezd\u0151dik a szezon - Sz\u00e9k\u00e1cs KE\",\"isPartOf\":{\"@id\":\"https:\\\/\\\/szekacske.hu\\\/new\\\/#website\"},\"primaryImageOfPage\":{\"@id\":\"http:\\\/\\\/szekacske.hu\\\/new\\\/2025\\\/09\\\/13\\\/nbii-kezdodik-a-szezon\\\/#primaryimage\"},\"image\":{\"@id\":\"http:\\\/\\\/szekacske.hu\\\/new\\\/2025\\\/09\\\/13\\\/nbii-kezdodik-a-szezon\\\/#primaryimage\"},\"thumbnailUrl\":\"http:\\\/\\\/szekacske.hu\\\/new\\\/wp-content\\\/uploads\\\/2025\\\/09\\\/szekacs-ke-start2-cikk-2-300x157.jpg\",\"datePublished\":\"2025-09-13T19:41:37+00:00\",\"dateModified\":\"2025-09-13T19:46:25+00:00\",\"author\":{\"@id\":\"https:\\\/\\\/szekacske.hu\\\/new\\\/#\\\/schema\\\/person\\\/1b98dcad88a429be1d6d889d1ceff05c\"},\"breadcrumb\":{\"@id\":\"http:\\\/\\\/szekacske.hu\\\/new\\\/2025\\\/09\\\/13\\\/nbii-kezdodik-a-szezon\\\/#breadcrumb\"},\"inLanguage\":\"hu\",\"potentialAction\":[{\"@type\":\"ReadAction\",\"target\":[\"http:\\\/\\\/szekacske.hu\\\/new\\\/2025\\\/09\\\/13\\\/nbii-kezdodik-a-szezon\\\/\"]}]},{\"@type\":\"ImageObject\",\"inLanguage\":\"hu\",\"@id\":\"http:\\\/\\\/szekacske.hu\\\/new\\\/2025\\\/09\\\/13\\\/nbii-kezdodik-a-szezon\\\/#primaryimage\",\"url\":\"http:\\\/\\\/szekacske.hu\\\/new\\\/wp-content\\\/uploads\\\/2025\\\/09\\\/szekacs-ke-start2-cikk-2-scaled.jpg\",\"contentUrl\":\"http:\\\/\\\/szekacske.hu\\\/new\\\/wp-content\\\/uploads\\\/2025\\\/09\\\/szekacs-ke-start2-cikk-2-scaled.jpg\",\"width\":2560,\"height\":1339},{\"@type\":\"BreadcrumbList\",\"@id\":\"http:\\\/\\\/szekacske.hu\\\/new\\\/2025\\\/09\\\/13\\\/nbii-kezdodik-a-szezon\\\/#breadcrumb\",\"itemListElement\":[{\"@type\":\"ListItem\",\"position\":1,\"name\":\"Kezd\u0151lap\",\"item\":\"https:\\\/\\\/szekacske.hu\\\/new\\\/\"},{\"@type\":\"ListItem\",\"position\":2,\"name\":\"NBII &#8211; Kezd\u0151dik a szezon\"}]},{\"@type\":\"WebSite\",\"@id\":\"https:\\\/\\\/szekacske.hu\\\/new\\\/#website\",\"url\":\"https:\\\/\\\/szekacske.hu\\\/new\\\/\",\"name\":\"Sz\u00e9k\u00e1cs KE\",\"description\":\"T\u00f6r\u00f6kszentmikl\u00f3si Sz\u00e9k\u00e1cs KE hivatalos honlapja\",\"potentialAction\":[{\"@type\":\"SearchAction\",\"target\":{\"@type\":\"EntryPoint\",\"urlTemplate\":\"https:\\\/\\\/szekacske.hu\\\/new\\\/?s={search_term_string}\"},\"query-input\":{\"@type\":\"PropertyValueSpecification\",\"valueRequired\":true,\"valueName\":\"search_term_string\"}}],\"inLanguage\":\"hu\"},{\"@type\":\"Person\",\"@id\":\"https:\\\/\\\/szekacske.hu\\\/new\\\/#\\\/schema\\\/person\\\/1b98dcad88a429be1d6d889d1ceff05c\",\"name\":\"Hudu Csaba\",\"image\":{\"@type\":\"ImageObject\",\"inLanguage\":\"hu\",\"@id\":\"https:\\\/\\\/secure.gravatar.com\\\/avatar\\\/eed0dafe15853c848fa7aa47475b14c1975c1fdb204811bb8c23c2cc7e066847?s=96&d=mm&r=g\",\"url\":\"https:\\\/\\\/secure.gravatar.com\\\/avatar\\\/eed0dafe15853c848fa7aa47475b14c1975c1fdb204811bb8c23c2cc7e066847?s=96&d=mm&r=g\",\"contentUrl\":\"https:\\\/\\\/secure.gravatar.com\\\/avatar\\\/eed0dafe15853c848fa7aa47475b14c1975c1fdb204811bb8c23c2cc7e066847?s=96&d=mm&r=g\",\"caption\":\"Hudu Csaba\"},\"url\":\"http:\\\/\\\/szekacske.hu\\\/new\\\/author\\\/hcsaba\\\/\"}]}<\/script>\n<!-- \/ Yoast SEO plugin. -->","yoast_head_json":{"title":"NBII - Kezd\u0151dik a szezon - Sz\u00e9k\u00e1cs KE","robots":{"index":"index","follow":"follow","max-snippet":"max-snippet:-1","max-image-preview":"max-image-preview:large","max-video-preview":"max-video-preview:-1"},"canonical":"http:\/\/szekacske.hu\/new\/2025\/09\/13\/nbii-kezdodik-a-szezon\/","og_locale":"hu_HU","og_type":"article","og_title":"NBII - Kezd\u0151dik a szezon - Sz\u00e9k\u00e1cs KE","og_description":"V\u00e9get \u00e9rt a Sz\u00e9k\u00e1cs KE feln\u0151tt f\u00e9rfi k\u00e9zilabdacsapat\u00e1nak felk\u00e9sz\u00fcl\u00e9se a 2025\/2026-os szezonra.","og_url":"http:\/\/szekacske.hu\/new\/2025\/09\/13\/nbii-kezdodik-a-szezon\/","og_site_name":"Sz\u00e9k\u00e1cs KE","article_published_time":"2025-09-13T19:41:37+00:00","article_modified_time":"2025-09-13T19:46:25+00:00","og_image":[{"width":2560,"height":1339,"url":"http:\/\/szekacske.hu\/new\/wp-content\/uploads\/2025\/09\/szekacs-ke-start2-cikk-2-scaled.jpg","type":"image\/jpeg"}],"author":"Hudu Csaba","twitter_card":"summary_large_image","twitter_misc":{"Szerz\u0151:":"Hudu Csaba","Becs\u00fclt olvas\u00e1si id\u0151":"1 perc"},"schema":{"@context":"https:\/\/schema.org","@graph":[{"@type":"Article","@id":"http:\/\/szekacske.hu\/new\/2025\/09\/13\/nbii-kezdodik-a-szezon\/#article","isPartOf":{"@id":"http:\/\/szekacske.hu\/new\/2025\/09\/13\/nbii-kezdodik-a-szezon\/"},"author":{"name":"Hudu Csaba","@id":"https:\/\/szekacske.hu\/new\/#\/schema\/person\/1b98dcad88a429be1d6d889d1ceff05c"},"headline":"NBII &#8211; Kezd\u0151dik a szezon","datePublished":"2025-09-13T19:41:37+00:00","dateModified":"2025-09-13T19:46:25+00:00","mainEntityOfPage":{"@id":"http:\/\/szekacske.hu\/new\/2025\/09\/13\/nbii-kezdodik-a-szezon\/"},"wordCount":93,"commentCount":0,"image":{"@id":"http:\/\/szekacske.hu\/new\/2025\/09\/13\/nbii-kezdodik-a-szezon\/#primaryimage"},"thumbnailUrl":"http:\/\/szekacske.hu\/new\/wp-content\/uploads\/2025\/09\/szekacs-ke-start2-cikk-2-300x157.jpg","articleSection":["Feln\u0151tt","H\u00edrek"],"inLanguage":"hu","potentialAction":[{"@type":"CommentAction","name":"Comment","target":["http:\/\/szekacske.hu\/new\/2025\/09\/13\/nbii-kezdodik-a-szezon\/#respond"]}]},{"@type":"WebPage","@id":"http:\/\/szekacske.hu\/new\/2025\/09\/13\/nbii-kezdodik-a-szezon\/","url":"http:\/\/szekacske.hu\/new\/2025\/09\/13\/nbii-kezdodik-a-szezon\/","name":"NBII - Kezd\u0151dik a szezon - Sz\u00e9k\u00e1cs KE","isPartOf":{"@id":"https:\/\/szekacske.hu\/new\/#website"},"primaryImageOfPage":{"@id":"http:\/\/szekacske.hu\/new\/2025\/09\/13\/nbii-kezdodik-a-szezon\/#primaryimage"},"image":{"@id":"http:\/\/szekacske.hu\/new\/2025\/09\/13\/nbii-kezdodik-a-szezon\/#primaryimage"},"thumbnailUrl":"http:\/\/szekacske.hu\/new\/wp-content\/uploads\/2025\/09\/szekacs-ke-start2-cikk-2-300x157.jpg","datePublished":"2025-09-13T19:41:37+00:00","dateModified":"2025-09-13T19:46:25+00:00","author":{"@id":"https:\/\/szekacske.hu\/new\/#\/schema\/person\/1b98dcad88a429be1d6d889d1ceff05c"},"breadcrumb":{"@id":"http:\/\/szekacske.hu\/new\/2025\/09\/13\/nbii-kezdodik-a-szezon\/#breadcrumb"},"inLanguage":"hu","potentialAction":[{"@type":"ReadAction","target":["http:\/\/szekacske.hu\/new\/2025\/09\/13\/nbii-kezdodik-a-szezon\/"]}]},{"@type":"ImageObject","inLanguage":"hu","@id":"http:\/\/szekacske.hu\/new\/2025\/09\/13\/nbii-kezdodik-a-szezon\/#primaryimage","url":"http:\/\/szekacske.hu\/new\/wp-content\/uploads\/2025\/09\/szekacs-ke-start2-cikk-2-scaled.jpg","contentUrl":"http:\/\/szekacske.hu\/new\/wp-content\/uploads\/2025\/09\/szekacs-ke-start2-cikk-2-scaled.jpg","width":2560,"height":1339},{"@type":"BreadcrumbList","@id":"http:\/\/szekacske.hu\/new\/2025\/09\/13\/nbii-kezdodik-a-szezon\/#breadcrumb","itemListElement":[{"@type":"ListItem","position":1,"name":"Kezd\u0151lap","item":"https:\/\/szekacske.hu\/new\/"},{"@type":"ListItem","position":2,"name":"NBII &#8211; Kezd\u0151dik a szezon"}]},{"@type":"WebSite","@id":"https:\/\/szekacske.hu\/new\/#website","url":"https:\/\/szekacske.hu\/new\/","name":"Sz\u00e9k\u00e1cs KE","description":"T\u00f6r\u00f6kszentmikl\u00f3si Sz\u00e9k\u00e1cs KE hivatalos honlapja","potentialAction":[{"@type":"SearchAction","target":{"@type":"EntryPoint","urlTemplate":"https:\/\/szekacske.hu\/new\/?s={search_term_string}"},"query-input":{"@type":"PropertyValueSpecification","valueRequired":true,"valueName":"search_term_string"}}],"inLanguage":"hu"},{"@type":"Person","@id":"https:\/\/szekacske.hu\/new\/#\/schema\/person\/1b98dcad88a429be1d6d889d1ceff05c","name":"Hudu Csaba","image":{"@type":"ImageObject","inLanguage":"hu","@id":"https:\/\/secure.gravatar.com\/avatar\/eed0dafe15853c848fa7aa47475b14c1975c1fdb204811bb8c23c2cc7e066847?s=96&d=mm&r=g","url":"https:\/\/secure.gravatar.com\/avatar\/eed0dafe15853c848fa7aa47475b14c1975c1fdb204811bb8c23c2cc7e066847?s=96&d=mm&r=g","contentUrl":"https:\/\/secure.gravatar.com\/avatar\/eed0dafe15853c848fa7aa47475b14c1975c1fdb204811bb8c23c2cc7e066847?s=96&d=mm&r=g","caption":"Hudu Csaba"},"url":"http:\/\/szekacske.hu\/new\/author\/hcsaba\/"}]}},"_links":{"self":[{"href":"http:\/\/szekacske.hu\/new\/wp-json\/wp\/v2\/posts\/3463","targetHints":{"allow":["GET"]}}],"collection":[{"href":"http:\/\/szekacske.hu\/new\/wp-json\/wp\/v2\/posts"}],"about":[{"href":"http:\/\/szekacske.hu\/new\/wp-json\/wp\/v2\/types\/post"}],"author":[{"embeddable":true,"href":"http:\/\/szekacske.hu\/new\/wp-json\/wp\/v2\/users\/3"}],"replies":[{"embeddable":true,"href":"http:\/\/szekacske.hu\/new\/wp-json\/wp\/v2\/comments?post=3463"}],"version-history":[{"count":3,"href":"http:\/\/szekacske.hu\/new\/wp-json\/wp\/v2\/posts\/3463\/revisions"}],"predecessor-version":[{"id":3467,"href":"http:\/\/szekacske.hu\/new\/wp-json\/wp\/v2\/posts\/3463\/revisions\/3467"}],"wp:attachment":[{"href":"http:\/\/szekacske.hu\/new\/wp-json\/wp\/v2\/media?parent=3463"}],"wp:term":[{"taxonomy":"category","embeddable":true,"href":"http:\/\/szekacske.hu\/new\/wp-json\/wp\/v2\/categories?post=3463"},{"taxonomy":"post_tag","embeddable":true,"href":"http:\/\/szekacske.hu\/new\/wp-json\/wp\/v2\/tags?post=3463"}],"curies":[{"name":"wp","href":"https:\/\/api.w.org\/{rel}","templated":true}]}}