{"id":2877,"date":"2024-09-12T09:59:47","date_gmt":"2024-09-12T07:59:47","guid":{"rendered":"http:\/\/szekacske.hu\/new\/?p=2877"},"modified":"2024-09-12T10:06:46","modified_gmt":"2024-09-12T08:06:46","slug":"nbii-szloska-krisztian-cel-az-nbi-b","status":"publish","type":"post","link":"http:\/\/szekacske.hu\/new\/2024\/09\/12\/nbii-szloska-krisztian-cel-az-nbi-b\/","title":{"rendered":"NBII &#8211; Szloska Kriszti\u00e1n: &#8222;C\u00e9l az NBI\/B&#8221;"},"content":{"rendered":"<p><strong>A t\u00e9tm\u00e9rk\u0151z\u00e9s el\u0151tti utols\u00f3 het\u00e9re fordult a Sz\u00e9k\u00e1cs KE feln\u0151tt csapat\u00e1nak felk\u00e9sz\u00fcl\u00e9se a 2024\/2025-\u00f6s bajnoki id\u00e9nyre. J\u00f3n\u00e9h\u00e1ny \u00faj j\u00e1t\u00e9kossal, nagyrat\u00f6r\u0151 tervekkel indulnak az idei szezonban.<\/strong><\/p>\n<p><a href=\"http:\/\/szekacske.hu\/new\/wp-content\/uploads\/2024\/09\/Szekacs-indul-a-bajnoksag-cikk.jpg\"><img loading=\"lazy\" decoding=\"async\" class=\"alignnone wp-image-2878\" src=\"http:\/\/szekacske.hu\/new\/wp-content\/uploads\/2024\/09\/Szekacs-indul-a-bajnoksag-cikk-300x157.jpg\" alt=\"\" width=\"1024\" height=\"536\" srcset=\"http:\/\/szekacske.hu\/new\/wp-content\/uploads\/2024\/09\/Szekacs-indul-a-bajnoksag-cikk-300x157.jpg 300w, http:\/\/szekacske.hu\/new\/wp-content\/uploads\/2024\/09\/Szekacs-indul-a-bajnoksag-cikk-1024x536.jpg 1024w, http:\/\/szekacske.hu\/new\/wp-content\/uploads\/2024\/09\/Szekacs-indul-a-bajnoksag-cikk-150x79.jpg 150w, http:\/\/szekacske.hu\/new\/wp-content\/uploads\/2024\/09\/Szekacs-indul-a-bajnoksag-cikk-768x402.jpg 768w, http:\/\/szekacske.hu\/new\/wp-content\/uploads\/2024\/09\/Szekacs-indul-a-bajnoksag-cikk-1536x804.jpg 1536w, http:\/\/szekacske.hu\/new\/wp-content\/uploads\/2024\/09\/Szekacs-indul-a-bajnoksag-cikk-128x67.jpg 128w, http:\/\/szekacske.hu\/new\/wp-content\/uploads\/2024\/09\/Szekacs-indul-a-bajnoksag-cikk-32x17.jpg 32w, http:\/\/szekacske.hu\/new\/wp-content\/uploads\/2024\/09\/Szekacs-indul-a-bajnoksag-cikk.jpg 2048w\" sizes=\"auto, (max-width: 1024px) 100vw, 1024px\" \/><\/a><\/p>\n<p><iframe loading=\"lazy\" title=\"Komoly c\u00e9lokkal kezdi a bajnos\u00e1got Sz\u00e9k\u00e1cs KE-G\u00c9F-PRO\" width=\"620\" height=\"349\" src=\"https:\/\/www.youtube.com\/embed\/ea1b6Pj0jlU?feature=oembed\" frameborder=\"0\" allow=\"accelerometer; autoplay; clipboard-write; encrypted-media; gyroscope; picture-in-picture; web-share\" referrerpolicy=\"strict-origin-when-cross-origin\" allowfullscreen><\/iframe><\/p>\n<div class=\"sportspress\"><div class=\"sp-template sp-template-event-logos sp-template-event-blocks sp-template-event-logos-block\">\n\t<div class=\"sp-table-wrapper\">\n\t\t<table class=\"sp-event-blocks sp-data-table\" data-sp-rows=\"1\">\n\t\t\t<thead><tr><th><\/th><\/tr><\/thead> \t\t\t<tbody>\n\t\t\t\t<tr class=\"sp-row sp-post alternate\">\n\t\t\t\t\t<td>\n\t\t\t\t\t\t<a class=\"team-logo logo-odd\" href=\"http:\/\/szekacske.hu\/new\/team\/torokszentmiklosi-szekacs-ke\/\" title=\"T\u00f6r\u00f6kszentmikl\u00f3si Sz\u00e9k\u00e1cs KE G\u00c9F-PRO\"><img loading=\"lazy\" decoding=\"async\" width=\"125\" height=\"128\" src=\"http:\/\/szekacske.hu\/new\/wp-content\/uploads\/2019\/09\/szekacske-125x128.png\" class=\"attachment-sportspress-fit-icon size-sportspress-fit-icon wp-post-image\" alt=\"\" \/> <strong class=\"sp-team-name\">Sz\u00e9k\u00e1cs KE<\/strong><\/a><a class=\"team-logo logo-even\" href=\"http:\/\/szekacske.hu\/new\/team\/szolnoki-kcse\/\" title=\"Szolnoki KCSE\"><strong class=\"sp-team-name\">Szolnoki KCSE<\/strong> <img loading=\"lazy\" decoding=\"async\" width=\"92\" height=\"128\" src=\"http:\/\/szekacske.hu\/new\/wp-content\/uploads\/2021\/09\/Szolnoki-KCSE-92x128.png\" class=\"attachment-sportspress-fit-icon size-sportspress-fit-icon wp-post-image\" alt=\"\" \/><\/a>\t\t\t\t\t\t<time class=\"sp-event-date\" datetime=\"2024-09-13 19:30:04\">\n\t\t\t\t\t\t\t2024.09.13.\t\t\t\t\t\t<\/time>\n\t\t\t\t\t\t\t\t\t\t\t\t\t<h5 class=\"sp-event-results\">\n\t\t\t\t\t\t\t\t<span class=\"sp-result\">36<\/span> - <span class=\"sp-result\">23<\/span>\t\t\t\t\t\t\t<\/h5>\n\t\t\t\t\t\t\t\t\t\t\t\t\t<span class=\"sp-event-status\">\n\t\t\t\t\t\t\tV\u00c9GEREDM\u00c9NY\t\t\t\t\t\t<\/span>\n\t\t\t\t\t<\/td>\n\t\t\t\t<\/tr>\n\t\t\t<\/tbody>\n\t\t<\/table>\n\t<\/div>\n<\/div>\n<\/div>\n","protected":false},"excerpt":{"rendered":"<p>A t\u00e9tm\u00e9rk\u0151z\u00e9s el\u0151tti utols\u00f3 het\u00e9re fordult a Sz\u00e9k\u00e1cs KE feln\u0151tt csapat\u00e1nak felk\u00e9sz\u00fcl\u00e9se a 2024\/2025-\u00f6s bajnoki id\u00e9nyre. J\u00f3n\u00e9h\u00e1ny \u00faj j\u00e1t\u00e9kossal, nagyrat\u00f6r\u0151 tervekkel indulnak az idei szezonban.<\/p>\n","protected":false},"author":3,"featured_media":0,"comment_status":"open","ping_status":"open","sticky":false,"template":"","format":"standard","meta":{"footnotes":""},"categories":[31,24],"tags":[48],"class_list":["post-2877","post","type-post","status-publish","format-standard","hentry","category-felnott","category-hirek","tag-nbii"],"yoast_head":"<!-- This site is optimized with the Yoast SEO plugin v27.5 - https:\/\/yoast.com\/product\/yoast-seo-wordpress\/ -->\n<title>NBII - Szloska Kriszti\u00e1n: &quot;C\u00e9l az NBI\/B&quot; - Sz\u00e9k\u00e1cs KE<\/title>\n<meta name=\"robots\" content=\"index, follow, max-snippet:-1, max-image-preview:large, max-video-preview:-1\" \/>\n<link rel=\"canonical\" href=\"http:\/\/szekacske.hu\/new\/2024\/09\/12\/nbii-szloska-krisztian-cel-az-nbi-b\/\" \/>\n<meta property=\"og:locale\" content=\"hu_HU\" \/>\n<meta property=\"og:type\" content=\"article\" \/>\n<meta property=\"og:title\" content=\"NBII - Szloska Kriszti\u00e1n: &quot;C\u00e9l az NBI\/B&quot; - Sz\u00e9k\u00e1cs KE\" \/>\n<meta property=\"og:description\" content=\"A t\u00e9tm\u00e9rk\u0151z\u00e9s el\u0151tti utols\u00f3 het\u00e9re fordult a Sz\u00e9k\u00e1cs KE feln\u0151tt csapat\u00e1nak felk\u00e9sz\u00fcl\u00e9se a 2024\/2025-\u00f6s bajnoki id\u00e9nyre. J\u00f3n\u00e9h\u00e1ny \u00faj j\u00e1t\u00e9kossal, nagyrat\u00f6r\u0151 tervekkel indulnak az idei szezonban.\" \/>\n<meta property=\"og:url\" content=\"http:\/\/szekacske.hu\/new\/2024\/09\/12\/nbii-szloska-krisztian-cel-az-nbi-b\/\" \/>\n<meta property=\"og:site_name\" content=\"Sz\u00e9k\u00e1cs KE\" \/>\n<meta property=\"article:published_time\" content=\"2024-09-12T07:59:47+00:00\" \/>\n<meta property=\"article:modified_time\" content=\"2024-09-12T08:06:46+00:00\" \/>\n<meta property=\"og:image\" content=\"http:\/\/szekacske.hu\/new\/wp-content\/uploads\/2024\/09\/Szekacs-indul-a-bajnoksag-cikk.jpg\" \/>\n\t<meta property=\"og:image:width\" content=\"2048\" \/>\n\t<meta property=\"og:image:height\" content=\"1072\" \/>\n\t<meta property=\"og:image:type\" content=\"image\/jpeg\" \/>\n<meta name=\"author\" content=\"Hudu Csaba\" \/>\n<meta name=\"twitter:card\" content=\"summary_large_image\" \/>\n<meta name=\"twitter:label1\" content=\"Szerz\u0151:\" \/>\n\t<meta name=\"twitter:data1\" content=\"Hudu Csaba\" \/>\n\t<meta name=\"twitter:label2\" content=\"Becs\u00fclt olvas\u00e1si id\u0151\" \/>\n\t<meta name=\"twitter:data2\" content=\"1 perc\" \/>\n<script type=\"application\/ld+json\" class=\"yoast-schema-graph\">{\"@context\":\"https:\\\/\\\/schema.org\",\"@graph\":[{\"@type\":\"Article\",\"@id\":\"http:\\\/\\\/szekacske.hu\\\/new\\\/2024\\\/09\\\/12\\\/nbii-szloska-krisztian-cel-az-nbi-b\\\/#article\",\"isPartOf\":{\"@id\":\"http:\\\/\\\/szekacske.hu\\\/new\\\/2024\\\/09\\\/12\\\/nbii-szloska-krisztian-cel-az-nbi-b\\\/\"},\"author\":{\"name\":\"Hudu Csaba\",\"@id\":\"https:\\\/\\\/szekacske.hu\\\/new\\\/#\\\/schema\\\/person\\\/1b98dcad88a429be1d6d889d1ceff05c\"},\"headline\":\"NBII &#8211; Szloska Kriszti\u00e1n: &#8222;C\u00e9l az NBI\\\/B&#8221;\",\"datePublished\":\"2024-09-12T07:59:47+00:00\",\"dateModified\":\"2024-09-12T08:06:46+00:00\",\"mainEntityOfPage\":{\"@id\":\"http:\\\/\\\/szekacske.hu\\\/new\\\/2024\\\/09\\\/12\\\/nbii-szloska-krisztian-cel-az-nbi-b\\\/\"},\"wordCount\":65,\"commentCount\":0,\"image\":{\"@id\":\"http:\\\/\\\/szekacske.hu\\\/new\\\/2024\\\/09\\\/12\\\/nbii-szloska-krisztian-cel-az-nbi-b\\\/#primaryimage\"},\"thumbnailUrl\":\"http:\\\/\\\/szekacske.hu\\\/new\\\/wp-content\\\/uploads\\\/2024\\\/09\\\/Szekacs-indul-a-bajnoksag-cikk-300x157.jpg\",\"keywords\":[\"NBII\"],\"articleSection\":[\"Feln\u0151tt\",\"H\u00edrek\"],\"inLanguage\":\"hu\",\"potentialAction\":[{\"@type\":\"CommentAction\",\"name\":\"Comment\",\"target\":[\"http:\\\/\\\/szekacske.hu\\\/new\\\/2024\\\/09\\\/12\\\/nbii-szloska-krisztian-cel-az-nbi-b\\\/#respond\"]}]},{\"@type\":\"WebPage\",\"@id\":\"http:\\\/\\\/szekacske.hu\\\/new\\\/2024\\\/09\\\/12\\\/nbii-szloska-krisztian-cel-az-nbi-b\\\/\",\"url\":\"http:\\\/\\\/szekacske.hu\\\/new\\\/2024\\\/09\\\/12\\\/nbii-szloska-krisztian-cel-az-nbi-b\\\/\",\"name\":\"NBII - Szloska Kriszti\u00e1n: \\\"C\u00e9l az NBI\\\/B\\\" - Sz\u00e9k\u00e1cs KE\",\"isPartOf\":{\"@id\":\"https:\\\/\\\/szekacske.hu\\\/new\\\/#website\"},\"primaryImageOfPage\":{\"@id\":\"http:\\\/\\\/szekacske.hu\\\/new\\\/2024\\\/09\\\/12\\\/nbii-szloska-krisztian-cel-az-nbi-b\\\/#primaryimage\"},\"image\":{\"@id\":\"http:\\\/\\\/szekacske.hu\\\/new\\\/2024\\\/09\\\/12\\\/nbii-szloska-krisztian-cel-az-nbi-b\\\/#primaryimage\"},\"thumbnailUrl\":\"http:\\\/\\\/szekacske.hu\\\/new\\\/wp-content\\\/uploads\\\/2024\\\/09\\\/Szekacs-indul-a-bajnoksag-cikk-300x157.jpg\",\"datePublished\":\"2024-09-12T07:59:47+00:00\",\"dateModified\":\"2024-09-12T08:06:46+00:00\",\"author\":{\"@id\":\"https:\\\/\\\/szekacske.hu\\\/new\\\/#\\\/schema\\\/person\\\/1b98dcad88a429be1d6d889d1ceff05c\"},\"breadcrumb\":{\"@id\":\"http:\\\/\\\/szekacske.hu\\\/new\\\/2024\\\/09\\\/12\\\/nbii-szloska-krisztian-cel-az-nbi-b\\\/#breadcrumb\"},\"inLanguage\":\"hu\",\"potentialAction\":[{\"@type\":\"ReadAction\",\"target\":[\"http:\\\/\\\/szekacske.hu\\\/new\\\/2024\\\/09\\\/12\\\/nbii-szloska-krisztian-cel-az-nbi-b\\\/\"]}]},{\"@type\":\"ImageObject\",\"inLanguage\":\"hu\",\"@id\":\"http:\\\/\\\/szekacske.hu\\\/new\\\/2024\\\/09\\\/12\\\/nbii-szloska-krisztian-cel-az-nbi-b\\\/#primaryimage\",\"url\":\"http:\\\/\\\/szekacske.hu\\\/new\\\/wp-content\\\/uploads\\\/2024\\\/09\\\/Szekacs-indul-a-bajnoksag-cikk.jpg\",\"contentUrl\":\"http:\\\/\\\/szekacske.hu\\\/new\\\/wp-content\\\/uploads\\\/2024\\\/09\\\/Szekacs-indul-a-bajnoksag-cikk.jpg\",\"width\":2048,\"height\":1072},{\"@type\":\"BreadcrumbList\",\"@id\":\"http:\\\/\\\/szekacske.hu\\\/new\\\/2024\\\/09\\\/12\\\/nbii-szloska-krisztian-cel-az-nbi-b\\\/#breadcrumb\",\"itemListElement\":[{\"@type\":\"ListItem\",\"position\":1,\"name\":\"Kezd\u0151lap\",\"item\":\"https:\\\/\\\/szekacske.hu\\\/new\\\/\"},{\"@type\":\"ListItem\",\"position\":2,\"name\":\"NBII &#8211; Szloska Kriszti\u00e1n: &#8222;C\u00e9l az NBI\\\/B&#8221;\"}]},{\"@type\":\"WebSite\",\"@id\":\"https:\\\/\\\/szekacske.hu\\\/new\\\/#website\",\"url\":\"https:\\\/\\\/szekacske.hu\\\/new\\\/\",\"name\":\"Sz\u00e9k\u00e1cs KE\",\"description\":\"T\u00f6r\u00f6kszentmikl\u00f3si Sz\u00e9k\u00e1cs KE hivatalos honlapja\",\"potentialAction\":[{\"@type\":\"SearchAction\",\"target\":{\"@type\":\"EntryPoint\",\"urlTemplate\":\"https:\\\/\\\/szekacske.hu\\\/new\\\/?s={search_term_string}\"},\"query-input\":{\"@type\":\"PropertyValueSpecification\",\"valueRequired\":true,\"valueName\":\"search_term_string\"}}],\"inLanguage\":\"hu\"},{\"@type\":\"Person\",\"@id\":\"https:\\\/\\\/szekacske.hu\\\/new\\\/#\\\/schema\\\/person\\\/1b98dcad88a429be1d6d889d1ceff05c\",\"name\":\"Hudu Csaba\",\"image\":{\"@type\":\"ImageObject\",\"inLanguage\":\"hu\",\"@id\":\"https:\\\/\\\/secure.gravatar.com\\\/avatar\\\/eed0dafe15853c848fa7aa47475b14c1975c1fdb204811bb8c23c2cc7e066847?s=96&d=mm&r=g\",\"url\":\"https:\\\/\\\/secure.gravatar.com\\\/avatar\\\/eed0dafe15853c848fa7aa47475b14c1975c1fdb204811bb8c23c2cc7e066847?s=96&d=mm&r=g\",\"contentUrl\":\"https:\\\/\\\/secure.gravatar.com\\\/avatar\\\/eed0dafe15853c848fa7aa47475b14c1975c1fdb204811bb8c23c2cc7e066847?s=96&d=mm&r=g\",\"caption\":\"Hudu Csaba\"},\"url\":\"http:\\\/\\\/szekacske.hu\\\/new\\\/author\\\/hcsaba\\\/\"}]}<\/script>\n<!-- \/ Yoast SEO plugin. -->","yoast_head_json":{"title":"NBII - Szloska Kriszti\u00e1n: \"C\u00e9l az NBI\/B\" - Sz\u00e9k\u00e1cs KE","robots":{"index":"index","follow":"follow","max-snippet":"max-snippet:-1","max-image-preview":"max-image-preview:large","max-video-preview":"max-video-preview:-1"},"canonical":"http:\/\/szekacske.hu\/new\/2024\/09\/12\/nbii-szloska-krisztian-cel-az-nbi-b\/","og_locale":"hu_HU","og_type":"article","og_title":"NBII - Szloska Kriszti\u00e1n: \"C\u00e9l az NBI\/B\" - Sz\u00e9k\u00e1cs KE","og_description":"A t\u00e9tm\u00e9rk\u0151z\u00e9s el\u0151tti utols\u00f3 het\u00e9re fordult a Sz\u00e9k\u00e1cs KE feln\u0151tt csapat\u00e1nak felk\u00e9sz\u00fcl\u00e9se a 2024\/2025-\u00f6s bajnoki id\u00e9nyre. J\u00f3n\u00e9h\u00e1ny \u00faj j\u00e1t\u00e9kossal, nagyrat\u00f6r\u0151 tervekkel indulnak az idei szezonban.","og_url":"http:\/\/szekacske.hu\/new\/2024\/09\/12\/nbii-szloska-krisztian-cel-az-nbi-b\/","og_site_name":"Sz\u00e9k\u00e1cs KE","article_published_time":"2024-09-12T07:59:47+00:00","article_modified_time":"2024-09-12T08:06:46+00:00","og_image":[{"width":2048,"height":1072,"url":"http:\/\/szekacske.hu\/new\/wp-content\/uploads\/2024\/09\/Szekacs-indul-a-bajnoksag-cikk.jpg","type":"image\/jpeg"}],"author":"Hudu Csaba","twitter_card":"summary_large_image","twitter_misc":{"Szerz\u0151:":"Hudu Csaba","Becs\u00fclt olvas\u00e1si id\u0151":"1 perc"},"schema":{"@context":"https:\/\/schema.org","@graph":[{"@type":"Article","@id":"http:\/\/szekacske.hu\/new\/2024\/09\/12\/nbii-szloska-krisztian-cel-az-nbi-b\/#article","isPartOf":{"@id":"http:\/\/szekacske.hu\/new\/2024\/09\/12\/nbii-szloska-krisztian-cel-az-nbi-b\/"},"author":{"name":"Hudu Csaba","@id":"https:\/\/szekacske.hu\/new\/#\/schema\/person\/1b98dcad88a429be1d6d889d1ceff05c"},"headline":"NBII &#8211; Szloska Kriszti\u00e1n: &#8222;C\u00e9l az NBI\/B&#8221;","datePublished":"2024-09-12T07:59:47+00:00","dateModified":"2024-09-12T08:06:46+00:00","mainEntityOfPage":{"@id":"http:\/\/szekacske.hu\/new\/2024\/09\/12\/nbii-szloska-krisztian-cel-az-nbi-b\/"},"wordCount":65,"commentCount":0,"image":{"@id":"http:\/\/szekacske.hu\/new\/2024\/09\/12\/nbii-szloska-krisztian-cel-az-nbi-b\/#primaryimage"},"thumbnailUrl":"http:\/\/szekacske.hu\/new\/wp-content\/uploads\/2024\/09\/Szekacs-indul-a-bajnoksag-cikk-300x157.jpg","keywords":["NBII"],"articleSection":["Feln\u0151tt","H\u00edrek"],"inLanguage":"hu","potentialAction":[{"@type":"CommentAction","name":"Comment","target":["http:\/\/szekacske.hu\/new\/2024\/09\/12\/nbii-szloska-krisztian-cel-az-nbi-b\/#respond"]}]},{"@type":"WebPage","@id":"http:\/\/szekacske.hu\/new\/2024\/09\/12\/nbii-szloska-krisztian-cel-az-nbi-b\/","url":"http:\/\/szekacske.hu\/new\/2024\/09\/12\/nbii-szloska-krisztian-cel-az-nbi-b\/","name":"NBII - Szloska Kriszti\u00e1n: \"C\u00e9l az NBI\/B\" - Sz\u00e9k\u00e1cs KE","isPartOf":{"@id":"https:\/\/szekacske.hu\/new\/#website"},"primaryImageOfPage":{"@id":"http:\/\/szekacske.hu\/new\/2024\/09\/12\/nbii-szloska-krisztian-cel-az-nbi-b\/#primaryimage"},"image":{"@id":"http:\/\/szekacske.hu\/new\/2024\/09\/12\/nbii-szloska-krisztian-cel-az-nbi-b\/#primaryimage"},"thumbnailUrl":"http:\/\/szekacske.hu\/new\/wp-content\/uploads\/2024\/09\/Szekacs-indul-a-bajnoksag-cikk-300x157.jpg","datePublished":"2024-09-12T07:59:47+00:00","dateModified":"2024-09-12T08:06:46+00:00","author":{"@id":"https:\/\/szekacske.hu\/new\/#\/schema\/person\/1b98dcad88a429be1d6d889d1ceff05c"},"breadcrumb":{"@id":"http:\/\/szekacske.hu\/new\/2024\/09\/12\/nbii-szloska-krisztian-cel-az-nbi-b\/#breadcrumb"},"inLanguage":"hu","potentialAction":[{"@type":"ReadAction","target":["http:\/\/szekacske.hu\/new\/2024\/09\/12\/nbii-szloska-krisztian-cel-az-nbi-b\/"]}]},{"@type":"ImageObject","inLanguage":"hu","@id":"http:\/\/szekacske.hu\/new\/2024\/09\/12\/nbii-szloska-krisztian-cel-az-nbi-b\/#primaryimage","url":"http:\/\/szekacske.hu\/new\/wp-content\/uploads\/2024\/09\/Szekacs-indul-a-bajnoksag-cikk.jpg","contentUrl":"http:\/\/szekacske.hu\/new\/wp-content\/uploads\/2024\/09\/Szekacs-indul-a-bajnoksag-cikk.jpg","width":2048,"height":1072},{"@type":"BreadcrumbList","@id":"http:\/\/szekacske.hu\/new\/2024\/09\/12\/nbii-szloska-krisztian-cel-az-nbi-b\/#breadcrumb","itemListElement":[{"@type":"ListItem","position":1,"name":"Kezd\u0151lap","item":"https:\/\/szekacske.hu\/new\/"},{"@type":"ListItem","position":2,"name":"NBII &#8211; Szloska Kriszti\u00e1n: &#8222;C\u00e9l az NBI\/B&#8221;"}]},{"@type":"WebSite","@id":"https:\/\/szekacske.hu\/new\/#website","url":"https:\/\/szekacske.hu\/new\/","name":"Sz\u00e9k\u00e1cs KE","description":"T\u00f6r\u00f6kszentmikl\u00f3si Sz\u00e9k\u00e1cs KE hivatalos honlapja","potentialAction":[{"@type":"SearchAction","target":{"@type":"EntryPoint","urlTemplate":"https:\/\/szekacske.hu\/new\/?s={search_term_string}"},"query-input":{"@type":"PropertyValueSpecification","valueRequired":true,"valueName":"search_term_string"}}],"inLanguage":"hu"},{"@type":"Person","@id":"https:\/\/szekacske.hu\/new\/#\/schema\/person\/1b98dcad88a429be1d6d889d1ceff05c","name":"Hudu Csaba","image":{"@type":"ImageObject","inLanguage":"hu","@id":"https:\/\/secure.gravatar.com\/avatar\/eed0dafe15853c848fa7aa47475b14c1975c1fdb204811bb8c23c2cc7e066847?s=96&d=mm&r=g","url":"https:\/\/secure.gravatar.com\/avatar\/eed0dafe15853c848fa7aa47475b14c1975c1fdb204811bb8c23c2cc7e066847?s=96&d=mm&r=g","contentUrl":"https:\/\/secure.gravatar.com\/avatar\/eed0dafe15853c848fa7aa47475b14c1975c1fdb204811bb8c23c2cc7e066847?s=96&d=mm&r=g","caption":"Hudu Csaba"},"url":"http:\/\/szekacske.hu\/new\/author\/hcsaba\/"}]}},"_links":{"self":[{"href":"http:\/\/szekacske.hu\/new\/wp-json\/wp\/v2\/posts\/2877","targetHints":{"allow":["GET"]}}],"collection":[{"href":"http:\/\/szekacske.hu\/new\/wp-json\/wp\/v2\/posts"}],"about":[{"href":"http:\/\/szekacske.hu\/new\/wp-json\/wp\/v2\/types\/post"}],"author":[{"embeddable":true,"href":"http:\/\/szekacske.hu\/new\/wp-json\/wp\/v2\/users\/3"}],"replies":[{"embeddable":true,"href":"http:\/\/szekacske.hu\/new\/wp-json\/wp\/v2\/comments?post=2877"}],"version-history":[{"count":4,"href":"http:\/\/szekacske.hu\/new\/wp-json\/wp\/v2\/posts\/2877\/revisions"}],"predecessor-version":[{"id":2882,"href":"http:\/\/szekacske.hu\/new\/wp-json\/wp\/v2\/posts\/2877\/revisions\/2882"}],"wp:attachment":[{"href":"http:\/\/szekacske.hu\/new\/wp-json\/wp\/v2\/media?parent=2877"}],"wp:term":[{"taxonomy":"category","embeddable":true,"href":"http:\/\/szekacske.hu\/new\/wp-json\/wp\/v2\/categories?post=2877"},{"taxonomy":"post_tag","embeddable":true,"href":"http:\/\/szekacske.hu\/new\/wp-json\/wp\/v2\/tags?post=2877"}],"curies":[{"name":"wp","href":"https:\/\/api.w.org\/{rel}","templated":true}]}}