{"id":2752,"date":"2024-05-07T17:03:14","date_gmt":"2024-05-07T15:03:14","guid":{"rendered":"https:\/\/szekacske.hu\/new\/?p=2752"},"modified":"2024-05-07T17:03:14","modified_gmt":"2024-05-07T15:03:14","slug":"nbii-fontos-gyozelem-ujkigyoson","status":"publish","type":"post","link":"http:\/\/szekacske.hu\/new\/2024\/05\/07\/nbii-fontos-gyozelem-ujkigyoson\/","title":{"rendered":"NBII &#8211; Fontos gy\u0151zelem \u00dajk\u00edgy\u00f3son"},"content":{"rendered":"<div class=\"gmail_default\"><strong>D\u00f3cs, S\u00fct\u0151, Zsigmond \u00e9s Tak\u00e1cs n\u00e9lk\u00fcl utaztunk el \u00dajk\u00edgy\u00f3sra.<\/strong><\/p>\n<p>Sajnos a m\u00e9rk\u0151z\u00e9s eleje \u00e9s a folytat\u00e1s sem siker\u00fclt. Rengeteg ziccert hib\u00e1ztunk sz\u00e9lr\u0151l, a v\u00e9dekez\u00e9s sem volt megfelel\u0151. A f\u00e9lid\u0151 derek\u00e1n m\u00e1r \u00f6t g\u00f3llal vezetett a hazai csapat. Ennek t\u00fckr\u00e9ben az id\u0151k\u00e9r\u00e9s ut\u00e1n megpr\u00f3b\u00e1ltunk h\u00e9t a hat elleni j\u00e1t\u00e9kkal g\u00f3ler\u0151sebb\u00e9\u00a0v\u00e1lni, ami siker\u00fclt is. A f\u00e9lid\u0151re d\u00f6ntetlenre tudtuk hozni az eredm\u00e9nyt. A folytat\u00e1sban is ez a j\u00e1t\u00e9k sziszt\u00e9ma fek\u00fcdt nek\u00fcnk. Subicz be\u00e1ll\u00e1s\u00e1val a kapuban er\u0151s\u00f6dt\u00fcnk, labd\u00e1kat szerezt\u00fcnk \u00e9s taktikusan fel\u00e1llt fal ellen is g\u00f3lokat szerezt\u00fcnk. Gelley kiz\u00e1r\u00e1s\u00e1val a 45. percben\u00a0jelent\u0151s bajba ker\u00fclt\u00fcnk. A k\u00e9t ifj\u00fas\u00e1gi j\u00e1t\u00e9kos (Szikszay N\u00e1ndor \u00e9s Monoki K\u00e1roly) be\u00e1ll\u00edt\u00e1sa rizik\u00f3s volt, de sajnos nem maradt t\u00f6bb mez\u0151nyj\u00e1t\u00e9kosunk. A fiatalok nem voltak megillet\u0151dve, harcosan, fegyelmezetten j\u00e1tszottak. Az id\u0151sebb j\u00e1t\u00e9kosok pedig a sz\u00edv\u00fcket is kirakt\u00e1k\u00a0a p\u00e1ly\u00e1ra. A v\u00e9gj\u00e1t\u00e9kban rutinosan, taktikusan tudtuk lehozni a m\u00e9rk\u0151z\u00e9st. \u00cdgy egy g\u00f3llal fontos gy\u0151zelmet arattunk.<\/p><\/div>\n<blockquote>\n<div class=\"gmail_default\">\n<p>Szloska Kriszti\u00e1n edz\u0151: Tudtam, hogy neh\u00e9z lesz. Le a kalappal a csapat el\u0151tt. Kevesen voltunk, de mindenki nagyot k\u00fczd\u00f6tt. A k\u00e9t fiatal bebizony\u00edtotta, hogy lehet r\u00e1juk sz\u00e1m\u00edtani. Gratul\u00e1lok a csapatnak.<\/p><\/div>\n<\/blockquote>\n","protected":false},"excerpt":{"rendered":"<p>D\u00f3cs, S\u00fct\u0151, Zsigmond \u00e9s Tak\u00e1cs n\u00e9lk\u00fcl utaztunk el \u00dajk\u00edgy\u00f3sra. Sajnos a m\u00e9rk\u0151z\u00e9s eleje \u00e9s a folytat\u00e1s sem siker\u00fclt. Rengeteg ziccert hib\u00e1ztunk sz\u00e9lr\u0151l, a v\u00e9dekez\u00e9s sem volt megfelel\u0151. A f\u00e9lid\u0151 derek\u00e1n m\u00e1r \u00f6t g\u00f3llal vezetett a hazai csapat. Ennek t\u00fckr\u00e9ben az id\u0151k\u00e9r\u00e9s ut\u00e1n megpr\u00f3b\u00e1ltunk h\u00e9t a hat elleni j\u00e1t\u00e9kkal g\u00f3ler\u0151sebb\u00e9\u00a0v\u00e1lni, ami siker\u00fclt is. A f\u00e9lid\u0151re d\u00f6ntetlenre [&hellip;]<\/p>\n","protected":false},"author":3,"featured_media":0,"comment_status":"open","ping_status":"open","sticky":false,"template":"","format":"standard","meta":{"footnotes":""},"categories":[31,24],"tags":[48],"class_list":["post-2752","post","type-post","status-publish","format-standard","hentry","category-felnott","category-hirek","tag-nbii"],"yoast_head":"<!-- This site is optimized with the Yoast SEO plugin v27.5 - https:\/\/yoast.com\/product\/yoast-seo-wordpress\/ -->\n<title>NBII - Fontos gy\u0151zelem \u00dajk\u00edgy\u00f3son - Sz\u00e9k\u00e1cs KE<\/title>\n<meta name=\"robots\" content=\"index, follow, max-snippet:-1, max-image-preview:large, max-video-preview:-1\" \/>\n<link rel=\"canonical\" href=\"http:\/\/szekacske.hu\/new\/2024\/05\/07\/nbii-fontos-gyozelem-ujkigyoson\/\" \/>\n<meta property=\"og:locale\" content=\"hu_HU\" \/>\n<meta property=\"og:type\" content=\"article\" \/>\n<meta property=\"og:title\" content=\"NBII - Fontos gy\u0151zelem \u00dajk\u00edgy\u00f3son - Sz\u00e9k\u00e1cs KE\" \/>\n<meta property=\"og:description\" content=\"D\u00f3cs, S\u00fct\u0151, Zsigmond \u00e9s Tak\u00e1cs n\u00e9lk\u00fcl utaztunk el \u00dajk\u00edgy\u00f3sra. Sajnos a m\u00e9rk\u0151z\u00e9s eleje \u00e9s a folytat\u00e1s sem siker\u00fclt. Rengeteg ziccert hib\u00e1ztunk sz\u00e9lr\u0151l, a v\u00e9dekez\u00e9s sem volt megfelel\u0151. A f\u00e9lid\u0151 derek\u00e1n m\u00e1r \u00f6t g\u00f3llal vezetett a hazai csapat. Ennek t\u00fckr\u00e9ben az id\u0151k\u00e9r\u00e9s ut\u00e1n megpr\u00f3b\u00e1ltunk h\u00e9t a hat elleni j\u00e1t\u00e9kkal g\u00f3ler\u0151sebb\u00e9\u00a0v\u00e1lni, ami siker\u00fclt is. A f\u00e9lid\u0151re d\u00f6ntetlenre [&hellip;]\" \/>\n<meta property=\"og:url\" content=\"http:\/\/szekacske.hu\/new\/2024\/05\/07\/nbii-fontos-gyozelem-ujkigyoson\/\" \/>\n<meta property=\"og:site_name\" content=\"Sz\u00e9k\u00e1cs KE\" \/>\n<meta property=\"article:published_time\" content=\"2024-05-07T15:03:14+00:00\" \/>\n<meta property=\"og:image\" content=\"http:\/\/szekacske.hu\/new\/wp-content\/uploads\/2019\/09\/cropped-szekacske.png\" \/>\n\t<meta property=\"og:image:width\" content=\"512\" \/>\n\t<meta property=\"og:image:height\" content=\"512\" \/>\n\t<meta property=\"og:image:type\" content=\"image\/png\" \/>\n<meta name=\"author\" content=\"Hudu Csaba\" \/>\n<meta name=\"twitter:card\" content=\"summary_large_image\" \/>\n<meta name=\"twitter:label1\" content=\"Szerz\u0151:\" \/>\n\t<meta name=\"twitter:data1\" content=\"Hudu Csaba\" \/>\n\t<meta name=\"twitter:label2\" content=\"Becs\u00fclt olvas\u00e1si id\u0151\" \/>\n\t<meta name=\"twitter:data2\" content=\"1 perc\" \/>\n<script type=\"application\/ld+json\" class=\"yoast-schema-graph\">{\"@context\":\"https:\\\/\\\/schema.org\",\"@graph\":[{\"@type\":\"Article\",\"@id\":\"http:\\\/\\\/szekacske.hu\\\/new\\\/2024\\\/05\\\/07\\\/nbii-fontos-gyozelem-ujkigyoson\\\/#article\",\"isPartOf\":{\"@id\":\"http:\\\/\\\/szekacske.hu\\\/new\\\/2024\\\/05\\\/07\\\/nbii-fontos-gyozelem-ujkigyoson\\\/\"},\"author\":{\"name\":\"Hudu Csaba\",\"@id\":\"https:\\\/\\\/szekacske.hu\\\/new\\\/#\\\/schema\\\/person\\\/1b98dcad88a429be1d6d889d1ceff05c\"},\"headline\":\"NBII &#8211; Fontos gy\u0151zelem \u00dajk\u00edgy\u00f3son\",\"datePublished\":\"2024-05-07T15:03:14+00:00\",\"mainEntityOfPage\":{\"@id\":\"http:\\\/\\\/szekacske.hu\\\/new\\\/2024\\\/05\\\/07\\\/nbii-fontos-gyozelem-ujkigyoson\\\/\"},\"wordCount\":286,\"commentCount\":0,\"keywords\":[\"NBII\"],\"articleSection\":[\"Feln\u0151tt\",\"H\u00edrek\"],\"inLanguage\":\"hu\",\"potentialAction\":[{\"@type\":\"CommentAction\",\"name\":\"Comment\",\"target\":[\"http:\\\/\\\/szekacske.hu\\\/new\\\/2024\\\/05\\\/07\\\/nbii-fontos-gyozelem-ujkigyoson\\\/#respond\"]}]},{\"@type\":\"WebPage\",\"@id\":\"http:\\\/\\\/szekacske.hu\\\/new\\\/2024\\\/05\\\/07\\\/nbii-fontos-gyozelem-ujkigyoson\\\/\",\"url\":\"http:\\\/\\\/szekacske.hu\\\/new\\\/2024\\\/05\\\/07\\\/nbii-fontos-gyozelem-ujkigyoson\\\/\",\"name\":\"NBII - Fontos gy\u0151zelem \u00dajk\u00edgy\u00f3son - Sz\u00e9k\u00e1cs KE\",\"isPartOf\":{\"@id\":\"https:\\\/\\\/szekacske.hu\\\/new\\\/#website\"},\"datePublished\":\"2024-05-07T15:03:14+00:00\",\"author\":{\"@id\":\"https:\\\/\\\/szekacske.hu\\\/new\\\/#\\\/schema\\\/person\\\/1b98dcad88a429be1d6d889d1ceff05c\"},\"breadcrumb\":{\"@id\":\"http:\\\/\\\/szekacske.hu\\\/new\\\/2024\\\/05\\\/07\\\/nbii-fontos-gyozelem-ujkigyoson\\\/#breadcrumb\"},\"inLanguage\":\"hu\",\"potentialAction\":[{\"@type\":\"ReadAction\",\"target\":[\"http:\\\/\\\/szekacske.hu\\\/new\\\/2024\\\/05\\\/07\\\/nbii-fontos-gyozelem-ujkigyoson\\\/\"]}]},{\"@type\":\"BreadcrumbList\",\"@id\":\"http:\\\/\\\/szekacske.hu\\\/new\\\/2024\\\/05\\\/07\\\/nbii-fontos-gyozelem-ujkigyoson\\\/#breadcrumb\",\"itemListElement\":[{\"@type\":\"ListItem\",\"position\":1,\"name\":\"Kezd\u0151lap\",\"item\":\"https:\\\/\\\/szekacske.hu\\\/new\\\/\"},{\"@type\":\"ListItem\",\"position\":2,\"name\":\"NBII &#8211; Fontos gy\u0151zelem \u00dajk\u00edgy\u00f3son\"}]},{\"@type\":\"WebSite\",\"@id\":\"https:\\\/\\\/szekacske.hu\\\/new\\\/#website\",\"url\":\"https:\\\/\\\/szekacske.hu\\\/new\\\/\",\"name\":\"Sz\u00e9k\u00e1cs KE\",\"description\":\"T\u00f6r\u00f6kszentmikl\u00f3si Sz\u00e9k\u00e1cs KE hivatalos honlapja\",\"potentialAction\":[{\"@type\":\"SearchAction\",\"target\":{\"@type\":\"EntryPoint\",\"urlTemplate\":\"https:\\\/\\\/szekacske.hu\\\/new\\\/?s={search_term_string}\"},\"query-input\":{\"@type\":\"PropertyValueSpecification\",\"valueRequired\":true,\"valueName\":\"search_term_string\"}}],\"inLanguage\":\"hu\"},{\"@type\":\"Person\",\"@id\":\"https:\\\/\\\/szekacske.hu\\\/new\\\/#\\\/schema\\\/person\\\/1b98dcad88a429be1d6d889d1ceff05c\",\"name\":\"Hudu Csaba\",\"image\":{\"@type\":\"ImageObject\",\"inLanguage\":\"hu\",\"@id\":\"https:\\\/\\\/secure.gravatar.com\\\/avatar\\\/eed0dafe15853c848fa7aa47475b14c1975c1fdb204811bb8c23c2cc7e066847?s=96&d=mm&r=g\",\"url\":\"https:\\\/\\\/secure.gravatar.com\\\/avatar\\\/eed0dafe15853c848fa7aa47475b14c1975c1fdb204811bb8c23c2cc7e066847?s=96&d=mm&r=g\",\"contentUrl\":\"https:\\\/\\\/secure.gravatar.com\\\/avatar\\\/eed0dafe15853c848fa7aa47475b14c1975c1fdb204811bb8c23c2cc7e066847?s=96&d=mm&r=g\",\"caption\":\"Hudu Csaba\"},\"url\":\"http:\\\/\\\/szekacske.hu\\\/new\\\/author\\\/hcsaba\\\/\"}]}<\/script>\n<!-- \/ Yoast SEO plugin. -->","yoast_head_json":{"title":"NBII - Fontos gy\u0151zelem \u00dajk\u00edgy\u00f3son - Sz\u00e9k\u00e1cs KE","robots":{"index":"index","follow":"follow","max-snippet":"max-snippet:-1","max-image-preview":"max-image-preview:large","max-video-preview":"max-video-preview:-1"},"canonical":"http:\/\/szekacske.hu\/new\/2024\/05\/07\/nbii-fontos-gyozelem-ujkigyoson\/","og_locale":"hu_HU","og_type":"article","og_title":"NBII - Fontos gy\u0151zelem \u00dajk\u00edgy\u00f3son - Sz\u00e9k\u00e1cs KE","og_description":"D\u00f3cs, S\u00fct\u0151, Zsigmond \u00e9s Tak\u00e1cs n\u00e9lk\u00fcl utaztunk el \u00dajk\u00edgy\u00f3sra. Sajnos a m\u00e9rk\u0151z\u00e9s eleje \u00e9s a folytat\u00e1s sem siker\u00fclt. Rengeteg ziccert hib\u00e1ztunk sz\u00e9lr\u0151l, a v\u00e9dekez\u00e9s sem volt megfelel\u0151. A f\u00e9lid\u0151 derek\u00e1n m\u00e1r \u00f6t g\u00f3llal vezetett a hazai csapat. Ennek t\u00fckr\u00e9ben az id\u0151k\u00e9r\u00e9s ut\u00e1n megpr\u00f3b\u00e1ltunk h\u00e9t a hat elleni j\u00e1t\u00e9kkal g\u00f3ler\u0151sebb\u00e9\u00a0v\u00e1lni, ami siker\u00fclt is. A f\u00e9lid\u0151re d\u00f6ntetlenre [&hellip;]","og_url":"http:\/\/szekacske.hu\/new\/2024\/05\/07\/nbii-fontos-gyozelem-ujkigyoson\/","og_site_name":"Sz\u00e9k\u00e1cs KE","article_published_time":"2024-05-07T15:03:14+00:00","og_image":[{"width":512,"height":512,"url":"http:\/\/szekacske.hu\/new\/wp-content\/uploads\/2019\/09\/cropped-szekacske.png","type":"image\/png"}],"author":"Hudu Csaba","twitter_card":"summary_large_image","twitter_misc":{"Szerz\u0151:":"Hudu Csaba","Becs\u00fclt olvas\u00e1si id\u0151":"1 perc"},"schema":{"@context":"https:\/\/schema.org","@graph":[{"@type":"Article","@id":"http:\/\/szekacske.hu\/new\/2024\/05\/07\/nbii-fontos-gyozelem-ujkigyoson\/#article","isPartOf":{"@id":"http:\/\/szekacske.hu\/new\/2024\/05\/07\/nbii-fontos-gyozelem-ujkigyoson\/"},"author":{"name":"Hudu Csaba","@id":"https:\/\/szekacske.hu\/new\/#\/schema\/person\/1b98dcad88a429be1d6d889d1ceff05c"},"headline":"NBII &#8211; Fontos gy\u0151zelem \u00dajk\u00edgy\u00f3son","datePublished":"2024-05-07T15:03:14+00:00","mainEntityOfPage":{"@id":"http:\/\/szekacske.hu\/new\/2024\/05\/07\/nbii-fontos-gyozelem-ujkigyoson\/"},"wordCount":286,"commentCount":0,"keywords":["NBII"],"articleSection":["Feln\u0151tt","H\u00edrek"],"inLanguage":"hu","potentialAction":[{"@type":"CommentAction","name":"Comment","target":["http:\/\/szekacske.hu\/new\/2024\/05\/07\/nbii-fontos-gyozelem-ujkigyoson\/#respond"]}]},{"@type":"WebPage","@id":"http:\/\/szekacske.hu\/new\/2024\/05\/07\/nbii-fontos-gyozelem-ujkigyoson\/","url":"http:\/\/szekacske.hu\/new\/2024\/05\/07\/nbii-fontos-gyozelem-ujkigyoson\/","name":"NBII - Fontos gy\u0151zelem \u00dajk\u00edgy\u00f3son - Sz\u00e9k\u00e1cs KE","isPartOf":{"@id":"https:\/\/szekacske.hu\/new\/#website"},"datePublished":"2024-05-07T15:03:14+00:00","author":{"@id":"https:\/\/szekacske.hu\/new\/#\/schema\/person\/1b98dcad88a429be1d6d889d1ceff05c"},"breadcrumb":{"@id":"http:\/\/szekacske.hu\/new\/2024\/05\/07\/nbii-fontos-gyozelem-ujkigyoson\/#breadcrumb"},"inLanguage":"hu","potentialAction":[{"@type":"ReadAction","target":["http:\/\/szekacske.hu\/new\/2024\/05\/07\/nbii-fontos-gyozelem-ujkigyoson\/"]}]},{"@type":"BreadcrumbList","@id":"http:\/\/szekacske.hu\/new\/2024\/05\/07\/nbii-fontos-gyozelem-ujkigyoson\/#breadcrumb","itemListElement":[{"@type":"ListItem","position":1,"name":"Kezd\u0151lap","item":"https:\/\/szekacske.hu\/new\/"},{"@type":"ListItem","position":2,"name":"NBII &#8211; Fontos gy\u0151zelem \u00dajk\u00edgy\u00f3son"}]},{"@type":"WebSite","@id":"https:\/\/szekacske.hu\/new\/#website","url":"https:\/\/szekacske.hu\/new\/","name":"Sz\u00e9k\u00e1cs KE","description":"T\u00f6r\u00f6kszentmikl\u00f3si Sz\u00e9k\u00e1cs KE hivatalos honlapja","potentialAction":[{"@type":"SearchAction","target":{"@type":"EntryPoint","urlTemplate":"https:\/\/szekacske.hu\/new\/?s={search_term_string}"},"query-input":{"@type":"PropertyValueSpecification","valueRequired":true,"valueName":"search_term_string"}}],"inLanguage":"hu"},{"@type":"Person","@id":"https:\/\/szekacske.hu\/new\/#\/schema\/person\/1b98dcad88a429be1d6d889d1ceff05c","name":"Hudu Csaba","image":{"@type":"ImageObject","inLanguage":"hu","@id":"https:\/\/secure.gravatar.com\/avatar\/eed0dafe15853c848fa7aa47475b14c1975c1fdb204811bb8c23c2cc7e066847?s=96&d=mm&r=g","url":"https:\/\/secure.gravatar.com\/avatar\/eed0dafe15853c848fa7aa47475b14c1975c1fdb204811bb8c23c2cc7e066847?s=96&d=mm&r=g","contentUrl":"https:\/\/secure.gravatar.com\/avatar\/eed0dafe15853c848fa7aa47475b14c1975c1fdb204811bb8c23c2cc7e066847?s=96&d=mm&r=g","caption":"Hudu Csaba"},"url":"http:\/\/szekacske.hu\/new\/author\/hcsaba\/"}]}},"_links":{"self":[{"href":"http:\/\/szekacske.hu\/new\/wp-json\/wp\/v2\/posts\/2752","targetHints":{"allow":["GET"]}}],"collection":[{"href":"http:\/\/szekacske.hu\/new\/wp-json\/wp\/v2\/posts"}],"about":[{"href":"http:\/\/szekacske.hu\/new\/wp-json\/wp\/v2\/types\/post"}],"author":[{"embeddable":true,"href":"http:\/\/szekacske.hu\/new\/wp-json\/wp\/v2\/users\/3"}],"replies":[{"embeddable":true,"href":"http:\/\/szekacske.hu\/new\/wp-json\/wp\/v2\/comments?post=2752"}],"version-history":[{"count":1,"href":"http:\/\/szekacske.hu\/new\/wp-json\/wp\/v2\/posts\/2752\/revisions"}],"predecessor-version":[{"id":2753,"href":"http:\/\/szekacske.hu\/new\/wp-json\/wp\/v2\/posts\/2752\/revisions\/2753"}],"wp:attachment":[{"href":"http:\/\/szekacske.hu\/new\/wp-json\/wp\/v2\/media?parent=2752"}],"wp:term":[{"taxonomy":"category","embeddable":true,"href":"http:\/\/szekacske.hu\/new\/wp-json\/wp\/v2\/categories?post=2752"},{"taxonomy":"post_tag","embeddable":true,"href":"http:\/\/szekacske.hu\/new\/wp-json\/wp\/v2\/tags?post=2752"}],"curies":[{"name":"wp","href":"https:\/\/api.w.org\/{rel}","templated":true}]}}